{"id":72947,"date":"2025-10-16T00:22:49","date_gmt":"2025-10-16T06:22:49","guid":{"rendered":"https:\/\/politicosaldesnudo.com.mx\/?p=72947"},"modified":"2025-10-16T00:22:49","modified_gmt":"2025-10-16T06:22:49","slug":"durango-paro-de-transportistas-en-obras-de-la-presa-tunal-ii-cumple-dos-semanas","status":"publish","type":"post","link":"https:\/\/politicosaldesnudo.com.mx\/index.php\/2025\/10\/16\/durango-paro-de-transportistas-en-obras-de-la-presa-tunal-ii-cumple-dos-semanas\/","title":{"rendered":"Durango: paro de transportistas en obras de la presa Tunal II cumple dos semanas"},"content":{"rendered":"<p class=\"nota-justify\">En Durango se cumplen ya dos semanas de bloqueo en los trabajos de construcci\u00f3n de la presa Tunal II. Los transportistas de carga pesada insisten en que deben ser contratados por la empresa ganadora de la licitaci\u00f3n para realizar el movimiento de materiales.<\/p>\n<p class=\"nota-justify\">Roberto Delgado Gallegos, director de la Comisi\u00f3n Nacional del Agua (Conagua) en Durango, inform\u00f3 que el bloqueo comenz\u00f3 cuando tres sindicatos de transportistas de materiales advirtieron que no permitir\u00e1n el acceso a la obra mientras la empresa ICA, responsable del proyecto, no los contrate.<\/p>\n<p class=\"nota-justify\">Las mesas de di\u00e1logo entre los transportistas y la empresa han sido encabezadas por la Secretar\u00eda General de Gobierno del Estado, donde el tema se ha mantenido por m\u00e1s de una semana sin que hasta el momento se logre una soluci\u00f3n.<\/p>\n<p class=\"nota-justify\">\u201cEsperamos que para finales de esta semana se pueda liberar el acceso al \u00e1rea donde se construir\u00e1 la presa, pues ya existe un retraso en los trabajos preliminares, como el arreglo de caminos y el traslado de maquinaria pesada\u201d, se\u00f1al\u00f3 Delgado Gallegos.<\/p>\n<p class=\"nota-justify\">Mientras tanto, precis\u00f3 que se avanza en otros frentes, como el cambio de uso de suelo y la manifestaci\u00f3n de impacto ambiental. Tambi\u00e9n se trabaja en la liberaci\u00f3n de predios y la regularizaci\u00f3n de la tenencia de la tierra.<\/p>\n<p class=\"nota-justify\">El titular de la Conagua explic\u00f3 que, aunque la mayor parte de los terrenos son federales, existen parcelas ejidales cuyos propietarios ya dieron su autorizaci\u00f3n para liberar las \u00e1reas necesarias.<\/p>\n<p class=\"nota-justify\">Pese al bloqueo, con la maquinaria que alcanz\u00f3 a ingresar antes de la protesta se ha logrado rehabilitar 7.5 kil\u00f3metros de terracer\u00eda que eran intransitables.<\/p>\n<p class=\"nota-justify\">Adem\u00e1s, contin\u00faan los estudios topogr\u00e1ficos en espera de que se resuelva el conflicto con los transportistas para poder ingresar el resto de la maquinaria y evitar mayores retrasos.<\/p>\n<p class=\"nota-justify\">\u201cUn retraso de una semana se puede recuperar f\u00e1cilmente, pero si esto contin\u00faa, ya estar\u00edamos hablando de un riesgo en el cronograma de obra\u201d, advirti\u00f3 el funcionario federal.<\/p>\n<p class=\"nota-justify\">Por el momento, la empresa ICA mantiene la fecha de entrega de la presa para el 10 de diciembre de 2027, tal como se estableci\u00f3 en el contrato de licitaci\u00f3n\u00a0y el costo de la obra es de aproximadamente cuatro mil 500 millones de pesos.<\/p>\n<p class=\"nota-justify\">La presa Tunal II contar\u00e1 con una cortina de 100 metros de altura y una base de 87 metros.<\/p>\n<p class=\"nota-justify\">Su embalse tendr\u00e1 capacidad para almacenar 130 millones de metros c\u00fabicos de agua, que, junto con la presa Guadalupe Victoria, abastecer\u00e1n la planta potabilizadora que suministrar\u00e1 agua a toda la ciudad de Durango. Con ello, se prev\u00e9 dejar de utilizar los 97 pozos subterr\u00e1neos que actualmente extraen el vital l\u00edquido del subsuelo.<\/p>\n","protected":false},"excerpt":{"rendered":"<p>En Durango se cumplen ya dos semanas de bloqueo en los trabajos de construcci\u00f3n de la presa Tunal II. Los<\/p>\n","protected":false},"author":4,"featured_media":72948,"comment_status":"closed","ping_status":"closed","sticky":false,"template":"","format":"standard","meta":{"colormag_page_container_layout":"default_layout","colormag_page_sidebar_layout":"default_layout","_jetpack_memberships_contains_paid_content":false,"footnotes":"","jetpack_publicize_message":"","jetpack_publicize_feature_enabled":true,"jetpack_social_post_already_shared":true,"jetpack_social_options":{"image_generator_settings":{"template":"highway","default_image_id":0,"font":"","enabled":false},"version":2}},"categories":[30],"tags":[],"class_list":["post-72947","post","type-post","status-publish","format-standard","has-post-thumbnail","hentry","category-estados"],"jetpack_publicize_connections":[],"jetpack_featured_media_url":"https:\/\/i0.wp.com\/politicosaldesnudo.com.mx\/wp-content\/uploads\/2025\/10\/DURN.jpg?fit=768%2C511&ssl=1","jetpack-related-posts":[],"jetpack_sharing_enabled":true,"_links":{"self":[{"href":"https:\/\/politicosaldesnudo.com.mx\/index.php\/wp-json\/wp\/v2\/posts\/72947","targetHints":{"allow":["GET"]}}],"collection":[{"href":"https:\/\/politicosaldesnudo.com.mx\/index.php\/wp-json\/wp\/v2\/posts"}],"about":[{"href":"https:\/\/politicosaldesnudo.com.mx\/index.php\/wp-json\/wp\/v2\/types\/post"}],"author":[{"embeddable":true,"href":"https:\/\/politicosaldesnudo.com.mx\/index.php\/wp-json\/wp\/v2\/users\/4"}],"replies":[{"embeddable":true,"href":"https:\/\/politicosaldesnudo.com.mx\/index.php\/wp-json\/wp\/v2\/comments?post=72947"}],"version-history":[{"count":0,"href":"https:\/\/politicosaldesnudo.com.mx\/index.php\/wp-json\/wp\/v2\/posts\/72947\/revisions"}],"wp:featuredmedia":[{"embeddable":true,"href":"https:\/\/politicosaldesnudo.com.mx\/index.php\/wp-json\/wp\/v2\/media\/72948"}],"wp:attachment":[{"href":"https:\/\/politicosaldesnudo.com.mx\/index.php\/wp-json\/wp\/v2\/media?parent=72947"}],"wp:term":[{"taxonomy":"category","embeddable":true,"href":"https:\/\/politicosaldesnudo.com.mx\/index.php\/wp-json\/wp\/v2\/categories?post=72947"},{"taxonomy":"post_tag","embeddable":true,"href":"https:\/\/politicosaldesnudo.com.mx\/index.php\/wp-json\/wp\/v2\/tags?post=72947"}],"curies":[{"name":"wp","href":"https:\/\/api.w.org\/{rel}","templated":true}]}}