{"id":73025,"date":"2025-10-17T00:18:25","date_gmt":"2025-10-17T06:18:25","guid":{"rendered":"https:\/\/politicosaldesnudo.com.mx\/?p=73025"},"modified":"2025-10-17T00:18:25","modified_gmt":"2025-10-17T06:18:25","slug":"israel-bloquea-el-acceso-de-los-equipos-de-rescate-turcos-a-gaza","status":"publish","type":"post","link":"https:\/\/politicosaldesnudo.com.mx\/index.php\/2025\/10\/17\/israel-bloquea-el-acceso-de-los-equipos-de-rescate-turcos-a-gaza\/","title":{"rendered":"Israel bloquea el acceso de los equipos de rescate turcos a Gaza"},"content":{"rendered":"<p class=\"nota-justify\">Israel declar\u00f3 que seguir\u00e1 neg\u00e1ndose a permitir que una delegaci\u00f3n turca de 81 efectivos de rescate y equipo pesado entre a la franja de Gaza hasta que Hamas devuelva todos los restos de los rehenes fallecidos, de acuerdo con un funcionario israel\u00ed, inform\u00f3 The Jerusalem Post este jueves.<\/p>\n<p class=\"nota-justify\">El primer ministro israel\u00ed, Benjamin Netanyahu, convoc\u00f3 a altos funcionarios de seguridad para discutir la negativa de Hamas a devolver los cuerpos de los ca\u00eddos y la pr\u00f3xima fase del plan del presidente Donald Trump.<\/p>\n<p class=\"nota-justify\">\u201cHay un grupo de cad\u00e1veres de rehenes que Hamas puede devolver ahora mismo\u2026 otro grupo cuya ubicaci\u00f3n conocen, pero necesitan equipo y asistencia para recuperarlos\u201d, asegur\u00f3 otra fuente. \u201cY hay algunos cad\u00e1veres que realmente desconocen\u201d.<\/p>\n<p class=\"nota-justify\">El ministro de Asuntos Exteriores, Gideon Sa&#8217;ar, afirm\u00f3: \u201cSabemos con certeza que Ham\u00e1s puede liberar f\u00e1cilmente a un n\u00famero significativo de rehenes de conformidad con el acuerdo. Lo que est\u00e1n haciendo ahora constituye una violaci\u00f3n fundamental de dicho acuerdo\u201d.<\/p>\n<p class=\"nota-justify\">En los pr\u00f3ximos d\u00edas, se espera que altos funcionarios estadunidenses, europeos y \u00e1rabes se re\u00fanan en Egipto para discutir el plan, de acuerdo con dos fuentes familiarizadas con los detalles .<\/p>\n","protected":false},"excerpt":{"rendered":"<p>Israel declar\u00f3 que seguir\u00e1 neg\u00e1ndose a permitir que una delegaci\u00f3n turca de 81 efectivos de rescate y equipo pesado entre<\/p>\n","protected":false},"author":4,"featured_media":73026,"comment_status":"closed","ping_status":"closed","sticky":false,"template":"","format":"standard","meta":{"colormag_page_container_layout":"default_layout","colormag_page_sidebar_layout":"default_layout","_jetpack_memberships_contains_paid_content":false,"footnotes":"","jetpack_publicize_message":"","jetpack_publicize_feature_enabled":true,"jetpack_social_post_already_shared":true,"jetpack_social_options":{"image_generator_settings":{"template":"highway","default_image_id":0,"font":"","enabled":false},"version":2}},"categories":[28],"tags":[],"class_list":["post-73025","post","type-post","status-publish","format-standard","has-post-thumbnail","hentry","category-internacional"],"jetpack_publicize_connections":[],"jetpack_featured_media_url":"https:\/\/i0.wp.com\/politicosaldesnudo.com.mx\/wp-content\/uploads\/2025\/10\/SIG.jpg?fit=701%2C509&ssl=1","jetpack-related-posts":[],"jetpack_sharing_enabled":true,"_links":{"self":[{"href":"https:\/\/politicosaldesnudo.com.mx\/index.php\/wp-json\/wp\/v2\/posts\/73025","targetHints":{"allow":["GET"]}}],"collection":[{"href":"https:\/\/politicosaldesnudo.com.mx\/index.php\/wp-json\/wp\/v2\/posts"}],"about":[{"href":"https:\/\/politicosaldesnudo.com.mx\/index.php\/wp-json\/wp\/v2\/types\/post"}],"author":[{"embeddable":true,"href":"https:\/\/politicosaldesnudo.com.mx\/index.php\/wp-json\/wp\/v2\/users\/4"}],"replies":[{"embeddable":true,"href":"https:\/\/politicosaldesnudo.com.mx\/index.php\/wp-json\/wp\/v2\/comments?post=73025"}],"version-history":[{"count":0,"href":"https:\/\/politicosaldesnudo.com.mx\/index.php\/wp-json\/wp\/v2\/posts\/73025\/revisions"}],"wp:featuredmedia":[{"embeddable":true,"href":"https:\/\/politicosaldesnudo.com.mx\/index.php\/wp-json\/wp\/v2\/media\/73026"}],"wp:attachment":[{"href":"https:\/\/politicosaldesnudo.com.mx\/index.php\/wp-json\/wp\/v2\/media?parent=73025"}],"wp:term":[{"taxonomy":"category","embeddable":true,"href":"https:\/\/politicosaldesnudo.com.mx\/index.php\/wp-json\/wp\/v2\/categories?post=73025"},{"taxonomy":"post_tag","embeddable":true,"href":"https:\/\/politicosaldesnudo.com.mx\/index.php\/wp-json\/wp\/v2\/tags?post=73025"}],"curies":[{"name":"wp","href":"https:\/\/api.w.org\/{rel}","templated":true}]}}