{"id":73037,"date":"2025-10-17T00:36:54","date_gmt":"2025-10-17T06:36:54","guid":{"rendered":"https:\/\/politicosaldesnudo.com.mx\/?p=73037"},"modified":"2025-10-17T00:36:54","modified_gmt":"2025-10-17T06:36:54","slug":"la-otra-tormenta","status":"publish","type":"post","link":"https:\/\/politicosaldesnudo.com.mx\/index.php\/2025\/10\/17\/la-otra-tormenta\/","title":{"rendered":"\u201cLa otra tormenta\u201d"},"content":{"rendered":"<p style=\"font-weight: 400;\"><em>\u201cAunque averg\u00fcence decirlo, s\u00f3lo pensamos en la virtud cuando no tenemos otra cosa que hacer\u201d. \u2013 Lucio Anneo S\u00e9neca.<\/em><\/p>\n<p style=\"font-weight: 400;\"><strong>\u00a0<\/strong><\/p>\n<p style=\"font-weight: 400;\"><strong>Hay una frontera muy delgada entre el ejercicio period\u00edstico y la explotaci\u00f3n del dolor humano. Entre el deber de informar y el morbo de lucrar con la tragedia. Esa frontera, que deber\u00eda estar claramente delimitada por la \u00e9tica, ha sido cruzada sin pudor por algunos medios que, en su af\u00e1n de protagonismo o rentabilidad, hoy contribuyen m\u00e1s a la confusi\u00f3n colectiva que a la verdad.<\/strong><\/p>\n<p style=\"font-weight: 400;\"><strong>La emergencia que vive Veracruz y otros cinco estados del pa\u00eds, producto de las intensas lluvias que han dejado devastaci\u00f3n en zonas como Poza Rica, \u00c1lamo, Tuxpan y El Higo, no s\u00f3lo ha puesto a prueba la capacidad de respuesta de las autoridades, sino tambi\u00e9n el verdadero rostro del periodismo mexicano. Un rostro que, lamentablemente, en varios casos se ha mostrado deforme, ansioso, sin escr\u00fapulos, m\u00e1s pendiente del clic y la tendencia que del contexto o la veracidad.<\/strong><\/p>\n<p style=\"font-weight: 400;\"><strong>En los \u00faltimos d\u00edas, mientras brigadas del Ej\u00e9rcito, Protecci\u00f3n Civil y voluntarios trabajaban a contrarreloj para rescatar a familias y restablecer servicios b\u00e1sicos, la llamada \u201cinfodemia\u201d \u2014esa pandemia de noticias falsas\u2014 volvi\u00f3 a exhibir la otra tragedia: la medi\u00e1tica. El caso m\u00e1s grave ocurri\u00f3 esta semana, cuando el portal Eje Central public\u00f3 una nota con el alarmante titular: \u201cDesaparecen 192 estudiantes de la Universidad Veracruzana tras inundaciones e intensas lluvias en Veracruz: esto se sabe\u201d.<\/strong><\/p>\n<p style=\"font-weight: 400;\"><strong>El titular, dise\u00f1ado para encender alarmas, se viraliz\u00f3 en cuesti\u00f3n de horas. En redes sociales, cientos de cuentas replicaron la versi\u00f3n sin verificarla, mientras los familiares de estudiantes en la regi\u00f3n norte viv\u00edan horas de angustia. Sin embargo, la realidad fue otra: la Universidad Veracruzana (UV), a trav\u00e9s de un comunicado institucional, desminti\u00f3 categ\u00f3ricamente esa versi\u00f3n.<\/strong><\/p>\n<p style=\"font-weight: 400;\"><strong>\u00a0\u201cContrario a lo difundido, no existen estudiantes desaparecidos. Lamentablemente, una de nuestras alumnas, Diana Jael Cuervo Santos, de Psicolog\u00eda, perdi\u00f3 la vida durante la emergencia. Se ha acompa\u00f1ado a su familia y se realiza un censo para identificar a quienes resultaron afectados\u201d, precis\u00f3 la casa de estudios.<\/strong><\/p>\n<p style=\"font-weight: 400;\"><strong>El texto oficial agreg\u00f3 que la UV despleg\u00f3 desde el primer momento una red solidaria para apoyar a estudiantes y poblaci\u00f3n en general, habilitando refugios temporales, centros de acompa\u00f1amiento y recolecci\u00f3n de v\u00edveres. En resumen: la instituci\u00f3n respondi\u00f3, actu\u00f3 y comunic\u00f3. Pero la noticia falsa ya hab\u00eda cumplido su cometido: generar alarma, desinformar y golpear, indirectamente, la imagen del Gobierno del Estado.<\/strong><\/p>\n<p style=\"font-weight: 400;\"><strong>Este no es un episodio aislado. En las \u00faltimas semanas, varios medios y portales nacionales han venido alimentando una narrativa sistem\u00e1tica de descr\u00e9dito, mezclando medias verdades con insinuaciones, descontextualizaciones y titulares dise\u00f1ados para el esc\u00e1ndalo.<\/strong><\/p>\n<p style=\"font-weight: 400;\"><strong>Uno de los ejemplos m\u00e1s recientes fue la supuesta \u201ccancelaci\u00f3n del seguro de da\u00f1os catastr\u00f3ficos\u201d contratada por el gobierno anterior. La versi\u00f3n, difundida por diversos espacios informativos, cobr\u00f3 fuerza luego de que el conductor Alejandro Aguirre, de Grupo Oliva Radio, reportara en cadena nacional a trav\u00e9s de Grupo F\u00f3rmula que la administraci\u00f3n de la gobernadora Roc\u00edo Nahle Garc\u00eda habr\u00eda dejado sin cobertura a la poblaci\u00f3n ante desastres naturales.<\/strong><\/p>\n<p style=\"font-weight: 400;\"><strong>El propio contexto desminti\u00f3 la narrativa: ninguna dependencia estatal confirm\u00f3 tal cancelaci\u00f3n, y la Secretar\u00eda de Finanzas aclar\u00f3 que los recursos para atenci\u00f3n a emergencias se encontraban disponibles conforme a las normas presupuestales. Sin embargo, el da\u00f1o ya estaba hecho. El rumor hab\u00eda sido instalado.<\/strong><\/p>\n<p style=\"font-weight: 400;\"><strong>Otro caso fue la manipulaci\u00f3n de un video tomado durante una visita de la gobernadora a Poza Rica, donde supuestamente se mostraba una respuesta hostil hacia una reportera que le cuestionaba sobre dicho seguro. D\u00edas despu\u00e9s, se comprob\u00f3 que la escena hab\u00eda sido editada para sugerir un intercambio inexistente. Aun as\u00ed, el fragmento circul\u00f3 ampliamente en redes, impulsado por cuentas de contenido pol\u00edtico disfrazadas de \u201cnoticieros ciudadanos\u201d.<\/strong><\/p>\n<p style=\"font-weight: 400;\"><strong>\u00bfHasta d\u00f3nde se puede llamar periodismo a ese comportamiento?<\/strong><\/p>\n<p style=\"font-weight: 400;\"><strong>No se trata de negar la cr\u00edtica ni de exaltar a la autoridad. Se trata de defender la verdad, incluso cuando incomoda. El periodismo es, ante todo, un ejercicio de responsabilidad social. Pero lo que observamos hoy en buena parte de la llamada \u201cprensa carro\u00f1era\u201d es un fen\u00f3meno distinto: la utilizaci\u00f3n del periodismo como instrumento de presi\u00f3n pol\u00edtica o econ\u00f3mica.<\/strong><\/p>\n<p style=\"font-weight: 400;\"><strong>Lo que antes se conoc\u00eda como chantaje medi\u00e1tico \u2014ese viejo oficio de ciertos consorcios que exigen contratos de publicidad a cambio de silencio o complacencia\u2014 ha encontrado en las redes sociales y los portales digitales un terreno f\u00e9rtil para renacer. Ya no se necesita una portada impresa o una exclusiva televisiva; basta con un tuit viral o una nota alarmista.<\/strong><\/p>\n<p style=\"font-weight: 400;\"><strong>En Veracruz, varios de estos intentos se han documentado. Algunos medios han intentado condicionar coberturas o exigir convenios publicitarios bajo amenaza de campa\u00f1as negativas. Otros buscan obtener contratos de aseguramiento, obras o servicios disfrazados de \u201calianzas estrat\u00e9gicas\u201d. La l\u00f3gica es simple: si no pagas, te destruyo.<\/strong><\/p>\n<p style=\"font-weight: 400;\"><strong>Esa es la nueva f\u00f3rmula del periodismo sin alma, del carro\u00f1ero que se alimenta del sufrimiento ajeno y de la manipulaci\u00f3n emocional. Y el problema no es s\u00f3lo local. Lo mismo ocurre en Tabasco, Tamaulipas, Oaxaca o Guerrero, donde las lluvias y desastres naturales se han convertido en moneda informativa para medios que lucran con el caos.<\/strong><\/p>\n<p style=\"font-weight: 400;\"><strong>No se trata, insisto, de una persecuci\u00f3n contra la prensa. Se trata de poner en el centro del debate el concepto de \u00e9tica period\u00edstica. Porque la libertad de expresi\u00f3n, pilar fundamental de la democracia, no puede ser usada como escudo para el enga\u00f1o.<\/strong><\/p>\n<p style=\"font-weight: 400;\"><strong>Cuando un medio publica informaci\u00f3n falsa \u2014sin verificar, sin contexto, sin fuentes\u2014 no est\u00e1 ejerciendo libertad de expresi\u00f3n, sino banalizando el derecho ciudadano a estar bien informado. Cuando un periodista tuerce los hechos o los omite deliberadamente, no est\u00e1 haciendo periodismo: est\u00e1 haciendo propaganda disfrazada.<\/strong><\/p>\n<p style=\"font-weight: 400;\"><strong>M\u00e9xico vive una paradoja peligrosa. Mientras m\u00e1s acceso hay a la informaci\u00f3n, m\u00e1s desinformados estamos. La saturaci\u00f3n de datos, im\u00e1genes y narrativas contradictorias ha generado una ciudadan\u00eda confundida, fatigada y desconfiada. Y esa confusi\u00f3n beneficia a quienes buscan imponer su propia verdad.<\/strong><\/p>\n<p style=\"font-weight: 400;\"><strong>El Estado, por su parte, debe mantener su obligaci\u00f3n de informar con transparencia y prontitud. En momentos de crisis \u2014como los que atraviesa Veracruz\u2014, el vac\u00edo informativo es el peor enemigo. La demora o la ambig\u00fcedad en la comunicaci\u00f3n oficial abre la puerta a los rumores. Por eso, la coordinaci\u00f3n que ha mostrado el Gobierno de Roc\u00edo Nahle con la Federaci\u00f3n y los municipios resulta fundamental. Las conferencias conjuntas, los informes t\u00e9cnicos y las actualizaciones continuas son la mejor defensa ante la infodemia.<\/strong><\/p>\n<p style=\"font-weight: 400;\"><strong>Pero no basta con desmentir. Hay que educar. Urge una pol\u00edtica p\u00fablica de alfabetizaci\u00f3n medi\u00e1tica que ense\u00f1e a los ciudadanos a distinguir entre informaci\u00f3n y manipulaci\u00f3n. Urge tambi\u00e9n una discusi\u00f3n seria dentro del gremio period\u00edstico sobre los l\u00edmites \u00e9ticos y las consecuencias de la mentira deliberada.<\/strong><\/p>\n<p style=\"font-weight: 400;\"><strong>Porque detr\u00e1s de cada \u201cnota falsa\u201d hay v\u00edctimas reales: familias que entran en p\u00e1nico, comunidades que desconf\u00edan de las autoridades, instituciones que ven da\u00f1ada su reputaci\u00f3n. En este caso, fue la Universidad Veracruzana la que tuvo que salir a desmentir, pero ma\u00f1ana podr\u00eda ser cualquier otra instituci\u00f3n p\u00fablica o privada.<\/strong><\/p>\n<p style=\"font-weight: 400;\"><strong>Los medios tienen derecho a cuestionar, pero tambi\u00e9n la obligaci\u00f3n de verificar. Tienen derecho a ser cr\u00edticos, pero no a ser crueles. Tienen derecho a buscar audiencia, pero no a costa de la angustia de los dem\u00e1s.<\/strong><\/p>\n<p style=\"font-weight: 400;\"><strong>El periodismo no es un negocio de carro\u00f1a. Es, o deber\u00eda ser, un oficio de servicio.<\/strong><\/p>\n<p style=\"font-weight: 400;\"><strong>La prensa carro\u00f1era, en cambio, no busca informar: busca cobrar. No busca esclarecer: busca provocar. No busca construir ciudadan\u00eda: busca hundirla en la incertidumbre.<\/strong><\/p>\n<p style=\"font-weight: 400;\"><strong>Mientras Veracruz intenta ponerse de pie entre lodo y p\u00e9rdidas, mientras miles de familias reconstruyen sus hogares, mientras estudiantes y maestros de la UV reanudan clases, hay quienes todav\u00eda encuentran rentable fabricar mentiras y disfrazarlas de noticias. Es un acto de perversi\u00f3n. Y peor a\u00fan: un reflejo de la degradaci\u00f3n de valores en una parte del gremio que olvid\u00f3 su raz\u00f3n de ser.<\/strong><\/p>\n<p style=\"font-weight: 400;\"><strong>A esos medios no los mueve la verdad ni el compromiso p\u00fablico, sino la conveniencia. Son los nuevos mercaderes del dolor, los que venden indignaci\u00f3n en paquetes virales y fabrican crisis donde hay esfuerzos colectivos.<\/strong><\/p>\n<p style=\"font-weight: 400;\"><strong>La \u00e9tica, dec\u00eda Kapu\u015bci\u0144ski, no es un adorno del periodismo: es su esencia. Sin ella, lo dem\u00e1s \u2014la t\u00e9cnica, la narrativa, el estilo\u2014 es puro maquillaje.<\/strong><\/p>\n<p style=\"font-weight: 400;\"><strong>Veracruz y M\u00e9xico merecen una prensa cr\u00edtica, s\u00ed, pero tambi\u00e9n decente. Una prensa que acompa\u00f1e, cuestione, proponga y construya. No una prensa que se alimente del sufrimiento ajeno ni que busque hacer de la tragedia una moneda de cambio.<\/strong><\/p>\n<p style=\"font-weight: 400;\"><strong>Porque si el periodismo pierde su humanidad, la sociedad pierde su br\u00fajula.<\/strong><\/p>\n<p style=\"font-weight: 400;\"><strong>\u00a0<\/strong><\/p>\n<p style=\"font-weight: 400;\"><strong>Al tiempo.<\/strong><\/p>\n<p><img data-recalc-dims=\"1\" loading=\"lazy\" decoding=\"async\" class=\"aligncenter size-full wp-image-73029\" src=\"https:\/\/i0.wp.com\/politicosaldesnudo.com.mx\/wp-content\/uploads\/2025\/10\/FIRMA-EDITORIAL-PD-4.jpg?resize=800%2C98&#038;ssl=1\" alt=\"\" width=\"800\" height=\"98\" srcset=\"https:\/\/i0.wp.com\/politicosaldesnudo.com.mx\/wp-content\/uploads\/2025\/10\/FIRMA-EDITORIAL-PD-4.jpg?w=1024&amp;ssl=1 1024w, https:\/\/i0.wp.com\/politicosaldesnudo.com.mx\/wp-content\/uploads\/2025\/10\/FIRMA-EDITORIAL-PD-4.jpg?resize=300%2C37&amp;ssl=1 300w, https:\/\/i0.wp.com\/politicosaldesnudo.com.mx\/wp-content\/uploads\/2025\/10\/FIRMA-EDITORIAL-PD-4.jpg?resize=768%2C94&amp;ssl=1 768w\" sizes=\"auto, (max-width: 800px) 100vw, 800px\" \/><\/p>\n","protected":false},"excerpt":{"rendered":"<p>\u201cAunque averg\u00fcence decirlo, s\u00f3lo pensamos en la virtud cuando no tenemos otra cosa que hacer\u201d. \u2013 Lucio Anneo S\u00e9neca. \u00a0<\/p>\n","protected":false},"author":4,"featured_media":36965,"comment_status":"closed","ping_status":"closed","sticky":false,"template":"","format":"standard","meta":{"colormag_page_container_layout":"default_layout","colormag_page_sidebar_layout":"default_layout","_jetpack_memberships_contains_paid_content":false,"footnotes":"","jetpack_publicize_message":"","jetpack_publicize_feature_enabled":true,"jetpack_social_post_already_shared":true,"jetpack_social_options":{"image_generator_settings":{"template":"highway","default_image_id":0,"font":"","enabled":false},"version":2}},"categories":[26],"tags":[],"class_list":["post-73037","post","type-post","status-publish","format-standard","has-post-thumbnail","hentry","category-columnistas"],"jetpack_publicize_connections":[],"jetpack_featured_media_url":"https:\/\/i0.wp.com\/politicosaldesnudo.com.mx\/wp-content\/uploads\/2024\/05\/LUIS-RAMIREZ-BAQUEIRO.jpg?fit=800%2C445&ssl=1","jetpack-related-posts":[],"jetpack_sharing_enabled":true,"_links":{"self":[{"href":"https:\/\/politicosaldesnudo.com.mx\/index.php\/wp-json\/wp\/v2\/posts\/73037","targetHints":{"allow":["GET"]}}],"collection":[{"href":"https:\/\/politicosaldesnudo.com.mx\/index.php\/wp-json\/wp\/v2\/posts"}],"about":[{"href":"https:\/\/politicosaldesnudo.com.mx\/index.php\/wp-json\/wp\/v2\/types\/post"}],"author":[{"embeddable":true,"href":"https:\/\/politicosaldesnudo.com.mx\/index.php\/wp-json\/wp\/v2\/users\/4"}],"replies":[{"embeddable":true,"href":"https:\/\/politicosaldesnudo.com.mx\/index.php\/wp-json\/wp\/v2\/comments?post=73037"}],"version-history":[{"count":0,"href":"https:\/\/politicosaldesnudo.com.mx\/index.php\/wp-json\/wp\/v2\/posts\/73037\/revisions"}],"wp:featuredmedia":[{"embeddable":true,"href":"https:\/\/politicosaldesnudo.com.mx\/index.php\/wp-json\/wp\/v2\/media\/36965"}],"wp:attachment":[{"href":"https:\/\/politicosaldesnudo.com.mx\/index.php\/wp-json\/wp\/v2\/media?parent=73037"}],"wp:term":[{"taxonomy":"category","embeddable":true,"href":"https:\/\/politicosaldesnudo.com.mx\/index.php\/wp-json\/wp\/v2\/categories?post=73037"},{"taxonomy":"post_tag","embeddable":true,"href":"https:\/\/politicosaldesnudo.com.mx\/index.php\/wp-json\/wp\/v2\/tags?post=73037"}],"curies":[{"name":"wp","href":"https:\/\/api.w.org\/{rel}","templated":true}]}}