{"id":73043,"date":"2025-10-18T10:15:18","date_gmt":"2025-10-18T16:15:18","guid":{"rendered":"https:\/\/politicosaldesnudo.com.mx\/?p=73043"},"modified":"2025-10-18T10:15:18","modified_gmt":"2025-10-18T16:15:18","slug":"escasez-de-agua-agrava-crisis-actual","status":"publish","type":"post","link":"https:\/\/politicosaldesnudo.com.mx\/index.php\/2025\/10\/18\/escasez-de-agua-agrava-crisis-actual\/","title":{"rendered":"Escasez de agua, agrava crisis actual"},"content":{"rendered":"<p>Tras el desbordamiento del r\u00edo Tuxpan, la poblaci\u00f3n enfrenta una nueva dificultad: la escasez de agua potable. La Comisi\u00f3n de Agua del Estado de Veracruz mantiene detenida la zona de captaci\u00f3n debido al alto nivel del r\u00edo, la presencia de palizada y piedras que ponen en riesgo los equipos de bombeo, lo que ha provocado la suspensi\u00f3n de los tandeos en toda la ciudad.<\/p>\n<p>Parad\u00f3jicamente, cuando m\u00e1s se necesita el vital l\u00edquido para la limpieza de viviendas y espacios afectados por el lodo y los desechos, el suministro se encuentra paralizado. Cientos de familias damnificadas, que a\u00fan se esfuerzan por recuperar algo de normalidad, hoy deben gastar en pipas privadas para poder asear sus hogares o simplemente contar con agua para sus necesidades b\u00e1sicas.<\/p>\n<p>La situaci\u00f3n ha abierto un nuevo frente de preocupaci\u00f3n: los abusos en el costo del servicio de pipas. En redes sociales y grupos comunitarios, ciudadanos denuncian incrementos injustificados y la falta de control por parte de las autoridades municipales, que hasta el momento no han establecido una estrategia de abasto emergente ni mecanismos para regular precios.<\/p>\n<p>La emergencia, que inici\u00f3 con la crecida del r\u00edo, ahora se agrava por la falta de agua potable. Mientras tanto, la respuesta institucional parece limitada y la poblaci\u00f3n contin\u00faa padeciendo las consecuencias de una infraestructura fr\u00e1gil y una falta de previsi\u00f3n evidente ante desastres naturales recurrentes en la regi\u00f3n.<\/p>\n<p>En Tuxpan, la recuperaci\u00f3n avanza entre el lodo, la escasez y la desesperaci\u00f3n, en un escenario donde el agua, fuente de vida, se ha convertido en un privilegio dif\u00edcil\u00a0de\u00a0alcanzar.<\/p>\n","protected":false},"excerpt":{"rendered":"<p>Tras el desbordamiento del r\u00edo Tuxpan, la poblaci\u00f3n enfrenta una nueva dificultad: la escasez de agua potable. La Comisi\u00f3n de [&hellip;]<\/p>\n","protected":false},"author":4,"featured_media":73045,"comment_status":"closed","ping_status":"closed","sticky":false,"template":"","format":"standard","meta":{"site-sidebar-layout":"default","site-content-layout":"","ast-site-content-layout":"default","site-content-style":"default","site-sidebar-style":"default","ast-global-header-display":"","ast-banner-title-visibility":"","ast-main-header-display":"","ast-hfb-above-header-display":"","ast-hfb-below-header-display":"","ast-hfb-mobile-header-display":"","site-post-title":"","ast-breadcrumbs-content":"","ast-featured-img":"","footer-sml-layout":"","ast-disable-related-posts":"","theme-transparent-header-meta":"","adv-header-id-meta":"","stick-header-meta":"","header-above-stick-meta":"","header-main-stick-meta":"","header-below-stick-meta":"","astra-migrate-meta-layouts":"default","ast-page-background-enabled":"default","ast-page-background-meta":{"desktop":{"background-color":"var(--ast-global-color-5)","background-image":"","background-repeat":"repeat","background-position":"center center","background-size":"auto","background-attachment":"scroll","background-type":"","background-media":"","overlay-type":"","overlay-color":"","overlay-opacity":"","overlay-gradient":""},"tablet":{"background-color":"","background-image":"","background-repeat":"repeat","background-position":"center center","background-size":"auto","background-attachment":"scroll","background-type":"","background-media":"","overlay-type":"","overlay-color":"","overlay-opacity":"","overlay-gradient":""},"mobile":{"background-color":"","background-image":"","background-repeat":"repeat","background-position":"center center","background-size":"auto","background-attachment":"scroll","background-type":"","background-media":"","overlay-type":"","overlay-color":"","overlay-opacity":"","overlay-gradient":""}},"ast-content-background-meta":{"desktop":{"background-color":"var(--ast-global-color-4)","background-image":"","background-repeat":"repeat","background-position":"center center","background-size":"auto","background-attachment":"scroll","background-type":"","background-media":"","overlay-type":"","overlay-color":"","overlay-opacity":"","overlay-gradient":""},"tablet":{"background-color":"var(--ast-global-color-4)","background-image":"","background-repeat":"repeat","background-position":"center center","background-size":"auto","background-attachment":"scroll","background-type":"","background-media":"","overlay-type":"","overlay-color":"","overlay-opacity":"","overlay-gradient":""},"mobile":{"background-color":"var(--ast-global-color-4)","background-image":"","background-repeat":"repeat","background-position":"center center","background-size":"auto","background-attachment":"scroll","background-type":"","background-media":"","overlay-type":"","overlay-color":"","overlay-opacity":"","overlay-gradient":""}},"_jetpack_newsletter_access":"","_jetpack_dont_email_post_to_subs":false,"_jetpack_newsletter_tier_id":0,"_jetpack_memberships_contains_paywalled_content":false,"_jetpack_feature_clip_id":0,"_jetpack_memberships_contains_paid_content":false,"footnotes":"","jetpack_publicize_message":"","jetpack_publicize_feature_enabled":true,"jetpack_social_post_already_shared":true,"jetpack_social_options":{"image_generator_settings":{"template":"highway","default_image_id":0,"font":"","enabled":false},"version":2},"jetpack_post_was_ever_published":false},"categories":[26],"tags":[],"class_list":["post-73043","post","type-post","status-publish","format-standard","has-post-thumbnail","hentry","category-columnistas"],"yoast_head":"<!-- This site is optimized with the Yoast SEO plugin v28.3 - https:\/\/yoast.com\/product\/yoast-seo-wordpress\/ -->\n<title>Escasez de agua, agrava crisis actual - Pol\u00edticos al Desnudo<\/title>\n<meta name=\"robots\" content=\"index, follow, max-snippet:-1, max-image-preview:large, max-video-preview:-1\" \/>\n<link rel=\"canonical\" href=\"https:\/\/politicosaldesnudo.com.mx\/index.php\/2025\/10\/18\/escasez-de-agua-agrava-crisis-actual\/\" \/>\n<meta property=\"og:locale\" content=\"es_ES\" \/>\n<meta property=\"og:type\" content=\"article\" \/>\n<meta property=\"og:title\" content=\"Escasez de agua, agrava crisis actual - Pol\u00edticos al Desnudo\" \/>\n<meta property=\"og:description\" content=\"Tras el desbordamiento del r\u00edo Tuxpan, la poblaci\u00f3n enfrenta una nueva dificultad: la escasez de agua potable. La Comisi\u00f3n de [&hellip;]\" \/>\n<meta property=\"og:url\" content=\"https:\/\/politicosaldesnudo.com.mx\/index.php\/2025\/10\/18\/escasez-de-agua-agrava-crisis-actual\/\" \/>\n<meta property=\"og:site_name\" content=\"Pol\u00edticos al Desnudo\" \/>\n<meta property=\"article:publisher\" content=\"https:\/\/www.facebook.com\/PoliticosAD\" \/>\n<meta property=\"article:published_time\" content=\"2025-10-18T16:15:18+00:00\" \/>\n<meta property=\"og:image\" content=\"https:\/\/i0.wp.com\/politicosaldesnudo.com.mx\/wp-content\/uploads\/2025\/10\/EXI.jpg?fit=1200%2C900&ssl=1\" \/>\n\t<meta property=\"og:image:width\" content=\"1200\" \/>\n\t<meta property=\"og:image:height\" content=\"900\" \/>\n\t<meta property=\"og:image:type\" content=\"image\/jpeg\" \/>\n<meta name=\"author\" content=\"Redacci\u00f3n Pol\u00edticos\" \/>\n<meta name=\"twitter:card\" content=\"summary_large_image\" \/>\n<meta name=\"twitter:label1\" content=\"Escrito por\" \/>\n\t<meta name=\"twitter:data1\" content=\"Redacci\u00f3n Pol\u00edticos\" \/>\n\t<meta name=\"twitter:label2\" content=\"Tiempo de lectura\" \/>\n\t<meta name=\"twitter:data2\" content=\"1 minuto\" \/>\n<script type=\"application\/ld+json\" class=\"yoast-schema-graph\">{\"@context\":\"https:\\\/\\\/schema.org\",\"@graph\":[{\"@type\":\"Article\",\"@id\":\"https:\\\/\\\/politicosaldesnudo.com.mx\\\/index.php\\\/2025\\\/10\\\/18\\\/escasez-de-agua-agrava-crisis-actual\\\/#article\",\"isPartOf\":{\"@id\":\"https:\\\/\\\/politicosaldesnudo.com.mx\\\/index.php\\\/2025\\\/10\\\/18\\\/escasez-de-agua-agrava-crisis-actual\\\/\"},\"author\":{\"name\":\"Redacci\u00f3n Pol\u00edticos\",\"@id\":\"https:\\\/\\\/politicosaldesnudo.com.mx\\\/#\\\/schema\\\/person\\\/ef3a64e561cc3f3f5dc52fab81adde7e\"},\"headline\":\"Escasez de agua, agrava crisis actual\",\"datePublished\":\"2025-10-18T16:15:18+00:00\",\"mainEntityOfPage\":{\"@id\":\"https:\\\/\\\/politicosaldesnudo.com.mx\\\/index.php\\\/2025\\\/10\\\/18\\\/escasez-de-agua-agrava-crisis-actual\\\/\"},\"wordCount\":288,\"publisher\":{\"@id\":\"https:\\\/\\\/politicosaldesnudo.com.mx\\\/#organization\"},\"image\":{\"@id\":\"https:\\\/\\\/politicosaldesnudo.com.mx\\\/index.php\\\/2025\\\/10\\\/18\\\/escasez-de-agua-agrava-crisis-actual\\\/#primaryimage\"},\"thumbnailUrl\":\"https:\\\/\\\/i0.wp.com\\\/politicosaldesnudo.com.mx\\\/wp-content\\\/uploads\\\/2025\\\/10\\\/EXI.jpg?fit=1200%2C900&ssl=1\",\"articleSection\":[\"OPINI\u00d3N\"],\"inLanguage\":\"es\"},{\"@type\":\"WebPage\",\"@id\":\"https:\\\/\\\/politicosaldesnudo.com.mx\\\/index.php\\\/2025\\\/10\\\/18\\\/escasez-de-agua-agrava-crisis-actual\\\/\",\"url\":\"https:\\\/\\\/politicosaldesnudo.com.mx\\\/index.php\\\/2025\\\/10\\\/18\\\/escasez-de-agua-agrava-crisis-actual\\\/\",\"name\":\"Escasez de agua, agrava crisis actual - Pol\u00edticos al Desnudo\",\"isPartOf\":{\"@id\":\"https:\\\/\\\/politicosaldesnudo.com.mx\\\/#website\"},\"primaryImageOfPage\":{\"@id\":\"https:\\\/\\\/politicosaldesnudo.com.mx\\\/index.php\\\/2025\\\/10\\\/18\\\/escasez-de-agua-agrava-crisis-actual\\\/#primaryimage\"},\"image\":{\"@id\":\"https:\\\/\\\/politicosaldesnudo.com.mx\\\/index.php\\\/2025\\\/10\\\/18\\\/escasez-de-agua-agrava-crisis-actual\\\/#primaryimage\"},\"thumbnailUrl\":\"https:\\\/\\\/i0.wp.com\\\/politicosaldesnudo.com.mx\\\/wp-content\\\/uploads\\\/2025\\\/10\\\/EXI.jpg?fit=1200%2C900&ssl=1\",\"datePublished\":\"2025-10-18T16:15:18+00:00\",\"breadcrumb\":{\"@id\":\"https:\\\/\\\/politicosaldesnudo.com.mx\\\/index.php\\\/2025\\\/10\\\/18\\\/escasez-de-agua-agrava-crisis-actual\\\/#breadcrumb\"},\"inLanguage\":\"es\",\"potentialAction\":[{\"@type\":\"ReadAction\",\"target\":[\"https:\\\/\\\/politicosaldesnudo.com.mx\\\/index.php\\\/2025\\\/10\\\/18\\\/escasez-de-agua-agrava-crisis-actual\\\/\"]}]},{\"@type\":\"ImageObject\",\"inLanguage\":\"es\",\"@id\":\"https:\\\/\\\/politicosaldesnudo.com.mx\\\/index.php\\\/2025\\\/10\\\/18\\\/escasez-de-agua-agrava-crisis-actual\\\/#primaryimage\",\"url\":\"https:\\\/\\\/i0.wp.com\\\/politicosaldesnudo.com.mx\\\/wp-content\\\/uploads\\\/2025\\\/10\\\/EXI.jpg?fit=1200%2C900&ssl=1\",\"contentUrl\":\"https:\\\/\\\/i0.wp.com\\\/politicosaldesnudo.com.mx\\\/wp-content\\\/uploads\\\/2025\\\/10\\\/EXI.jpg?fit=1200%2C900&ssl=1\",\"width\":1200,\"height\":900},{\"@type\":\"BreadcrumbList\",\"@id\":\"https:\\\/\\\/politicosaldesnudo.com.mx\\\/index.php\\\/2025\\\/10\\\/18\\\/escasez-de-agua-agrava-crisis-actual\\\/#breadcrumb\",\"itemListElement\":[{\"@type\":\"ListItem\",\"position\":1,\"name\":\"Portada\",\"item\":\"https:\\\/\\\/politicosaldesnudo.com.mx\\\/\"},{\"@type\":\"ListItem\",\"position\":2,\"name\":\"Escasez de agua, agrava crisis actual\"}]},{\"@type\":\"WebSite\",\"@id\":\"https:\\\/\\\/politicosaldesnudo.com.mx\\\/#website\",\"url\":\"https:\\\/\\\/politicosaldesnudo.com.mx\\\/\",\"name\":\"Pol\u00edticos al Desnudo\",\"description\":\"\",\"publisher\":{\"@id\":\"https:\\\/\\\/politicosaldesnudo.com.mx\\\/#organization\"},\"potentialAction\":[{\"@type\":\"SearchAction\",\"target\":{\"@type\":\"EntryPoint\",\"urlTemplate\":\"https:\\\/\\\/politicosaldesnudo.com.mx\\\/?s={search_term_string}\"},\"query-input\":{\"@type\":\"PropertyValueSpecification\",\"valueRequired\":true,\"valueName\":\"search_term_string\"}}],\"inLanguage\":\"es\"},{\"@type\":\"Organization\",\"@id\":\"https:\\\/\\\/politicosaldesnudo.com.mx\\\/#organization\",\"name\":\"Pol\u00edticos al Desnudo\",\"url\":\"https:\\\/\\\/politicosaldesnudo.com.mx\\\/\",\"logo\":{\"@type\":\"ImageObject\",\"inLanguage\":\"es\",\"@id\":\"https:\\\/\\\/politicosaldesnudo.com.mx\\\/#\\\/schema\\\/logo\\\/image\\\/\",\"url\":\"https:\\\/\\\/i0.wp.com\\\/politicosaldesnudo.com.mx\\\/wp-content\\\/uploads\\\/2026\\\/08\\\/cropped-logo.webp?fit=400%2C126&ssl=1\",\"contentUrl\":\"https:\\\/\\\/i0.wp.com\\\/politicosaldesnudo.com.mx\\\/wp-content\\\/uploads\\\/2026\\\/08\\\/cropped-logo.webp?fit=400%2C126&ssl=1\",\"width\":400,\"height\":126,\"caption\":\"Pol\u00edticos al Desnudo\"},\"image\":{\"@id\":\"https:\\\/\\\/politicosaldesnudo.com.mx\\\/#\\\/schema\\\/logo\\\/image\\\/\"},\"sameAs\":[\"https:\\\/\\\/www.facebook.com\\\/PoliticosAD\"]},{\"@type\":\"Person\",\"@id\":\"https:\\\/\\\/politicosaldesnudo.com.mx\\\/#\\\/schema\\\/person\\\/ef3a64e561cc3f3f5dc52fab81adde7e\",\"name\":\"Redacci\u00f3n Pol\u00edticos\",\"url\":\"https:\\\/\\\/politicosaldesnudo.com.mx\\\/index.php\\\/author\\\/redaccion-politicos\\\/\"}]}<\/script>\n<!-- \/ Yoast SEO plugin. -->","yoast_head_json":{"title":"Escasez de agua, agrava crisis actual - Pol\u00edticos al Desnudo","robots":{"index":"index","follow":"follow","max-snippet":"max-snippet:-1","max-image-preview":"max-image-preview:large","max-video-preview":"max-video-preview:-1"},"canonical":"https:\/\/politicosaldesnudo.com.mx\/index.php\/2025\/10\/18\/escasez-de-agua-agrava-crisis-actual\/","og_locale":"es_ES","og_type":"article","og_title":"Escasez de agua, agrava crisis actual - Pol\u00edticos al Desnudo","og_description":"Tras el desbordamiento del r\u00edo Tuxpan, la poblaci\u00f3n enfrenta una nueva dificultad: la escasez de agua potable. La Comisi\u00f3n de [&hellip;]","og_url":"https:\/\/politicosaldesnudo.com.mx\/index.php\/2025\/10\/18\/escasez-de-agua-agrava-crisis-actual\/","og_site_name":"Pol\u00edticos al Desnudo","article_publisher":"https:\/\/www.facebook.com\/PoliticosAD","article_published_time":"2025-10-18T16:15:18+00:00","og_image":[{"width":1200,"height":900,"url":"https:\/\/i0.wp.com\/politicosaldesnudo.com.mx\/wp-content\/uploads\/2025\/10\/EXI.jpg?fit=1200%2C900&ssl=1","type":"image\/jpeg"}],"author":"Redacci\u00f3n Pol\u00edticos","twitter_card":"summary_large_image","twitter_misc":{"Escrito por":"Redacci\u00f3n Pol\u00edticos","Tiempo de lectura":"1 minuto"},"schema":{"@context":"https:\/\/schema.org","@graph":[{"@type":"Article","@id":"https:\/\/politicosaldesnudo.com.mx\/index.php\/2025\/10\/18\/escasez-de-agua-agrava-crisis-actual\/#article","isPartOf":{"@id":"https:\/\/politicosaldesnudo.com.mx\/index.php\/2025\/10\/18\/escasez-de-agua-agrava-crisis-actual\/"},"author":{"name":"Redacci\u00f3n Pol\u00edticos","@id":"https:\/\/politicosaldesnudo.com.mx\/#\/schema\/person\/ef3a64e561cc3f3f5dc52fab81adde7e"},"headline":"Escasez de agua, agrava crisis actual","datePublished":"2025-10-18T16:15:18+00:00","mainEntityOfPage":{"@id":"https:\/\/politicosaldesnudo.com.mx\/index.php\/2025\/10\/18\/escasez-de-agua-agrava-crisis-actual\/"},"wordCount":288,"publisher":{"@id":"https:\/\/politicosaldesnudo.com.mx\/#organization"},"image":{"@id":"https:\/\/politicosaldesnudo.com.mx\/index.php\/2025\/10\/18\/escasez-de-agua-agrava-crisis-actual\/#primaryimage"},"thumbnailUrl":"https:\/\/i0.wp.com\/politicosaldesnudo.com.mx\/wp-content\/uploads\/2025\/10\/EXI.jpg?fit=1200%2C900&ssl=1","articleSection":["OPINI\u00d3N"],"inLanguage":"es"},{"@type":"WebPage","@id":"https:\/\/politicosaldesnudo.com.mx\/index.php\/2025\/10\/18\/escasez-de-agua-agrava-crisis-actual\/","url":"https:\/\/politicosaldesnudo.com.mx\/index.php\/2025\/10\/18\/escasez-de-agua-agrava-crisis-actual\/","name":"Escasez de agua, agrava crisis actual - Pol\u00edticos al Desnudo","isPartOf":{"@id":"https:\/\/politicosaldesnudo.com.mx\/#website"},"primaryImageOfPage":{"@id":"https:\/\/politicosaldesnudo.com.mx\/index.php\/2025\/10\/18\/escasez-de-agua-agrava-crisis-actual\/#primaryimage"},"image":{"@id":"https:\/\/politicosaldesnudo.com.mx\/index.php\/2025\/10\/18\/escasez-de-agua-agrava-crisis-actual\/#primaryimage"},"thumbnailUrl":"https:\/\/i0.wp.com\/politicosaldesnudo.com.mx\/wp-content\/uploads\/2025\/10\/EXI.jpg?fit=1200%2C900&ssl=1","datePublished":"2025-10-18T16:15:18+00:00","breadcrumb":{"@id":"https:\/\/politicosaldesnudo.com.mx\/index.php\/2025\/10\/18\/escasez-de-agua-agrava-crisis-actual\/#breadcrumb"},"inLanguage":"es","potentialAction":[{"@type":"ReadAction","target":["https:\/\/politicosaldesnudo.com.mx\/index.php\/2025\/10\/18\/escasez-de-agua-agrava-crisis-actual\/"]}]},{"@type":"ImageObject","inLanguage":"es","@id":"https:\/\/politicosaldesnudo.com.mx\/index.php\/2025\/10\/18\/escasez-de-agua-agrava-crisis-actual\/#primaryimage","url":"https:\/\/i0.wp.com\/politicosaldesnudo.com.mx\/wp-content\/uploads\/2025\/10\/EXI.jpg?fit=1200%2C900&ssl=1","contentUrl":"https:\/\/i0.wp.com\/politicosaldesnudo.com.mx\/wp-content\/uploads\/2025\/10\/EXI.jpg?fit=1200%2C900&ssl=1","width":1200,"height":900},{"@type":"BreadcrumbList","@id":"https:\/\/politicosaldesnudo.com.mx\/index.php\/2025\/10\/18\/escasez-de-agua-agrava-crisis-actual\/#breadcrumb","itemListElement":[{"@type":"ListItem","position":1,"name":"Portada","item":"https:\/\/politicosaldesnudo.com.mx\/"},{"@type":"ListItem","position":2,"name":"Escasez de agua, agrava crisis actual"}]},{"@type":"WebSite","@id":"https:\/\/politicosaldesnudo.com.mx\/#website","url":"https:\/\/politicosaldesnudo.com.mx\/","name":"Pol\u00edticos al Desnudo","description":"","publisher":{"@id":"https:\/\/politicosaldesnudo.com.mx\/#organization"},"potentialAction":[{"@type":"SearchAction","target":{"@type":"EntryPoint","urlTemplate":"https:\/\/politicosaldesnudo.com.mx\/?s={search_term_string}"},"query-input":{"@type":"PropertyValueSpecification","valueRequired":true,"valueName":"search_term_string"}}],"inLanguage":"es"},{"@type":"Organization","@id":"https:\/\/politicosaldesnudo.com.mx\/#organization","name":"Pol\u00edticos al Desnudo","url":"https:\/\/politicosaldesnudo.com.mx\/","logo":{"@type":"ImageObject","inLanguage":"es","@id":"https:\/\/politicosaldesnudo.com.mx\/#\/schema\/logo\/image\/","url":"https:\/\/i0.wp.com\/politicosaldesnudo.com.mx\/wp-content\/uploads\/2026\/08\/cropped-logo.webp?fit=400%2C126&ssl=1","contentUrl":"https:\/\/i0.wp.com\/politicosaldesnudo.com.mx\/wp-content\/uploads\/2026\/08\/cropped-logo.webp?fit=400%2C126&ssl=1","width":400,"height":126,"caption":"Pol\u00edticos al Desnudo"},"image":{"@id":"https:\/\/politicosaldesnudo.com.mx\/#\/schema\/logo\/image\/"},"sameAs":["https:\/\/www.facebook.com\/PoliticosAD"]},{"@type":"Person","@id":"https:\/\/politicosaldesnudo.com.mx\/#\/schema\/person\/ef3a64e561cc3f3f5dc52fab81adde7e","name":"Redacci\u00f3n Pol\u00edticos","url":"https:\/\/politicosaldesnudo.com.mx\/index.php\/author\/redaccion-politicos\/"}]}},"jetpack_publicize_connections":[],"jetpack-related-posts":[{"id":88134,"url":"https:\/\/politicosaldesnudo.com.mx\/index.php\/2026\/08\/28\/nepal-mantiene-alerta-maxima-ante-amenaza-de-otra-inundacion-glaciar\/","url_meta":{"origin":73043,"position":0},"title":"Nepal mantiene alerta m\u00e1xima ante amenaza de otra inundaci\u00f3n glaciar","author":"Redacci\u00f3n Pol\u00edticos","date":"28 de agosto de 2026","format":false,"excerpt":"Las comunidades ubicadas en el valle del r\u00edo Bhote Koshi, en Nepal, enfrentan una nueva evacuaci\u00f3n ante el riesgo de que dos lagos formados tras el colapso de un glaciar provoquen otra inundaci\u00f3n repentina. La advertencia activ\u00f3 el desplazamiento de familias que apenas comenzaban a dimensionar los da\u00f1os ocasionados por\u2026","rel":"","context":"En \u00abINTERNACIONAL\u00bb","block_context":{"text":"INTERNACIONAL","link":"https:\/\/politicosaldesnudo.com.mx\/index.php\/category\/internacional\/"},"img":{"alt_text":"","src":"https:\/\/i0.wp.com\/politicosaldesnudo.com.mx\/wp-content\/uploads\/2026\/08\/nepal4.jpg?fit=1200%2C767&ssl=1&resize=350%2C200","width":350,"height":200,"srcset":"https:\/\/i0.wp.com\/politicosaldesnudo.com.mx\/wp-content\/uploads\/2026\/08\/nepal4.jpg?fit=1200%2C767&ssl=1&resize=350%2C200 1x, https:\/\/i0.wp.com\/politicosaldesnudo.com.mx\/wp-content\/uploads\/2026\/08\/nepal4.jpg?fit=1200%2C767&ssl=1&resize=525%2C300 1.5x, https:\/\/i0.wp.com\/politicosaldesnudo.com.mx\/wp-content\/uploads\/2026\/08\/nepal4.jpg?fit=1200%2C767&ssl=1&resize=700%2C400 2x, https:\/\/i0.wp.com\/politicosaldesnudo.com.mx\/wp-content\/uploads\/2026\/08\/nepal4.jpg?fit=1200%2C767&ssl=1&resize=1050%2C600 3x"},"classes":[]},{"id":88156,"url":"https:\/\/politicosaldesnudo.com.mx\/index.php\/2026\/08\/29\/aumenta-a-675-la-cifra-de-muertos-por-el-alud-en-nepal\/","url_meta":{"origin":73043,"position":1},"title":"Aumenta a 675 la cifra de muertos por el alud en Nepal","author":"Redacci\u00f3n Pol\u00edticos","date":"29 de agosto de 2026","format":false,"excerpt":"La tragedia contin\u00faa creciendo en Nepal. El n\u00famero provisional de personas fallecidas por el devastador alud ocurrido el mi\u00e9rcoles aument\u00f3 a 675, mientras miles de familias siguen esperando noticias de sus seres queridos. La autoridad nacional de gesti\u00f3n de desastres actualiz\u00f3 este s\u00e1bado el balance, que anteriormente contabilizaba 633 v\u00edctimas\u2026","rel":"","context":"En \u00abINTERNACIONAL\u00bb","block_context":{"text":"INTERNACIONAL","link":"https:\/\/politicosaldesnudo.com.mx\/index.php\/category\/internacional\/"},"img":{"alt_text":"","src":"https:\/\/i0.wp.com\/politicosaldesnudo.com.mx\/wp-content\/uploads\/2026\/08\/nepal.jpg?fit=1000%2C666&ssl=1&resize=350%2C200","width":350,"height":200,"srcset":"https:\/\/i0.wp.com\/politicosaldesnudo.com.mx\/wp-content\/uploads\/2026\/08\/nepal.jpg?fit=1000%2C666&ssl=1&resize=350%2C200 1x, https:\/\/i0.wp.com\/politicosaldesnudo.com.mx\/wp-content\/uploads\/2026\/08\/nepal.jpg?fit=1000%2C666&ssl=1&resize=525%2C300 1.5x, https:\/\/i0.wp.com\/politicosaldesnudo.com.mx\/wp-content\/uploads\/2026\/08\/nepal.jpg?fit=1000%2C666&ssl=1&resize=700%2C400 2x"},"classes":[]},{"id":88233,"url":"https:\/\/politicosaldesnudo.com.mx\/index.php\/2026\/08\/31\/argentina-en-alerta-tragedia-en-nepal-desata-presion-contra-milei-por-reforma-a-los-glaciares\/","url_meta":{"origin":73043,"position":2},"title":"Argentina en alerta: tragedia en Nepal desata presi\u00f3n contra Milei por reforma a los glaciares","author":"Redacci\u00f3n Pol\u00edticos","date":"31 de agosto de 2026","format":false,"excerpt":"La tragedia provocada por el colapso de una masa de hielo en Nepal encendi\u00f3 las alarmas a miles de kil\u00f3metros de distancia. En Argentina, organizaciones ambientalistas retomaron las protestas contra la reforma impulsada por Javier Milei, que flexibiliz\u00f3 la protecci\u00f3n de los glaciares y permiti\u00f3 el avance de proyectos mineros\u2026","rel":"","context":"En \u00abINTERNACIONAL\u00bb","block_context":{"text":"INTERNACIONAL","link":"https:\/\/politicosaldesnudo.com.mx\/index.php\/category\/internacional\/"},"img":{"alt_text":"","src":"https:\/\/i0.wp.com\/politicosaldesnudo.com.mx\/wp-content\/uploads\/2026\/08\/glaciar-perito-moreno-1280x720-1.jpg?fit=1200%2C675&ssl=1&resize=350%2C200","width":350,"height":200,"srcset":"https:\/\/i0.wp.com\/politicosaldesnudo.com.mx\/wp-content\/uploads\/2026\/08\/glaciar-perito-moreno-1280x720-1.jpg?fit=1200%2C675&ssl=1&resize=350%2C200 1x, https:\/\/i0.wp.com\/politicosaldesnudo.com.mx\/wp-content\/uploads\/2026\/08\/glaciar-perito-moreno-1280x720-1.jpg?fit=1200%2C675&ssl=1&resize=525%2C300 1.5x, https:\/\/i0.wp.com\/politicosaldesnudo.com.mx\/wp-content\/uploads\/2026\/08\/glaciar-perito-moreno-1280x720-1.jpg?fit=1200%2C675&ssl=1&resize=700%2C400 2x, https:\/\/i0.wp.com\/politicosaldesnudo.com.mx\/wp-content\/uploads\/2026\/08\/glaciar-perito-moreno-1280x720-1.jpg?fit=1200%2C675&ssl=1&resize=1050%2C600 3x"},"classes":[]},{"id":87993,"url":"https:\/\/politicosaldesnudo.com.mx\/index.php\/2026\/08\/23\/fuerte-sismo-sacude-tokio-y-deja-37-heridos-descartan-riesgo-de-tsunami\/","url_meta":{"origin":73043,"position":3},"title":"Fuerte sismo sacude Tokio y deja 37 heridos; descartan riesgo de tsunami","author":"Redacci\u00f3n Pol\u00edticos","date":"23 de agosto de 2026","format":false,"excerpt":"Un sismo de magnitud 5.9 estremeci\u00f3 durante la madrugada de este domingo el este de Jap\u00f3n, incluida el \u00e1rea metropolitana de Tokio, con un saldo preliminar de 37 personas lesionadas y afectaciones en el transporte y la red de agua. El movimiento tel\u00farico ocurri\u00f3 alrededor de las 2:00 horas y\u2026","rel":"","context":"En \u00abINTERNACIONAL\u00bb","block_context":{"text":"INTERNACIONAL","link":"https:\/\/politicosaldesnudo.com.mx\/index.php\/category\/internacional\/"},"img":{"alt_text":"","src":"https:\/\/i0.wp.com\/politicosaldesnudo.com.mx\/wp-content\/uploads\/2026\/08\/sismoo.png?fit=1200%2C675&ssl=1&resize=350%2C200","width":350,"height":200,"srcset":"https:\/\/i0.wp.com\/politicosaldesnudo.com.mx\/wp-content\/uploads\/2026\/08\/sismoo.png?fit=1200%2C675&ssl=1&resize=350%2C200 1x, https:\/\/i0.wp.com\/politicosaldesnudo.com.mx\/wp-content\/uploads\/2026\/08\/sismoo.png?fit=1200%2C675&ssl=1&resize=525%2C300 1.5x, https:\/\/i0.wp.com\/politicosaldesnudo.com.mx\/wp-content\/uploads\/2026\/08\/sismoo.png?fit=1200%2C675&ssl=1&resize=700%2C400 2x, https:\/\/i0.wp.com\/politicosaldesnudo.com.mx\/wp-content\/uploads\/2026\/08\/sismoo.png?fit=1200%2C675&ssl=1&resize=1050%2C600 3x"},"classes":[]},{"id":88090,"url":"https:\/\/politicosaldesnudo.com.mx\/index.php\/2026\/08\/27\/tragedia-en-el-himalaya-mas-de-300-muertos-y-cerca-de-mil-500-desaparecidos-tras-devastadora-riada\/","url_meta":{"origin":73043,"position":4},"title":"Tragedia en el Himalaya: m\u00e1s de 300 muertos y cerca de mil 500 desaparecidos tras devastadora riada","author":"Redacci\u00f3n Pol\u00edticos","date":"27 de agosto de 2026","format":false,"excerpt":"La emergencia golpe\u00f3 una zona fronteriza entre Nepal y el T\u00edbet frecuentada por excursionistas y peregrinos. Entre las personas no localizadas figuran cientos de extranjeros. Una gigantesca corriente de agua, lodo y rocas dej\u00f3 un escenario de destrucci\u00f3n en la regi\u00f3n del Himalaya, donde el n\u00famero provisional de v\u00edctimas aument\u00f3\u2026","rel":"","context":"En \u00abINTERNACIONAL\u00bb","block_context":{"text":"INTERNACIONAL","link":"https:\/\/politicosaldesnudo.com.mx\/index.php\/category\/internacional\/"},"img":{"alt_text":"","src":"https:\/\/i0.wp.com\/politicosaldesnudo.com.mx\/wp-content\/uploads\/2026\/08\/nepal.png?fit=1200%2C606&ssl=1&resize=350%2C200","width":350,"height":200,"srcset":"https:\/\/i0.wp.com\/politicosaldesnudo.com.mx\/wp-content\/uploads\/2026\/08\/nepal.png?fit=1200%2C606&ssl=1&resize=350%2C200 1x, https:\/\/i0.wp.com\/politicosaldesnudo.com.mx\/wp-content\/uploads\/2026\/08\/nepal.png?fit=1200%2C606&ssl=1&resize=525%2C300 1.5x, https:\/\/i0.wp.com\/politicosaldesnudo.com.mx\/wp-content\/uploads\/2026\/08\/nepal.png?fit=1200%2C606&ssl=1&resize=700%2C400 2x, https:\/\/i0.wp.com\/politicosaldesnudo.com.mx\/wp-content\/uploads\/2026\/08\/nepal.png?fit=1200%2C606&ssl=1&resize=1050%2C600 3x"},"classes":[]},{"id":87194,"url":"https:\/\/politicosaldesnudo.com.mx\/index.php\/2026\/07\/24\/industria-del-tequila-integra-mas-de-166-actividades-economicas-en-mexico\/","url_meta":{"origin":73043,"position":5},"title":"Industria del tequila integra m\u00e1s de 166 actividades econ\u00f3micas en M\u00e9xico","author":"Redacci\u00f3n Pol\u00edticos","date":"24 de julio de 2026","format":false,"excerpt":"La cadena de valor del tequila integra m\u00e1s de 166 actividades econ\u00f3micas, desde el cultivo del agave hasta el embotellado, en las que participan jimadores, maestros tequileros, ingenieros y especialistas, seg\u00fan un comunicado\u00a0de Casa Herradura. El destilado se conmemora cada 24 de julio con el D\u00eda Internacional del Tequila y\u2026","rel":"","context":"En \u00abECONOM\u00cdA\u00bb","block_context":{"text":"ECONOM\u00cdA","link":"https:\/\/politicosaldesnudo.com.mx\/index.php\/category\/economia\/"},"img":{"alt_text":"","src":"https:\/\/i0.wp.com\/politicosaldesnudo.com.mx\/wp-content\/uploads\/2026\/07\/ATEH.webp?fit=1200%2C741&ssl=1&resize=350%2C200","width":350,"height":200,"srcset":"https:\/\/i0.wp.com\/politicosaldesnudo.com.mx\/wp-content\/uploads\/2026\/07\/ATEH.webp?fit=1200%2C741&ssl=1&resize=350%2C200 1x, https:\/\/i0.wp.com\/politicosaldesnudo.com.mx\/wp-content\/uploads\/2026\/07\/ATEH.webp?fit=1200%2C741&ssl=1&resize=525%2C300 1.5x, https:\/\/i0.wp.com\/politicosaldesnudo.com.mx\/wp-content\/uploads\/2026\/07\/ATEH.webp?fit=1200%2C741&ssl=1&resize=700%2C400 2x, https:\/\/i0.wp.com\/politicosaldesnudo.com.mx\/wp-content\/uploads\/2026\/07\/ATEH.webp?fit=1200%2C741&ssl=1&resize=1050%2C600 3x"},"classes":[]}],"jetpack_sharing_enabled":true,"jetpack_featured_media_url":"https:\/\/i0.wp.com\/politicosaldesnudo.com.mx\/wp-content\/uploads\/2025\/10\/EXI.jpg?fit=1200%2C900&ssl=1","_links":{"self":[{"href":"https:\/\/politicosaldesnudo.com.mx\/index.php\/wp-json\/wp\/v2\/posts\/73043","targetHints":{"allow":["GET"]}}],"collection":[{"href":"https:\/\/politicosaldesnudo.com.mx\/index.php\/wp-json\/wp\/v2\/posts"}],"about":[{"href":"https:\/\/politicosaldesnudo.com.mx\/index.php\/wp-json\/wp\/v2\/types\/post"}],"author":[{"embeddable":true,"href":"https:\/\/politicosaldesnudo.com.mx\/index.php\/wp-json\/wp\/v2\/users\/4"}],"replies":[{"embeddable":true,"href":"https:\/\/politicosaldesnudo.com.mx\/index.php\/wp-json\/wp\/v2\/comments?post=73043"}],"version-history":[{"count":0,"href":"https:\/\/politicosaldesnudo.com.mx\/index.php\/wp-json\/wp\/v2\/posts\/73043\/revisions"}],"wp:featuredmedia":[{"embeddable":true,"href":"https:\/\/politicosaldesnudo.com.mx\/index.php\/wp-json\/wp\/v2\/media\/73045"}],"wp:attachment":[{"href":"https:\/\/politicosaldesnudo.com.mx\/index.php\/wp-json\/wp\/v2\/media?parent=73043"}],"wp:term":[{"taxonomy":"category","embeddable":true,"href":"https:\/\/politicosaldesnudo.com.mx\/index.php\/wp-json\/wp\/v2\/categories?post=73043"},{"taxonomy":"post_tag","embeddable":true,"href":"https:\/\/politicosaldesnudo.com.mx\/index.php\/wp-json\/wp\/v2\/tags?post=73043"}],"curies":[{"name":"wp","href":"https:\/\/api.w.org\/{rel}","templated":true}]}}