{"id":73276,"date":"2025-10-22T00:03:23","date_gmt":"2025-10-22T06:03:23","guid":{"rendered":"https:\/\/politicosaldesnudo.com.mx\/?p=73276"},"modified":"2025-10-21T23:20:57","modified_gmt":"2025-10-22T05:20:57","slug":"invitan-a-donar-zapatos","status":"publish","type":"post","link":"https:\/\/politicosaldesnudo.com.mx\/index.php\/2025\/10\/22\/invitan-a-donar-zapatos\/","title":{"rendered":"Invitan a donar zapatos"},"content":{"rendered":"<p>Ante la persistencia de las afectaciones en la zona norte, el Regidor Juan G\u00f3mez ha extendido una invitaci\u00f3n urgente a la ciudadan\u00eda para sumarse a la causa y apoyar a las familias damnificadas.<\/p>\n<p>El funcionario municipal subray\u00f3 la necesidad de ayuda continua para quienes han perdido gran parte de sus pertenencias debido a los recientes fen\u00f3menos naturales.<\/p>\n<p>La solicitud del edil se centra en la recolecci\u00f3n de dos tipos de art\u00edculos esenciales. Por un lado, se requieren zapatos, nuevos o en buen estado, para proporcionar calzado digno a ni\u00f1os, j\u00f3venes y adultos que lo perdieron. Por otro lado, la campa\u00f1a tambi\u00e9n busca acopiar v\u00edveres para asegurar el sustento alimenticio de los afectados, instando a donar productos no perecederos de primera necesidad.<\/p>\n<p>Para facilitar la contribuci\u00f3n de los ciudadanos, estableci\u00f3 un punto de acopio accesible y conocido por todos, las donaciones de calzado y v\u00edveres se recibir\u00e1n en el Parque Reforma, un lugar estrat\u00e9gico que servir\u00e1 como centro log\u00edstico para reunir toda la ayuda antes de su distribuci\u00f3n.<\/p>\n<p>Esta iniciativa destaca la importancia de la respuesta social ante la emergencia, apela al esp\u00edritu generoso de la comunidad, recordando que la suma de peque\u00f1os esfuerzos puede hacer una gran diferencia en la recuperaci\u00f3n de las familias. La colaboraci\u00f3n ciudadana es crucial para brindar un alivio inmediato a los damnificados de la zona norte.<\/p>\n","protected":false},"excerpt":{"rendered":"<p>Ante la persistencia de las afectaciones en la zona norte, el Regidor Juan G\u00f3mez ha extendido una invitaci\u00f3n urgente a<\/p>\n","protected":false},"author":4,"featured_media":73277,"comment_status":"closed","ping_status":"closed","sticky":false,"template":"","format":"standard","meta":{"colormag_page_container_layout":"default_layout","colormag_page_sidebar_layout":"default_layout","_jetpack_memberships_contains_paid_content":false,"footnotes":"","jetpack_publicize_message":"","jetpack_publicize_feature_enabled":true,"jetpack_social_post_already_shared":true,"jetpack_social_options":{"image_generator_settings":{"template":"highway","default_image_id":0,"font":"","enabled":false},"version":2}},"categories":[1082],"tags":[],"class_list":["post-73276","post","type-post","status-publish","format-standard","has-post-thumbnail","hentry","category-tuxpan"],"jetpack_publicize_connections":[],"jetpack_featured_media_url":"https:\/\/i0.wp.com\/politicosaldesnudo.com.mx\/wp-content\/uploads\/2025\/10\/WhatsApp-Image-2025-10-21-at-16.27.18.jpeg?fit=1280%2C960&ssl=1","jetpack-related-posts":[],"jetpack_sharing_enabled":true,"_links":{"self":[{"href":"https:\/\/politicosaldesnudo.com.mx\/index.php\/wp-json\/wp\/v2\/posts\/73276","targetHints":{"allow":["GET"]}}],"collection":[{"href":"https:\/\/politicosaldesnudo.com.mx\/index.php\/wp-json\/wp\/v2\/posts"}],"about":[{"href":"https:\/\/politicosaldesnudo.com.mx\/index.php\/wp-json\/wp\/v2\/types\/post"}],"author":[{"embeddable":true,"href":"https:\/\/politicosaldesnudo.com.mx\/index.php\/wp-json\/wp\/v2\/users\/4"}],"replies":[{"embeddable":true,"href":"https:\/\/politicosaldesnudo.com.mx\/index.php\/wp-json\/wp\/v2\/comments?post=73276"}],"version-history":[{"count":0,"href":"https:\/\/politicosaldesnudo.com.mx\/index.php\/wp-json\/wp\/v2\/posts\/73276\/revisions"}],"wp:featuredmedia":[{"embeddable":true,"href":"https:\/\/politicosaldesnudo.com.mx\/index.php\/wp-json\/wp\/v2\/media\/73277"}],"wp:attachment":[{"href":"https:\/\/politicosaldesnudo.com.mx\/index.php\/wp-json\/wp\/v2\/media?parent=73276"}],"wp:term":[{"taxonomy":"category","embeddable":true,"href":"https:\/\/politicosaldesnudo.com.mx\/index.php\/wp-json\/wp\/v2\/categories?post=73276"},{"taxonomy":"post_tag","embeddable":true,"href":"https:\/\/politicosaldesnudo.com.mx\/index.php\/wp-json\/wp\/v2\/tags?post=73276"}],"curies":[{"name":"wp","href":"https:\/\/api.w.org\/{rel}","templated":true}]}}