{"id":73279,"date":"2025-10-22T00:04:23","date_gmt":"2025-10-22T06:04:23","guid":{"rendered":"https:\/\/politicosaldesnudo.com.mx\/?p=73279"},"modified":"2025-10-21T23:21:56","modified_gmt":"2025-10-22T05:21:56","slug":"pemex-repara-ducto-tras-derrame-de-hidrocarburo-sobre-el-rio-pantepec","status":"publish","type":"post","link":"https:\/\/politicosaldesnudo.com.mx\/index.php\/2025\/10\/22\/pemex-repara-ducto-tras-derrame-de-hidrocarburo-sobre-el-rio-pantepec\/","title":{"rendered":"Pemex repara ducto tras derrame de hidrocarburo sobre el r\u00edo Pantepec"},"content":{"rendered":"<p>Petr\u00f3leos Mexicanos (Pemex) informa que su personal\u00a0concluy\u00f3 la reparaci\u00f3n del ducto afectado\u00a0por las\u00a0lluvias\u00a0que ocasion\u00f3 un\u00a0derrame de hidrocarburo\u00a0sobre el\u00a0r\u00edo Pantepec, en el municipio de \u00c1lamo Temapache, tras las\u00a0inundaciones\u00a0en\u00a0Veracruz.<\/p>\n<p>En un comunicado informaron que<br \/>\nPetr\u00f3leos Mexicanos (Pemex), finaliz\u00f3 de manera segura la reparaci\u00f3n del ducto afectado por las lluvias extraordinarias en la regi\u00f3n norte del estado de Veracruz y atendi\u00f3 de inmediato la p\u00e9rdida de contenci\u00f3n registrada en alrededor de 8 kil\u00f3metros en las inmediaciones del municipio de \u00c1lamo Temapache, mediante la activaci\u00f3n de los protocolos de seguridad industrial y ambiental.<\/p>\n<p>En coordinaci\u00f3n con la Secretar\u00eda de Marina, la Agencia de Seguridad, Energ\u00eda y Ambiente (ASEA) y autoridades locales y estatales, se instalaron dos barreras de contenci\u00f3n, cordones oleofilicos y equipos de bombeo y recolecci\u00f3n superficial en el r\u00edo Pantepec.<\/p>\n<p>Con las maniobras principales ya concluidas, Pemex contin\u00faa los trabajos de saneamiento y remediaci\u00f3n en las riberas y zonas cercanas. En el transcurso del d\u00eda se instalar\u00e1n otras tres barreras. Personal especializado realiza tareas de limpieza, recolecci\u00f3n de residuos y aplicaci\u00f3n de material absorbente para recuperar las condiciones naturales del entorno.<\/p>\n<p>La Empresa P\u00fablica del Estado coordina las acciones a trav\u00e9s del Puesto de Mando Unificado, ubicado en las instalaciones de la Administraci\u00f3n del Sistema Portuario Nacional (Asipona) de Tuxpan, donde participa personal de los tres \u00f3rdenes de gobierno para dar seguimiento a las labores y garantizar atenci\u00f3n integral a la poblaci\u00f3n.<\/p>\n<p>Pemex reafirma su compromiso con la seguridad de las comunidades, la protecci\u00f3n del medio ambiente y la atenci\u00f3n responsable ante cualquier eventualidad, priorizando siempre el bienestar de la poblaci\u00f3n y el cuidado de los recursos naturales.<\/p>\n","protected":false},"excerpt":{"rendered":"<p>Petr\u00f3leos Mexicanos (Pemex) informa que su personal\u00a0concluy\u00f3 la reparaci\u00f3n del ducto afectado\u00a0por las\u00a0lluvias\u00a0que ocasion\u00f3 un\u00a0derrame de hidrocarburo\u00a0sobre el\u00a0r\u00edo Pantepec, en<\/p>\n","protected":false},"author":4,"featured_media":73280,"comment_status":"closed","ping_status":"closed","sticky":false,"template":"","format":"standard","meta":{"colormag_page_container_layout":"default_layout","colormag_page_sidebar_layout":"default_layout","_jetpack_memberships_contains_paid_content":false,"footnotes":"","jetpack_publicize_message":"","jetpack_publicize_feature_enabled":true,"jetpack_social_post_already_shared":true,"jetpack_social_options":{"image_generator_settings":{"template":"highway","default_image_id":0,"font":"","enabled":false},"version":2}},"categories":[1082],"tags":[],"class_list":["post-73279","post","type-post","status-publish","format-standard","has-post-thumbnail","hentry","category-tuxpan"],"jetpack_publicize_connections":[],"jetpack_featured_media_url":"https:\/\/i0.wp.com\/politicosaldesnudo.com.mx\/wp-content\/uploads\/2025\/10\/WhatsApp-Image-2025-10-21-at-14.56.19-2.jpeg?fit=1280%2C960&ssl=1","jetpack-related-posts":[],"jetpack_sharing_enabled":true,"_links":{"self":[{"href":"https:\/\/politicosaldesnudo.com.mx\/index.php\/wp-json\/wp\/v2\/posts\/73279","targetHints":{"allow":["GET"]}}],"collection":[{"href":"https:\/\/politicosaldesnudo.com.mx\/index.php\/wp-json\/wp\/v2\/posts"}],"about":[{"href":"https:\/\/politicosaldesnudo.com.mx\/index.php\/wp-json\/wp\/v2\/types\/post"}],"author":[{"embeddable":true,"href":"https:\/\/politicosaldesnudo.com.mx\/index.php\/wp-json\/wp\/v2\/users\/4"}],"replies":[{"embeddable":true,"href":"https:\/\/politicosaldesnudo.com.mx\/index.php\/wp-json\/wp\/v2\/comments?post=73279"}],"version-history":[{"count":0,"href":"https:\/\/politicosaldesnudo.com.mx\/index.php\/wp-json\/wp\/v2\/posts\/73279\/revisions"}],"wp:featuredmedia":[{"embeddable":true,"href":"https:\/\/politicosaldesnudo.com.mx\/index.php\/wp-json\/wp\/v2\/media\/73280"}],"wp:attachment":[{"href":"https:\/\/politicosaldesnudo.com.mx\/index.php\/wp-json\/wp\/v2\/media?parent=73279"}],"wp:term":[{"taxonomy":"category","embeddable":true,"href":"https:\/\/politicosaldesnudo.com.mx\/index.php\/wp-json\/wp\/v2\/categories?post=73279"},{"taxonomy":"post_tag","embeddable":true,"href":"https:\/\/politicosaldesnudo.com.mx\/index.php\/wp-json\/wp\/v2\/tags?post=73279"}],"curies":[{"name":"wp","href":"https:\/\/api.w.org\/{rel}","templated":true}]}}