{"id":73282,"date":"2025-10-22T00:05:17","date_gmt":"2025-10-22T06:05:17","guid":{"rendered":"https:\/\/politicosaldesnudo.com.mx\/?p=73282"},"modified":"2025-10-21T23:35:42","modified_gmt":"2025-10-22T05:35:42","slug":"todo-esta-en-orden-adan-lopez-sobre-senalamientos-patrimoniales","status":"publish","type":"post","link":"https:\/\/politicosaldesnudo.com.mx\/index.php\/2025\/10\/22\/todo-esta-en-orden-adan-lopez-sobre-senalamientos-patrimoniales\/","title":{"rendered":"\u201cTodo est\u00e1 en orden\u201d: Ad\u00e1n L\u00f3pez sobre se\u00f1alamientos patrimoniales"},"content":{"rendered":"<p class=\"nota-justify\">El coordinador de los senadores de Morena, Ad\u00e1n Augusto L\u00f3pez Hern\u00e1ndez, sostuvo que est\u00e1 tranquilo y no le preocupan denuncias de la oposici\u00f3n en su contra ni el reciente pronunciamiento de varios Comit\u00e9s de Transparencia y Anticorrupci\u00f3n para que aclare sus declaraciones patrimoniales, ya que, sostuvo, todo est\u00e1 en orden.<\/p>\n<p class=\"nota-justify\">\u201cLa verdad he sido suficientemente claro, he explicado lo que he presentado, tanto en mis declaraciones patrimoniales como en mis declaraciones fiscales, pero tambi\u00e9n entiendo que las oposiciones, y algunos no tan opositores, pues les gusta entrar en esa din\u00e1mica. Yo no voy a caer en eso\u201d, expuso en conferencia colectiva, en la que asegur\u00f3 que su relaci\u00f3n con la presidenta Claudia Sheinbaum es cordial y un d\u00eda antes, junto con el coordinador de los diputados, Ricardo Monreal, se reunieron con ella para discutir la agenda legislativa pendiente.<\/p>\n<p class=\"nota-justify\">En conferencia colectiva, coment\u00f3 que est\u00e1 en su derecho el Comit\u00e9 de Participaci\u00f3n Ciudadana del Sistema Nacional Anticorrupci\u00f3n (SNA) y los comit\u00e9s estatales en solicitar a las autoridades correspondientes se investigue sus presuntas inconsistencias patrimoniales, fiscales y de intereses, aunque \u00e9l ha sido suficientemente claro.<\/p>\n<p class=\"nota-justify\">\u201cHe explicado lo que he presentado, tanto en mis declaraciones patrimoniales como en mis declaraciones fiscales, pero tambi\u00e9n entiendo que las oposiciones y algunos no tan opositores pues les gusta entrar en esa din\u00e1mica, yo no voy a caer\u201d.<\/p>\n<p class=\"nota-justify\">El tambi\u00e9n presidente de la Junta de Coordinaci\u00f3n Pol\u00edtica (Jucopo) del Senado, consider\u00f3 que hay \u201cun trasfondo pol\u00edtico\u201d en ese pronunciamiento y en las denuncias presentadas por opositores, entre ellos Mar\u00eda Elena P\u00e9rez Jaen.<\/p>\n<p class=\"nota-justify\">\u201cHay una se\u00f1ora que present\u00f3 50 denuncias , que me acusa de que la Auditor\u00eda Superior de la Federaci\u00f3n encontr\u00f3 irregularidades por 600 millones de pesos en los tres a\u00f1os que fui gobernador en Tabasco\u201d. Se manej\u00f3 en ese tiempo, expuso, un presupuesto de 180 mil millones de pesos y en todo ejercicio hay irregularidades administrativas m\u00ednimas, \u201centonces que estudien bien y que vean a quien corresponden esas irregularidades, si es que la hay\u201d.<\/p>\n","protected":false},"excerpt":{"rendered":"<p>El coordinador de los senadores de Morena, Ad\u00e1n Augusto L\u00f3pez Hern\u00e1ndez, sostuvo que est\u00e1 tranquilo y no le preocupan denuncias<\/p>\n","protected":false},"author":4,"featured_media":73283,"comment_status":"closed","ping_status":"closed","sticky":false,"template":"","format":"standard","meta":{"colormag_page_container_layout":"default_layout","colormag_page_sidebar_layout":"default_layout","_jetpack_memberships_contains_paid_content":false,"footnotes":"","jetpack_publicize_message":"","jetpack_publicize_feature_enabled":true,"jetpack_social_post_already_shared":true,"jetpack_social_options":{"image_generator_settings":{"template":"highway","default_image_id":0,"font":"","enabled":false},"version":2}},"categories":[33],"tags":[],"class_list":["post-73282","post","type-post","status-publish","format-standard","has-post-thumbnail","hentry","category-nacional"],"jetpack_publicize_connections":[],"jetpack_featured_media_url":"https:\/\/i0.wp.com\/politicosaldesnudo.com.mx\/wp-content\/uploads\/2025\/10\/PEND.jpg?fit=825%2C569&ssl=1","jetpack-related-posts":[],"jetpack_sharing_enabled":true,"_links":{"self":[{"href":"https:\/\/politicosaldesnudo.com.mx\/index.php\/wp-json\/wp\/v2\/posts\/73282","targetHints":{"allow":["GET"]}}],"collection":[{"href":"https:\/\/politicosaldesnudo.com.mx\/index.php\/wp-json\/wp\/v2\/posts"}],"about":[{"href":"https:\/\/politicosaldesnudo.com.mx\/index.php\/wp-json\/wp\/v2\/types\/post"}],"author":[{"embeddable":true,"href":"https:\/\/politicosaldesnudo.com.mx\/index.php\/wp-json\/wp\/v2\/users\/4"}],"replies":[{"embeddable":true,"href":"https:\/\/politicosaldesnudo.com.mx\/index.php\/wp-json\/wp\/v2\/comments?post=73282"}],"version-history":[{"count":0,"href":"https:\/\/politicosaldesnudo.com.mx\/index.php\/wp-json\/wp\/v2\/posts\/73282\/revisions"}],"wp:featuredmedia":[{"embeddable":true,"href":"https:\/\/politicosaldesnudo.com.mx\/index.php\/wp-json\/wp\/v2\/media\/73283"}],"wp:attachment":[{"href":"https:\/\/politicosaldesnudo.com.mx\/index.php\/wp-json\/wp\/v2\/media?parent=73282"}],"wp:term":[{"taxonomy":"category","embeddable":true,"href":"https:\/\/politicosaldesnudo.com.mx\/index.php\/wp-json\/wp\/v2\/categories?post=73282"},{"taxonomy":"post_tag","embeddable":true,"href":"https:\/\/politicosaldesnudo.com.mx\/index.php\/wp-json\/wp\/v2\/tags?post=73282"}],"curies":[{"name":"wp","href":"https:\/\/api.w.org\/{rel}","templated":true}]}}