{"id":73288,"date":"2025-10-22T00:07:52","date_gmt":"2025-10-22T06:07:52","guid":{"rendered":"https:\/\/politicosaldesnudo.com.mx\/?p=73288"},"modified":"2025-10-21T23:40:18","modified_gmt":"2025-10-22T05:40:18","slug":"morena-impone-lista-obligatoria-de-asistencia-tras-polemica-con-cuauhtemoc-blanco","status":"publish","type":"post","link":"https:\/\/politicosaldesnudo.com.mx\/index.php\/2025\/10\/22\/morena-impone-lista-obligatoria-de-asistencia-tras-polemica-con-cuauhtemoc-blanco\/","title":{"rendered":"Morena impone lista obligatoria de asistencia tras pol\u00e9mica con Cuauht\u00e9moc Blanco"},"content":{"rendered":"<p class=\"nota-justify\">Para evitar que se repitan esc\u00e1ndalos como el protagonizado por Cuauht\u00e9moc Blanco Bravo, que se conect\u00f3 ayer cinco segundos a la reuni\u00f3n de la Comisi\u00f3n de Presupuesto, la bancada de Morena en la C\u00e1mara de Diputados aprob\u00f3 que a las sesiones ordinarias semi presenciales asistan al menos 80 de sus 253 integrantes.<\/p>\n<p class=\"nota-justify\">La disposici\u00f3n aplicar\u00e1 a partir de la sesi\u00f3n de ma\u00f1ana y entre los nombres de esa lista est\u00e1 precisamente Blanco Bravo.<\/p>\n<p class=\"nota-justify\">En una circular que se envi\u00f3 a los diputados de Morena, se precis\u00f3 que deben cumplir con los criterios de asistencia a las sesiones, con vigencia a partir de la de ma\u00f1ana, cuando se votar\u00e1 la nueva Ley Org\u00e1nica de la Armada y la Cuenta P\u00fablica de 2023<\/p>\n<p class=\"nota-justify\">Esto es, seg\u00fan la lista, tienen que acudir los integrantes de la burbuja, encabezada por el coordinador Ricardo Monreal \u00c1vila, los cuatro vice coordinadores, as\u00ed como el vocero del grupo, y sus dos integrantes en la Mesa Directiva.<\/p>\n<p class=\"nota-justify\">No obstante, se prev\u00e9 que \u201cen caso de ser incluidos dentro de los criterios para asistir a las sesiones semipresenciales y por alg\u00fan motivo no pudiera asistir, se solicita comunicarlo a la Vice coordinaci\u00f3n de Vinculaci\u00f3n Parlamentaria para considerar la participaci\u00f3n de alguna otra persona legisladora\u201d.<\/p>\n<p class=\"nota-justify\">Esto es, tendr\u00e1n que notificarlo a la diputada Gabriela Jim\u00e9nez Godoy.<\/p>\n<p class=\"nota-justify\">La lista se divide en tres segmentos.<\/p>\n<p class=\"nota-justify\">El primero, para que est\u00e9n presentes los 18 integrantes de la Comisi\u00f3n de Igualdad de G\u00e9nero para la sesi\u00f3n solemne del voto de la mujer; el segundo, de los 11 integrantes de la Comisi\u00f3n de Marina para la discusi\u00f3n de la nueva Ley Org\u00e1nica de la Armada; y 78 para la segunda sesi\u00f3n ordinaria de ma\u00f1ana mismo por la tarde, donde Blanco aparece en el lugar 31.<\/p>\n","protected":false},"excerpt":{"rendered":"<p>Para evitar que se repitan esc\u00e1ndalos como el protagonizado por Cuauht\u00e9moc Blanco Bravo, que se conect\u00f3 ayer cinco segundos a<\/p>\n","protected":false},"author":4,"featured_media":73289,"comment_status":"closed","ping_status":"closed","sticky":false,"template":"","format":"standard","meta":{"colormag_page_container_layout":"default_layout","colormag_page_sidebar_layout":"default_layout","_jetpack_memberships_contains_paid_content":false,"footnotes":"","jetpack_publicize_message":"","jetpack_publicize_feature_enabled":true,"jetpack_social_post_already_shared":true,"jetpack_social_options":{"image_generator_settings":{"template":"highway","default_image_id":0,"font":"","enabled":false},"version":2}},"categories":[33],"tags":[],"class_list":["post-73288","post","type-post","status-publish","format-standard","has-post-thumbnail","hentry","category-nacional"],"jetpack_publicize_connections":[],"jetpack_featured_media_url":"https:\/\/i0.wp.com\/politicosaldesnudo.com.mx\/wp-content\/uploads\/2025\/10\/CB.jpg?fit=825%2C569&ssl=1","jetpack-related-posts":[],"jetpack_sharing_enabled":true,"_links":{"self":[{"href":"https:\/\/politicosaldesnudo.com.mx\/index.php\/wp-json\/wp\/v2\/posts\/73288","targetHints":{"allow":["GET"]}}],"collection":[{"href":"https:\/\/politicosaldesnudo.com.mx\/index.php\/wp-json\/wp\/v2\/posts"}],"about":[{"href":"https:\/\/politicosaldesnudo.com.mx\/index.php\/wp-json\/wp\/v2\/types\/post"}],"author":[{"embeddable":true,"href":"https:\/\/politicosaldesnudo.com.mx\/index.php\/wp-json\/wp\/v2\/users\/4"}],"replies":[{"embeddable":true,"href":"https:\/\/politicosaldesnudo.com.mx\/index.php\/wp-json\/wp\/v2\/comments?post=73288"}],"version-history":[{"count":0,"href":"https:\/\/politicosaldesnudo.com.mx\/index.php\/wp-json\/wp\/v2\/posts\/73288\/revisions"}],"wp:featuredmedia":[{"embeddable":true,"href":"https:\/\/politicosaldesnudo.com.mx\/index.php\/wp-json\/wp\/v2\/media\/73289"}],"wp:attachment":[{"href":"https:\/\/politicosaldesnudo.com.mx\/index.php\/wp-json\/wp\/v2\/media?parent=73288"}],"wp:term":[{"taxonomy":"category","embeddable":true,"href":"https:\/\/politicosaldesnudo.com.mx\/index.php\/wp-json\/wp\/v2\/categories?post=73288"},{"taxonomy":"post_tag","embeddable":true,"href":"https:\/\/politicosaldesnudo.com.mx\/index.php\/wp-json\/wp\/v2\/tags?post=73288"}],"curies":[{"name":"wp","href":"https:\/\/api.w.org\/{rel}","templated":true}]}}