{"id":7329,"date":"2022-07-06T05:30:45","date_gmt":"2022-07-06T10:30:45","guid":{"rendered":"https:\/\/politicosaldesnudo.com.mx\/?p=7329"},"modified":"2022-07-06T21:23:44","modified_gmt":"2022-07-07T02:23:44","slug":"politica-a-la-antiguita","status":"publish","type":"post","link":"https:\/\/politicosaldesnudo.com.mx\/index.php\/2022\/07\/06\/politica-a-la-antiguita\/","title":{"rendered":"Pol\u00edtica \u201ca la antig\u00fcita\u201d"},"content":{"rendered":"<p>&nbsp;<\/p>\n<p class=\"p1\"><span style=\"font-size: 18pt;\"><strong>Por Aurelio Contreras Moreno<\/strong><\/span><\/p>\n<p class=\"p1\"><span style=\"font-size: 14pt;\">Varias encuestas se\u00f1alan que si las elecciones fueran hoy, Morena retendr\u00eda sin problema la Presidencia de la Rep\u00fablica y gubernaturas como la del estado de Veracruz.<\/span><\/p>\n<p class=\"p1\"><span style=\"font-size: 14pt;\">Ello, a pesar de la inseguridad, de la crisis econ\u00f3mica galopante, del desempleo creciente y la falta de oportunidades que, entre otras cosas, provoc\u00f3 un crecimiento de la pobreza en el pa\u00eds que afecta a 43.9 por ciento de la poblaci\u00f3n, esto es, a 55.7 millones de mexicanas y mexicanos, de los cuales 3.8 millones cayeron en esa condici\u00f3n entre 2018 y 2020, de acuerdo con la medici\u00f3n m\u00e1s reciente del Consejo Nacional de Evaluaci\u00f3n de la Pol\u00edtica de Desarrollo Social (Coneval).<\/span><\/p>\n<p class=\"p1\"><span style=\"font-size: 14pt;\">Entonces, tal fen\u00f3meno de aprobaci\u00f3n para un r\u00e9gimen m\u00e1s bien mediocre e incompetente solo puede explicarse en dos v\u00edas: los programas sociales clientelares del gobierno \u2013que sin duda alguna le han resultado muy redituables pol\u00edticamente- y el total descr\u00e9dito de la oposici\u00f3n, que en cuatro a\u00f1os no logr\u00f3 articular ning\u00fan discurso ni propuesta de pa\u00eds que represente una alternativa real para una poblaci\u00f3n que rechaza a los partidos tradicionales, y que dif\u00edcilmente lo estructurar\u00e1 en los dos a\u00f1os que restan del sexenio, habida cuenta de que en sus c\u00fapulas se niegan a soltar lo que les queda de cotitos de poder, que de todos modos pronto se les terminar\u00e1n.<\/span><\/p>\n<p class=\"p1\"><span style=\"font-size: 14pt;\">As\u00ed que pareciera \u2013si no sucede algo extraordinario, como que la oposici\u00f3n partidista decidiera pensar en el pa\u00eds en lugar de en sus limitados y agotados intereses- que la verdadera contienda en 2024 se encamina a ser interna, en las entra\u00f1as del propio r\u00e9gimen.<\/span><\/p>\n<p class=\"p1\"><span style=\"font-size: 14pt;\">La lucha de los grupos dentro de Morena por imponerse puede ser m\u00e1s encarnizada incluso que hacia el exterior, aunque la persecuci\u00f3n contra el impresentable dirigente nacional priista, Alejandro Moreno C\u00e1rdenas, tambi\u00e9n es muestra de lo que el \u201chumanista\u201d r\u00e9gimen de la mal llamada \u201ccuarta transformaci\u00f3n\u201d es capaz de hacer para \u201ccastigar\u201d a quien se ponga en su camino y adem\u00e1s tenga una larga cola que le pisen.<\/span><\/p>\n<p class=\"p1\"><span style=\"font-size: 14pt;\">Los diferentes episodios de confrontaci\u00f3n entre algunas de las \u201ccorcholatas\u201d como Claudia Sheinbaum, Marcelo Ebrard y Ricardo Monreal, as\u00ed lo indican. En el caso del tercero, fue eso mismo, el antagonismo pol\u00edtico, lo que provoc\u00f3 que el gobierno de Veracruz \u2013con titular de su mismo partido- ordenara la detenci\u00f3n de uno de sus colaboradores m\u00e1s cercanos, el secretario t\u00e9cnico de la Junta de Coordinaci\u00f3n Pol\u00edtica del Senado, Jos\u00e9 Manuel del R\u00edo Virgen.<span class=\"Apple-converted-space\">\u00a0<\/span><\/span><\/p>\n<p class=\"p1\"><span style=\"font-size: 14pt;\">Su liberaci\u00f3n, seis meses despu\u00e9s de una intensa lucha legal ante las arbitrariedades de la Fiscal\u00eda veracruzana, represent\u00f3 una victoria pol\u00edtica para Monreal hacia afuera, pero hacia dentro de la \u201c4t\u201d lo aisl\u00f3 todav\u00eda m\u00e1s y lo alej\u00f3 del c\u00edrculo m\u00e1s \u00edntimo del poder. Ya se ver\u00e1 en qu\u00e9 acaba.<\/span><\/p>\n<p class=\"p1\"><span style=\"font-size: 14pt;\">En el \u00e1mbito m\u00e1s local sucede lo mismo. La \u201ccargada\u201d del r\u00e9gimen que encabeza Cuitl\u00e1huac Garc\u00eda Jim\u00e9nez est\u00e1 abiertamente promoviendo a la secretaria de Energ\u00eda, Roc\u00edo Nahle Garc\u00eda, para que sea ella quien asuma la candidatura de Morena a la gubernatura en 2024. Y a quien levanta la mano para manifestar que tambi\u00e9n aspira a esa postulaci\u00f3n, se la intentan cortar con sa\u00f1a, como si de pandillas rivales se tratara y no de militantes de un mismo partido y un mismo \u2013en teor\u00eda- proyecto pol\u00edtico.<\/span><\/p>\n<p class=\"p1\"><span style=\"font-size: 14pt;\">Desde que comenz\u00f3 a promover su imagen por Veracruz \u2013con un financiamiento que tendr\u00eda que explicar tambi\u00e9n-, al todav\u00eda presidente de la mesa directiva de la C\u00e1mara de Diputados, Sergio Guti\u00e9rrez Luna, lo han tratado peor que si se apellidara Yunes. Desde el gobierno de Cuitl\u00e1huac Garc\u00eda lo han bloqueado, desconocido, insultado, boicoteado y todo lo imaginable que puede suceder en una contienda pol\u00edtica\u2026 contra opositores partidistas.<\/span><\/p>\n<p class=\"p1\"><span style=\"font-size: 14pt;\">Pero lo que es un hecho es que Guti\u00e9rrez Luna no estar\u00eda movi\u00e9ndose como lo hace por Veracruz si no contara con la venia para hacerlo del \u00fanico que tiene esa potestad en la \u201c4t\u201d. Y no es casual que hace unas semanas el minatitleco haya expresado p\u00fablicamente su apoyo a la aspiraci\u00f3n de una \u201ccorcholata\u201d que apareci\u00f3, como \u00e9l, \u201cfuera de programa\u201d: el secretario de Gobernaci\u00f3n Ad\u00e1n Augusto L\u00f3pez Hern\u00e1ndez.<\/span><\/p>\n<p class=\"p1\"><span style=\"font-size: 14pt;\">No hay nada nuevo bajo el sol. En Morena hacen pol\u00edtica \u201ca la antig\u00fcita\u201d, obedeciendo a muchos de los rituales que caracterizaron al PRI en sus a\u00f1os de partido hegem\u00f3nico, incluida la \u201cdisciplina\u201d a la que se refiri\u00f3 Cuitl\u00e1huac Garc\u00eda en estos d\u00edas. La decisi\u00f3n sobre las candidaturas m\u00e1s importantes, ni duda quepa, la tomar\u00e1 al final una sola persona.<\/span><\/p>\n<p class=\"p1\"><span style=\"font-size: 14pt;\">Y como en el viejo r\u00e9gimen, la \u201ctenebra\u201d y las patadas bajo la mesa est\u00e1n incluidas en el paquete.<\/span><\/p>\n<p>&nbsp;<\/p>\n<p class=\"p1\"><span style=\"font-size: 18pt;\"><strong>Correo: <a href=\"mailto:aureliocontreras@gmail.com\">aureliocontreras@gmail.com<\/a><\/strong><\/span><\/p>\n<p class=\"p1\"><span style=\"font-size: 18pt;\"><strong>Twitter: <a href=\"http:\/\/www.twitter.com\/yeyocontreras\">@yeyocontreras<\/a><\/strong><\/span><\/p>\n<p>&nbsp;<\/p>\n<p><span style=\"font-size: 18pt; color: #319eca;\"><em><strong>**Las columnas firmadas en este medio son responsabilidad de quienes las firman**<\/strong><\/em><\/span><\/p>\n<p>&nbsp;<\/p>\n<p>&nbsp;<\/p>\n<p>&nbsp;<\/p>\n","protected":false},"excerpt":{"rendered":"<p>&nbsp; Por Aurelio Contreras Moreno Varias encuestas se\u00f1alan que si las elecciones fueran hoy, Morena retendr\u00eda sin problema la Presidencia<\/p>\n","protected":false},"author":4,"featured_media":4397,"comment_status":"closed","ping_status":"closed","sticky":false,"template":"","format":"standard","meta":{"colormag_page_container_layout":"default_layout","colormag_page_sidebar_layout":"default_layout","_jetpack_memberships_contains_paid_content":false,"footnotes":"","jetpack_publicize_message":"","jetpack_publicize_feature_enabled":true,"jetpack_social_post_already_shared":false,"jetpack_social_options":{"image_generator_settings":{"template":"highway","default_image_id":0,"font":"","enabled":false},"version":2}},"categories":[26],"tags":[],"class_list":["post-7329","post","type-post","status-publish","format-standard","has-post-thumbnail","hentry","category-columnistas"],"jetpack_publicize_connections":[],"jetpack_featured_media_url":"https:\/\/i0.wp.com\/politicosaldesnudo.com.mx\/wp-content\/uploads\/2022\/04\/AURELIO-CONTRERAS-MORENO-1.png?fit=1816%2C1016&ssl=1","jetpack-related-posts":[],"jetpack_sharing_enabled":true,"_links":{"self":[{"href":"https:\/\/politicosaldesnudo.com.mx\/index.php\/wp-json\/wp\/v2\/posts\/7329","targetHints":{"allow":["GET"]}}],"collection":[{"href":"https:\/\/politicosaldesnudo.com.mx\/index.php\/wp-json\/wp\/v2\/posts"}],"about":[{"href":"https:\/\/politicosaldesnudo.com.mx\/index.php\/wp-json\/wp\/v2\/types\/post"}],"author":[{"embeddable":true,"href":"https:\/\/politicosaldesnudo.com.mx\/index.php\/wp-json\/wp\/v2\/users\/4"}],"replies":[{"embeddable":true,"href":"https:\/\/politicosaldesnudo.com.mx\/index.php\/wp-json\/wp\/v2\/comments?post=7329"}],"version-history":[{"count":0,"href":"https:\/\/politicosaldesnudo.com.mx\/index.php\/wp-json\/wp\/v2\/posts\/7329\/revisions"}],"wp:featuredmedia":[{"embeddable":true,"href":"https:\/\/politicosaldesnudo.com.mx\/index.php\/wp-json\/wp\/v2\/media\/4397"}],"wp:attachment":[{"href":"https:\/\/politicosaldesnudo.com.mx\/index.php\/wp-json\/wp\/v2\/media?parent=7329"}],"wp:term":[{"taxonomy":"category","embeddable":true,"href":"https:\/\/politicosaldesnudo.com.mx\/index.php\/wp-json\/wp\/v2\/categories?post=7329"},{"taxonomy":"post_tag","embeddable":true,"href":"https:\/\/politicosaldesnudo.com.mx\/index.php\/wp-json\/wp\/v2\/tags?post=7329"}],"curies":[{"name":"wp","href":"https:\/\/api.w.org\/{rel}","templated":true}]}}