{"id":73318,"date":"2025-10-22T00:17:22","date_gmt":"2025-10-22T06:17:22","guid":{"rendered":"https:\/\/politicosaldesnudo.com.mx\/?p=73318"},"modified":"2025-10-22T00:13:43","modified_gmt":"2025-10-22T06:13:43","slug":"condenan-hasta-17-anos-de-prision-a-participantes-en-intento-de-golpe-de-bolsonaro","status":"publish","type":"post","link":"https:\/\/politicosaldesnudo.com.mx\/index.php\/2025\/10\/22\/condenan-hasta-17-anos-de-prision-a-participantes-en-intento-de-golpe-de-bolsonaro\/","title":{"rendered":"Condenan hasta 17 a\u00f1os de prisi\u00f3n a participantes en intento de golpe de Bolsonaro"},"content":{"rendered":"<p>El Supremo Tribunal Federal (STF) de Brasil conden\u00f3 este martes a hasta 17 a\u00f1os de prisi\u00f3n a siete participantes en la tentativa de golpe de Estado liderada por el ex presidente Jair Bolsonaro.<\/p>\n<p>El alto tribunal impuso en septiembre una pena de 27 a\u00f1os de c\u00e1rcel a Bolsonaro (70) por conducir una organizaci\u00f3n criminal armada para aferrarse al poder tras perder los comicios en 2022 contra el presidente, Luiz In\u00e1cio Lula da Silva.<\/p>\n<p>Otros siete altos ex colaboradores de Bolsonaro ya fueron sentenciados en ese juicio, que provoc\u00f3 aranceles punitivos de Donald Trump contra Brasil al considerar una supuesta \u00abcaza de brujas\u00bb contra su aliado.<\/p>\n<p>La corte suprema tomar\u00e1 su decisi\u00f3n sobre 16 acusados m\u00e1s por este caso en las pr\u00f3ximas semanas.<\/p>\n<p>Los condenados del martes, un polic\u00eda federal y cinco militares, adem\u00e1s del presidente de un instituto independiente de auditor\u00eda electoral, contribuyeron con \u00abmilicias digitales\u00bb a desinformar sobre el sistema electr\u00f3nico de votaci\u00f3n durante los comicios de 2022, dijo el juez relator Alexandre de Moraes.<\/p>\n<p>\u00abFabricaron y diseminaron narrativas falsas sobre el proceso electoral con el objetivo de generar caos social e inestabilidad para concretar la ruptura institucional\u00bb, afirm\u00f3 Moraes, sancionado por Washington por el juicio a Bolsonaro.<\/p>\n<p>Las penas oscilan entre 7.5 y 17 a\u00f1os de c\u00e1rcel.<\/p>\n<p>El tribunal tiene 60 d\u00edas para publicar un documento que compile todas las deliberaciones del proceso. A partir de entonces las defensas tendr\u00e1n cinco d\u00edas para apelar.<\/p>\n<p>Bolsonaro, en prisi\u00f3n domiciliar desde agosto y con prohibici\u00f3n de manifestarse en redes sociales, espera a\u00fan la publicaci\u00f3n de su sentencia, un paso necesario para que sus abogados presenten recursos.<\/p>\n<p>Su defensa ha anunciado que apelar\u00e1 el fallo del STF.<\/p>\n<p>Una vez los recursos se resuelvan, el ex presidente podr\u00eda ser enviado a la c\u00e1rcel.<\/p>\n<p>La C\u00e1mara de Diputados avanz\u00f3 a finales de septiembre en el proceso de aprobaci\u00f3n de un proyecto de ley que abr\u00eda la puerta de la amnist\u00eda al ex presidente y a los condenados por la asonada de enero de 2023 contra las sedes de los poderes p\u00fablicos en Brasilia.<\/p>\n<p>Pero ante las protestas masivas contra esta iniciativa, el Congreso suaviz\u00f3 su contenido. El nuevo texto, que no se sabe si llegar\u00e1 a ser votado, apenas contempla la reducci\u00f3n de condenas.<\/p>\n<p>Bolsonaro, que tambi\u00e9n es inelegible hasta 2030 por sus ataques sin pruebas al sistema de votaci\u00f3n, tuvo un rev\u00e9s hace dos semanas, cuando Trump y Lula relajaron las tensiones durante una conversaci\u00f3n telef\u00f3nica.<\/p>\n","protected":false},"excerpt":{"rendered":"<p>El Supremo Tribunal Federal (STF) de Brasil conden\u00f3 este martes a hasta 17 a\u00f1os de prisi\u00f3n a siete participantes en<\/p>\n","protected":false},"author":4,"featured_media":73319,"comment_status":"closed","ping_status":"closed","sticky":false,"template":"","format":"standard","meta":{"colormag_page_container_layout":"default_layout","colormag_page_sidebar_layout":"default_layout","_jetpack_memberships_contains_paid_content":false,"footnotes":"","jetpack_publicize_message":"","jetpack_publicize_feature_enabled":true,"jetpack_social_post_already_shared":true,"jetpack_social_options":{"image_generator_settings":{"template":"highway","default_image_id":0,"font":"","enabled":false},"version":2}},"categories":[28],"tags":[],"class_list":["post-73318","post","type-post","status-publish","format-standard","has-post-thumbnail","hentry","category-internacional"],"jetpack_publicize_connections":[],"jetpack_featured_media_url":"https:\/\/i0.wp.com\/politicosaldesnudo.com.mx\/wp-content\/uploads\/2025\/10\/bolso.jpg?fit=825%2C569&ssl=1","jetpack-related-posts":[],"jetpack_sharing_enabled":true,"_links":{"self":[{"href":"https:\/\/politicosaldesnudo.com.mx\/index.php\/wp-json\/wp\/v2\/posts\/73318","targetHints":{"allow":["GET"]}}],"collection":[{"href":"https:\/\/politicosaldesnudo.com.mx\/index.php\/wp-json\/wp\/v2\/posts"}],"about":[{"href":"https:\/\/politicosaldesnudo.com.mx\/index.php\/wp-json\/wp\/v2\/types\/post"}],"author":[{"embeddable":true,"href":"https:\/\/politicosaldesnudo.com.mx\/index.php\/wp-json\/wp\/v2\/users\/4"}],"replies":[{"embeddable":true,"href":"https:\/\/politicosaldesnudo.com.mx\/index.php\/wp-json\/wp\/v2\/comments?post=73318"}],"version-history":[{"count":0,"href":"https:\/\/politicosaldesnudo.com.mx\/index.php\/wp-json\/wp\/v2\/posts\/73318\/revisions"}],"wp:featuredmedia":[{"embeddable":true,"href":"https:\/\/politicosaldesnudo.com.mx\/index.php\/wp-json\/wp\/v2\/media\/73319"}],"wp:attachment":[{"href":"https:\/\/politicosaldesnudo.com.mx\/index.php\/wp-json\/wp\/v2\/media?parent=73318"}],"wp:term":[{"taxonomy":"category","embeddable":true,"href":"https:\/\/politicosaldesnudo.com.mx\/index.php\/wp-json\/wp\/v2\/categories?post=73318"},{"taxonomy":"post_tag","embeddable":true,"href":"https:\/\/politicosaldesnudo.com.mx\/index.php\/wp-json\/wp\/v2\/tags?post=73318"}],"curies":[{"name":"wp","href":"https:\/\/api.w.org\/{rel}","templated":true}]}}