{"id":73321,"date":"2025-10-22T00:18:12","date_gmt":"2025-10-22T06:18:12","guid":{"rendered":"https:\/\/politicosaldesnudo.com.mx\/?p=73321"},"modified":"2025-10-22T00:18:29","modified_gmt":"2025-10-22T06:18:29","slug":"presidente-de-peru-declara-estado-de-emergencia-por-30-dias-en-lima","status":"publish","type":"post","link":"https:\/\/politicosaldesnudo.com.mx\/index.php\/2025\/10\/22\/presidente-de-peru-declara-estado-de-emergencia-por-30-dias-en-lima\/","title":{"rendered":"Presidente de Per\u00fa declara estado de emergencia por 30 d\u00edas en Lima"},"content":{"rendered":"<p class=\"nota-justify\">El presidente de Per\u00fa, Jos\u00e9 Jer\u00ed, anunci\u00f3 este martes que el pr\u00f3ximo mi\u00e9rcoles entrar\u00e1 en vigencia el estado de emergencia para la ciudad de Lima, capital del pa\u00eds, para luchar contra la delincuencia organizada.<\/p>\n<p class=\"nota-justify\">\u00abSe acab\u00f3: hoy empezamos a cambiar la historia en la lucha contra la inseguridad en el Per\u00fa\u00bb, manifest\u00f3 Jer\u00ed en un breve mensaje televisado en el que ha precisado que \u00abel estado de emergencia aprobado por el Consejo de Ministros entra en vigencia a las 00 horas y por 30 d\u00edas en Lima Metropolitana y Callao\u00bb.<\/p>\n<p class=\"nota-justify\">Asimismo, destac\u00f3 que el plan de su Ejecutivo \u00abpresenta un nuevo enfoque\u00bb. \u00abPasamos de la defensiva a la ofensiva en la lucha contra el crimen\u00bb, explic\u00f3 el mandatario interino, destacando que su plan le permitir\u00e1 al gobierno peruano \u00abrecuperar la paz, la tranquilidad y la confianza de millones de peruanos\u00bb. \u00abLas guerras se ganan con acciones, no con palabras\u00bb, concluy\u00f3. No obstante, las medidas adoptadas durante un estado de emergencia pueden variar seg\u00fan el motivo de su declaraci\u00f3n.<\/p>\n<p class=\"nota-justify\">La declaraci\u00f3n lleg\u00f3 cinco d\u00edas despu\u00e9s de que el primer ministro, Ernesto \u00c1lvarez, anunciase el plan de Lima, sin aludir a Callao. \u00abLa declaratoria de emergencia no puede resultar en m\u00e1s de lo mismo. No puede ser una medida gaseosa que no conduzca a nada en especial\u00bb, manifest\u00f3 entonces, aludiendo a un inminente \u00abpaquete completo de medidas concretas\u00bb que tampoco anunci\u00f3 a\u00fan Jer\u00ed.<\/p>\n<p class=\"nota-justify\">El mismo d\u00eda, el Congreso de Per\u00fa rechaz\u00f3 someter a votaci\u00f3n una moci\u00f3n de censura contra el mandatario apenas seis d\u00edas despu\u00e9s de su nombramiento y con motivo de la represi\u00f3n policial en la v\u00edspera que dej\u00f3 un var\u00f3n de 32 a\u00f1os muerto y 120 heridos.<\/p>\n","protected":false},"excerpt":{"rendered":"<p>El presidente de Per\u00fa, Jos\u00e9 Jer\u00ed, anunci\u00f3 este martes que el pr\u00f3ximo mi\u00e9rcoles entrar\u00e1 en vigencia el estado de emergencia<\/p>\n","protected":false},"author":4,"featured_media":73322,"comment_status":"closed","ping_status":"closed","sticky":false,"template":"","format":"standard","meta":{"colormag_page_container_layout":"default_layout","colormag_page_sidebar_layout":"default_layout","_jetpack_memberships_contains_paid_content":false,"footnotes":"","jetpack_publicize_message":"","jetpack_publicize_feature_enabled":true,"jetpack_social_post_already_shared":true,"jetpack_social_options":{"image_generator_settings":{"template":"highway","default_image_id":0,"font":"","enabled":false},"version":2}},"categories":[28],"tags":[],"class_list":["post-73321","post","type-post","status-publish","format-standard","has-post-thumbnail","hentry","category-internacional"],"jetpack_publicize_connections":[],"jetpack_featured_media_url":"https:\/\/i0.wp.com\/politicosaldesnudo.com.mx\/wp-content\/uploads\/2025\/10\/peri.jpg?fit=825%2C569&ssl=1","jetpack-related-posts":[],"jetpack_sharing_enabled":true,"_links":{"self":[{"href":"https:\/\/politicosaldesnudo.com.mx\/index.php\/wp-json\/wp\/v2\/posts\/73321","targetHints":{"allow":["GET"]}}],"collection":[{"href":"https:\/\/politicosaldesnudo.com.mx\/index.php\/wp-json\/wp\/v2\/posts"}],"about":[{"href":"https:\/\/politicosaldesnudo.com.mx\/index.php\/wp-json\/wp\/v2\/types\/post"}],"author":[{"embeddable":true,"href":"https:\/\/politicosaldesnudo.com.mx\/index.php\/wp-json\/wp\/v2\/users\/4"}],"replies":[{"embeddable":true,"href":"https:\/\/politicosaldesnudo.com.mx\/index.php\/wp-json\/wp\/v2\/comments?post=73321"}],"version-history":[{"count":0,"href":"https:\/\/politicosaldesnudo.com.mx\/index.php\/wp-json\/wp\/v2\/posts\/73321\/revisions"}],"wp:featuredmedia":[{"embeddable":true,"href":"https:\/\/politicosaldesnudo.com.mx\/index.php\/wp-json\/wp\/v2\/media\/73322"}],"wp:attachment":[{"href":"https:\/\/politicosaldesnudo.com.mx\/index.php\/wp-json\/wp\/v2\/media?parent=73321"}],"wp:term":[{"taxonomy":"category","embeddable":true,"href":"https:\/\/politicosaldesnudo.com.mx\/index.php\/wp-json\/wp\/v2\/categories?post=73321"},{"taxonomy":"post_tag","embeddable":true,"href":"https:\/\/politicosaldesnudo.com.mx\/index.php\/wp-json\/wp\/v2\/tags?post=73321"}],"curies":[{"name":"wp","href":"https:\/\/api.w.org\/{rel}","templated":true}]}}