{"id":7337,"date":"2022-07-06T05:40:12","date_gmt":"2022-07-06T10:40:12","guid":{"rendered":"https:\/\/politicosaldesnudo.com.mx\/?p=7337"},"modified":"2022-07-06T21:23:19","modified_gmt":"2022-07-07T02:23:19","slug":"el-bueno-es-adan","status":"publish","type":"post","link":"https:\/\/politicosaldesnudo.com.mx\/index.php\/2022\/07\/06\/el-bueno-es-adan\/","title":{"rendered":"El bueno es Ad\u00e1n"},"content":{"rendered":"<p class=\"p1\"><strong><span style=\"font-size: 18pt;\">Por Luis Ram\u00edrez Baqueiro<\/span><\/strong><\/p>\n<p class=\"p1\"><em><strong><span style=\"font-size: 18pt;\">\u201cLa confianza en uno mismo y la r\u00e1pida decisi\u00f3n son el preludio del \u00e9xito\u201d <\/span><\/strong><\/em><\/p>\n<p class=\"p1\"><span style=\"font-size: 18pt;\">\u2013 Jos\u00e9 Mart\u00ed \u2013 <\/span><\/p>\n<p class=\"p1\"><span style=\"font-size: 14pt;\">El mito de la creaci\u00f3n sit\u00faa a Ad\u00e1n y Eva como los primeros hombres en estar en la Tierra. Seg\u00fan las distintas religiones que los representan, la pareja fue creada por Dios, Yahv\u00e9 o Al\u00e1, cuando llegaron al sexto d\u00eda de la creaci\u00f3n del mundo.<\/span><\/p>\n<p class=\"p1\"><span style=\"font-size: 14pt;\">Ad\u00e1n fue el primero en aparecer, a imagen y semejanza de Dios. Este, al ver s\u00f3lo al hombre, de sus costillas hizo que naciera Eva. De esta pareja nacieron muchos hijos, aunque solo se les otorg\u00f3 nombre a los tres primeros: Ca\u00edn, Abel y Set.<\/span><\/p>\n<p class=\"p1\"><span style=\"font-size: 14pt;\">Seg\u00fan los relatos de la Biblia, Dios cre\u00f3 el mundo en siete d\u00edas. Tambi\u00e9n cre\u00f3 el Ed\u00e9n, o Para\u00edso. En este para\u00edso habitaban todos los animales del planeta y las plantas, adem\u00e1s de Ad\u00e1n y Eva.<\/span><\/p>\n<p class=\"p1\"><span style=\"font-size: 14pt;\">As\u00ed como lo cr\u00f3nica el relato b\u00edblico la 4T traza su futuro, y c\u00f3mo no habr\u00eda de ser as\u00ed, cuando el movimiento transformador que acab\u00f3 con cerca de 90 a\u00f1os de priismo recalcitrante es producto de un l\u00edder mesi\u00e1nico, creador y dador de toda la vida pol\u00edtica que se pueda tener o aspirar en M\u00e9xico.<\/span><\/p>\n<p class=\"p1\"><span style=\"font-size: 18pt;\"><strong>As\u00ed, Andr\u00e9s Manuel L\u00f3pez Obrador, parece que ha optado por buscar la analog\u00eda en el texto b\u00edblico para que el primero en sucederlo sea Ad\u00e1n, quien proviene del Para\u00edso, aunque lo que debemos aterrizar es que este Ad\u00e1n es su secretario de Gobernaci\u00f3n, Ad\u00e1n Augusto L\u00f3pez Hern\u00e1ndez, quien naciera en Para\u00edso, Tabasco un 24 de septiembre de 1963.<\/strong><\/span><\/p>\n<p>&nbsp;<\/p>\n<p><img data-recalc-dims=\"1\" loading=\"lazy\" decoding=\"async\" class=\"aligncenter wp-image-7339 size-large\" src=\"https:\/\/i0.wp.com\/politicosaldesnudo.com.mx\/wp-content\/uploads\/2022\/07\/P-ADAN-AUGUSTO-1024x573.png?resize=800%2C448&#038;ssl=1\" alt=\"\" width=\"800\" height=\"448\" srcset=\"https:\/\/i0.wp.com\/politicosaldesnudo.com.mx\/wp-content\/uploads\/2022\/07\/P-ADAN-AUGUSTO.png?resize=1024%2C573&amp;ssl=1 1024w, https:\/\/i0.wp.com\/politicosaldesnudo.com.mx\/wp-content\/uploads\/2022\/07\/P-ADAN-AUGUSTO.png?resize=300%2C168&amp;ssl=1 300w, https:\/\/i0.wp.com\/politicosaldesnudo.com.mx\/wp-content\/uploads\/2022\/07\/P-ADAN-AUGUSTO.png?resize=768%2C430&amp;ssl=1 768w, https:\/\/i0.wp.com\/politicosaldesnudo.com.mx\/wp-content\/uploads\/2022\/07\/P-ADAN-AUGUSTO.png?resize=1536%2C859&amp;ssl=1 1536w, https:\/\/i0.wp.com\/politicosaldesnudo.com.mx\/wp-content\/uploads\/2022\/07\/P-ADAN-AUGUSTO.png?w=1816&amp;ssl=1 1816w, https:\/\/i0.wp.com\/politicosaldesnudo.com.mx\/wp-content\/uploads\/2022\/07\/P-ADAN-AUGUSTO.png?w=1600&amp;ssl=1 1600w\" sizes=\"auto, (max-width: 800px) 100vw, 800px\" \/><\/p>\n<p>&nbsp;<\/p>\n<p class=\"p1\"><span style=\"font-size: 18pt;\"><strong>Este ex priista y ex perredista, quien dejar\u00e1 su estado siendo Gobernador para sumarse al Gabinete de la Cuarta Transformaci\u00f3n para cerrar con el propio L\u00f3pez Obrador los temas que no terminaba de cerrarse con m\u00e1s oficio pol\u00edtico que su antecesora, -a la que dicho sea no la dejaron operar-, se encamina para suceder al tambi\u00e9n tabasque\u00f1o en el cargo.<\/strong><\/span><\/p>\n<p class=\"p1\"><span style=\"font-size: 14pt;\">Y as\u00ed como lo hiciera Miguel Alem\u00e1n Valdez con Adolfo Ruiz Cortines, dejar a un paisano en el despacho presidencial de Palacio Nacional, quien por mucho, le habr\u00e1 de garantizar su salida para alejarse de la vida p\u00fablica dictar la direcci\u00f3n del rumbo nacional.<\/span><\/p>\n<p class=\"p1\"><span style=\"font-size: 18pt;\"><strong>L\u00f3pez Hern\u00e1ndez tiene grandes ligas y nexos con Veracruz, dentro de su equipo de trabajo tiene un grupo importante de veracruzanos, pero sobre todo, ha trabado ligas con varios actores pol\u00edticos a los que consulta de manera permanente para saber cual es la situaci\u00f3n que enfrenta y atraviesa la entidad.<\/strong><\/span><\/p>\n<p class=\"p1\"><span style=\"font-size: 14pt;\">No es de extra\u00f1arse que fuera \u00e9l quien re direccionar\u00e1 el rumbo del morenismo veracruzano, su presencia ha detenido el tosco e irracional proceder del actual secretario de Gobierno, E. Patrocinio Cisneros Burgos, a quien tuvo que pararlo en seco, con la exhibici\u00f3n de un expediente m\u00e1s grueso que la Biblia de las Abuelitas, en donde se le imputan todas y cada una de sus tropel\u00edas.<\/span><\/p>\n<p class=\"p1\"><span style=\"font-size: 14pt;\">As\u00ed, tambi\u00e9n, le alej\u00f3 de la propia Roc\u00edo Nahle Garc\u00eda, aspirante a la gubernatura de Veracruz, a la que m\u00e1s da\u00f1o colateral le ha causado.<\/span><\/p>\n<p class=\"p1\"><span style=\"font-size: 14pt;\">Pero tambi\u00e9n, \u00e9l ha entablado una gran relaci\u00f3n con personajes y actores a los cuales no se les debe perder el rumbo y ese es el tr\u00edo \u2013Cazar\u00edn-Zenyazen-Lima Franco- a quienes les ha encomendado ya misiones espec\u00edficas, mismas que ya han comenzado a cumplir puntualmente.<\/span><\/p>\n<p class=\"p1\"><span style=\"font-size: 14pt;\">As\u00ed que, desde empresarios, actores magisteriales, actores pol\u00edticos, sociales, sindicales, cerrar\u00e1n filas llegado el momento.<\/span><\/p>\n<p class=\"p1\"><span style=\"font-size: 18pt;\"><strong>Queda claro que, as\u00ed como lo cuenta la historia \u00a1El bueno es Ad\u00e1n!<\/strong><\/span><\/p>\n<p>&nbsp;<\/p>\n<p class=\"p1\"><span style=\"font-size: 18pt;\"><strong>Al tiempo.<\/strong><\/span><\/p>\n<p>&nbsp;<\/p>\n<p class=\"p1\"><span style=\"font-size: 18pt;\"><strong>Correo: <a href=\"mailto:astrolabiopoliticomx@gmail.com\">astrolabiopoliticomx@gmail.com<\/a><\/strong><\/span><\/p>\n<p class=\"p1\"><span style=\"font-size: 18pt;\"><strong>Twitter: <a href=\"http:\/\/www.twitter.com\/LuisBaqueiro_mx\">@LuisBaqueiro_mx<\/a><\/strong><\/span><\/p>\n<p>&nbsp;<\/p>\n<p><span style=\"font-size: 18pt; color: #319eca;\"><em><strong>**Las columnas firmadas en este medio son responsabilidad de quienes las firman**<\/strong><\/em><\/span><\/p>\n<p>&nbsp;<\/p>\n<p>&nbsp;<\/p>\n<p>&nbsp;<\/p>\n<p>&nbsp;<\/p>\n","protected":false},"excerpt":{"rendered":"<p>Por Luis Ram\u00edrez Baqueiro \u201cLa confianza en uno mismo y la r\u00e1pida decisi\u00f3n son el preludio del \u00e9xito\u201d \u2013 Jos\u00e9<\/p>\n","protected":false},"author":4,"featured_media":4390,"comment_status":"closed","ping_status":"closed","sticky":false,"template":"","format":"standard","meta":{"colormag_page_container_layout":"default_layout","colormag_page_sidebar_layout":"default_layout","_jetpack_memberships_contains_paid_content":false,"footnotes":"","jetpack_publicize_message":"","jetpack_publicize_feature_enabled":true,"jetpack_social_post_already_shared":false,"jetpack_social_options":{"image_generator_settings":{"template":"highway","default_image_id":0,"font":"","enabled":false},"version":2}},"categories":[26],"tags":[386,1022,95],"class_list":["post-7337","post","type-post","status-publish","format-standard","has-post-thumbnail","hentry","category-columnistas","tag-4t","tag-adan-augusto-lopez","tag-andres-manuel-lopez-obrador"],"jetpack_publicize_connections":[],"jetpack_featured_media_url":"https:\/\/i0.wp.com\/politicosaldesnudo.com.mx\/wp-content\/uploads\/2022\/04\/LUIS-RAMI%CC%81REZ-BAQUEIRO.png?fit=1816%2C1016&ssl=1","jetpack-related-posts":[],"jetpack_sharing_enabled":true,"_links":{"self":[{"href":"https:\/\/politicosaldesnudo.com.mx\/index.php\/wp-json\/wp\/v2\/posts\/7337","targetHints":{"allow":["GET"]}}],"collection":[{"href":"https:\/\/politicosaldesnudo.com.mx\/index.php\/wp-json\/wp\/v2\/posts"}],"about":[{"href":"https:\/\/politicosaldesnudo.com.mx\/index.php\/wp-json\/wp\/v2\/types\/post"}],"author":[{"embeddable":true,"href":"https:\/\/politicosaldesnudo.com.mx\/index.php\/wp-json\/wp\/v2\/users\/4"}],"replies":[{"embeddable":true,"href":"https:\/\/politicosaldesnudo.com.mx\/index.php\/wp-json\/wp\/v2\/comments?post=7337"}],"version-history":[{"count":0,"href":"https:\/\/politicosaldesnudo.com.mx\/index.php\/wp-json\/wp\/v2\/posts\/7337\/revisions"}],"wp:featuredmedia":[{"embeddable":true,"href":"https:\/\/politicosaldesnudo.com.mx\/index.php\/wp-json\/wp\/v2\/media\/4390"}],"wp:attachment":[{"href":"https:\/\/politicosaldesnudo.com.mx\/index.php\/wp-json\/wp\/v2\/media?parent=7337"}],"wp:term":[{"taxonomy":"category","embeddable":true,"href":"https:\/\/politicosaldesnudo.com.mx\/index.php\/wp-json\/wp\/v2\/categories?post=7337"},{"taxonomy":"post_tag","embeddable":true,"href":"https:\/\/politicosaldesnudo.com.mx\/index.php\/wp-json\/wp\/v2\/tags?post=7337"}],"curies":[{"name":"wp","href":"https:\/\/api.w.org\/{rel}","templated":true}]}}