{"id":73384,"date":"2025-10-23T00:15:09","date_gmt":"2025-10-23T06:15:09","guid":{"rendered":"https:\/\/politicosaldesnudo.com.mx\/?p=73384"},"modified":"2025-10-22T20:35:37","modified_gmt":"2025-10-23T02:35:37","slug":"por-presuntos-nexos-con-la-barredora-capturan-a-ex-secretario-de-teapa-tabasco","status":"publish","type":"post","link":"https:\/\/politicosaldesnudo.com.mx\/index.php\/2025\/10\/23\/por-presuntos-nexos-con-la-barredora-capturan-a-ex-secretario-de-teapa-tabasco\/","title":{"rendered":"Por presuntos nexos con &#8216;La Barredora&#8217;, capturan a ex secretario de Teapa, Tabasco"},"content":{"rendered":"<p class=\"nota-justify\">Elementos de la\u00a0Fuerza Interinstitucional de Reacci\u00f3n T\u00e1ctica (FIRT) Olmeca, detuvieron al ex secretario del ayuntamiento de Teapa, Iv\u00e1n Garc\u00eda S\u00e1nchez,\u00a0por su presunta participaci\u00f3n en la banda criminal\u00a0<i>La Barredora<\/i>.<\/p>\n<p>El acusado de delincuencia organizada, fue secretario del ayuntamiento en esa poblaci\u00f3n de la zona de los r\u00edos en la administraci\u00f3n municipal de Alma Espada, (2021-2014) quien gobern\u00f3 bajo las siglas de Morena.<\/p>\n<p>De acuerdo con fuentes de la fiscal\u00eda de Tabasco, la aprehensi\u00f3n se llev\u00f3 a cabo debido a que al ex funcionario le siguen varias investigaciones, las autoridades lo relacionan con la banda delincuencial que encabezaba en Tabasco, Hern\u00e1n Berm\u00fadez Requena, ex secretario de Seguridad y Protecci\u00f3n Ciudadana, actualmente preso en Almoloya.<\/p>\n<p class=\"nota-justify\">La detenci\u00f3n se realiz\u00f3 mediante un operativo en el domicilio del ex funcionario en su natal Teapa, ya que est\u00e1 siendo investigado por su presunta relaci\u00f3n con el grupo delictivo\u00a0<i>La Barredora<\/i>.<\/p>\n<p class=\"nota-justify\">Tras su arresto, las autoridades judiciales reforzaron la seguridad en el municipio de Teapa.<\/p>\n","protected":false},"excerpt":{"rendered":"<p>Elementos de la\u00a0Fuerza Interinstitucional de Reacci\u00f3n T\u00e1ctica (FIRT) Olmeca, detuvieron al ex secretario del ayuntamiento de Teapa, Iv\u00e1n Garc\u00eda S\u00e1nchez,\u00a0por<\/p>\n","protected":false},"author":4,"featured_media":73385,"comment_status":"closed","ping_status":"closed","sticky":false,"template":"","format":"standard","meta":{"colormag_page_container_layout":"default_layout","colormag_page_sidebar_layout":"default_layout","_jetpack_memberships_contains_paid_content":false,"footnotes":"","jetpack_publicize_message":"","jetpack_publicize_feature_enabled":true,"jetpack_social_post_already_shared":true,"jetpack_social_options":{"image_generator_settings":{"template":"highway","default_image_id":0,"font":"","enabled":false},"version":2}},"categories":[30],"tags":[],"class_list":["post-73384","post","type-post","status-publish","format-standard","has-post-thumbnail","hentry","category-estados"],"jetpack_publicize_connections":[],"jetpack_featured_media_url":"https:\/\/i0.wp.com\/politicosaldesnudo.com.mx\/wp-content\/uploads\/2025\/10\/TABN.jpg?fit=825%2C569&ssl=1","jetpack-related-posts":[],"jetpack_sharing_enabled":true,"_links":{"self":[{"href":"https:\/\/politicosaldesnudo.com.mx\/index.php\/wp-json\/wp\/v2\/posts\/73384","targetHints":{"allow":["GET"]}}],"collection":[{"href":"https:\/\/politicosaldesnudo.com.mx\/index.php\/wp-json\/wp\/v2\/posts"}],"about":[{"href":"https:\/\/politicosaldesnudo.com.mx\/index.php\/wp-json\/wp\/v2\/types\/post"}],"author":[{"embeddable":true,"href":"https:\/\/politicosaldesnudo.com.mx\/index.php\/wp-json\/wp\/v2\/users\/4"}],"replies":[{"embeddable":true,"href":"https:\/\/politicosaldesnudo.com.mx\/index.php\/wp-json\/wp\/v2\/comments?post=73384"}],"version-history":[{"count":0,"href":"https:\/\/politicosaldesnudo.com.mx\/index.php\/wp-json\/wp\/v2\/posts\/73384\/revisions"}],"wp:featuredmedia":[{"embeddable":true,"href":"https:\/\/politicosaldesnudo.com.mx\/index.php\/wp-json\/wp\/v2\/media\/73385"}],"wp:attachment":[{"href":"https:\/\/politicosaldesnudo.com.mx\/index.php\/wp-json\/wp\/v2\/media?parent=73384"}],"wp:term":[{"taxonomy":"category","embeddable":true,"href":"https:\/\/politicosaldesnudo.com.mx\/index.php\/wp-json\/wp\/v2\/categories?post=73384"},{"taxonomy":"post_tag","embeddable":true,"href":"https:\/\/politicosaldesnudo.com.mx\/index.php\/wp-json\/wp\/v2\/tags?post=73384"}],"curies":[{"name":"wp","href":"https:\/\/api.w.org\/{rel}","templated":true}]}}