{"id":73396,"date":"2025-10-23T00:19:39","date_gmt":"2025-10-23T06:19:39","guid":{"rendered":"https:\/\/politicosaldesnudo.com.mx\/?p=73396"},"modified":"2025-10-22T20:46:09","modified_gmt":"2025-10-23T02:46:09","slug":"cuba-denuncia-campana-calumniosa-de-eu-para-que-paises-no-respalden-mocion-de-levantar-bloqueo","status":"publish","type":"post","link":"https:\/\/politicosaldesnudo.com.mx\/index.php\/2025\/10\/23\/cuba-denuncia-campana-calumniosa-de-eu-para-que-paises-no-respalden-mocion-de-levantar-bloqueo\/","title":{"rendered":"Cuba denuncia campa\u00f1a \u00abcalumniosa\u00bb de EU para que pa\u00edses no respalden moci\u00f3n de levantar bloqueo"},"content":{"rendered":"<p class=\"nota-justify\">El canciller de Cuba, Bruno Rodr\u00edguez Parrilla, denunci\u00f3 una \u00abcampa\u00f1a calumniosa\u00bb y \u00abmendaz\u00bb por parte de Estados Unidos para presionar a pa\u00edses de Am\u00e9rica Latina y Europa a que modifiquen su hist\u00f3rico voto anual y no respalden la resoluci\u00f3n en la ONU que reclama el fin del bloqueo econ\u00f3mico, comercial y financiero de Washington contra la naci\u00f3n caribe\u00f1a.<\/p>\n<p class=\"nota-justify\">Rodr\u00edguez mostr\u00f3 a periodistas dos cartas enviadas por el Departamento de Estado estadunidense a los representantes de naciones con asiento en el organismo internacional pidi\u00e9ndoles que rechacen la moci\u00f3n cubana de levantar el bloqueo impuesto desde 1992.<\/p>\n<p class=\"nota-justify\">El canciller indic\u00f3 que varias de las afirmaciones de dichas misivas (una del 8 de octubre y otras del 17 del mismo mes) eran \u201ccalumnias\u201d y \u201cmentiras\u201d, como que Cuba envi\u00f3 20 mil soldados a Rusia para luchar contra Ucrania o que las sanciones no afectan el comercio internacional de la isla o a su pueblo.<\/p>\n<p class=\"nota-justify\">\u201cEl gobierno de Estados Unidos combina esta pol\u00edtica de presi\u00f3n extrema, un despliegue extraordinario totalmente inusual\u2026 con una campa\u00f1a calumniosa, mendaz de intoxicaci\u00f3n informativa\u201d, declar\u00f3 Rodr\u00edguez.<\/p>\n","protected":false},"excerpt":{"rendered":"<p>El canciller de Cuba, Bruno Rodr\u00edguez Parrilla, denunci\u00f3 una \u00abcampa\u00f1a calumniosa\u00bb y \u00abmendaz\u00bb por parte de Estados Unidos para presionar<\/p>\n","protected":false},"author":4,"featured_media":73397,"comment_status":"closed","ping_status":"closed","sticky":false,"template":"","format":"standard","meta":{"colormag_page_container_layout":"default_layout","colormag_page_sidebar_layout":"default_layout","_jetpack_memberships_contains_paid_content":false,"footnotes":"","jetpack_publicize_message":"","jetpack_publicize_feature_enabled":true,"jetpack_social_post_already_shared":true,"jetpack_social_options":{"image_generator_settings":{"template":"highway","default_image_id":0,"font":"","enabled":false},"version":2}},"categories":[28],"tags":[],"class_list":["post-73396","post","type-post","status-publish","format-standard","has-post-thumbnail","hentry","category-internacional"],"jetpack_publicize_connections":[],"jetpack_featured_media_url":"https:\/\/i0.wp.com\/politicosaldesnudo.com.mx\/wp-content\/uploads\/2025\/10\/CUB.jpg?fit=825%2C569&ssl=1","jetpack-related-posts":[],"jetpack_sharing_enabled":true,"_links":{"self":[{"href":"https:\/\/politicosaldesnudo.com.mx\/index.php\/wp-json\/wp\/v2\/posts\/73396","targetHints":{"allow":["GET"]}}],"collection":[{"href":"https:\/\/politicosaldesnudo.com.mx\/index.php\/wp-json\/wp\/v2\/posts"}],"about":[{"href":"https:\/\/politicosaldesnudo.com.mx\/index.php\/wp-json\/wp\/v2\/types\/post"}],"author":[{"embeddable":true,"href":"https:\/\/politicosaldesnudo.com.mx\/index.php\/wp-json\/wp\/v2\/users\/4"}],"replies":[{"embeddable":true,"href":"https:\/\/politicosaldesnudo.com.mx\/index.php\/wp-json\/wp\/v2\/comments?post=73396"}],"version-history":[{"count":0,"href":"https:\/\/politicosaldesnudo.com.mx\/index.php\/wp-json\/wp\/v2\/posts\/73396\/revisions"}],"wp:featuredmedia":[{"embeddable":true,"href":"https:\/\/politicosaldesnudo.com.mx\/index.php\/wp-json\/wp\/v2\/media\/73397"}],"wp:attachment":[{"href":"https:\/\/politicosaldesnudo.com.mx\/index.php\/wp-json\/wp\/v2\/media?parent=73396"}],"wp:term":[{"taxonomy":"category","embeddable":true,"href":"https:\/\/politicosaldesnudo.com.mx\/index.php\/wp-json\/wp\/v2\/categories?post=73396"},{"taxonomy":"post_tag","embeddable":true,"href":"https:\/\/politicosaldesnudo.com.mx\/index.php\/wp-json\/wp\/v2\/tags?post=73396"}],"curies":[{"name":"wp","href":"https:\/\/api.w.org\/{rel}","templated":true}]}}