{"id":73465,"date":"2025-10-24T00:18:27","date_gmt":"2025-10-24T06:18:27","guid":{"rendered":"https:\/\/politicosaldesnudo.com.mx\/?p=73465"},"modified":"2025-10-23T22:29:06","modified_gmt":"2025-10-24T04:29:06","slug":"politicos-de-al-llaman-a-respetar-soberania-ante-amenaza-de-intervencion-de-eu-en-venezuela","status":"publish","type":"post","link":"https:\/\/politicosaldesnudo.com.mx\/index.php\/2025\/10\/24\/politicos-de-al-llaman-a-respetar-soberania-ante-amenaza-de-intervencion-de-eu-en-venezuela\/","title":{"rendered":"Pol\u00edticos de AL llaman a respetar soberan\u00eda ante amenaza de intervenci\u00f3n de EU en Venezuela"},"content":{"rendered":"<p class=\"nota-justify\">En una declaraci\u00f3n conjunta, l\u00edderes pol\u00edticos y parlamentarios progresistas de Am\u00e9rica Latina exhortaron a defender la soberan\u00eda, la seguridad y la paz del continente ante las amenazas de intervenci\u00f3n armada contra Venezuela enarboladas por Estados Unidos<\/p>\n<p class=\"nota-justify\">A continuaci\u00f3n, reproducimos de manera \u00edntegra el comunicado y a sus firmantes.<\/p>\n<p class=\"nota-justify\"><strong>Declaraci\u00f3n por la soberan\u00eda, la seguridad, y la paz de nuestro continente<\/strong><\/p>\n<p class=\"nota-justify\">Nosotros, los parlamentarios y dirigentes pol\u00edticos abajo firmantes de toda Am\u00e9rica Latina y el Caribe, nos unimos en defensa de la soberan\u00eda, la seguridad y la paz duradera en nuestra regi\u00f3n frente a la inminente amenaza de intervenci\u00f3n armada en Venezuela.<\/p>\n<p class=\"nota-justify\">Nuestro continente logr\u00f3 un triunfo hist\u00f3rico cuando la Comunidad de Estados Latinoamericanos y Caribe\u00f1os (Celac) declar\u00f3 a la regi\u00f3n como una \u00abZona de Paz\u00bb, hace una d\u00e9cada. Esta declaraci\u00f3n represent\u00f3 la voluntad colectiva de nuestros pueblos: resolver nuestras diferencias a trav\u00e9s del di\u00e1logo y la cooperaci\u00f3n, y no a trav\u00e9s de la violencia y la intervenci\u00f3n.<\/p>\n<p class=\"nota-justify\">Hoy, ese triunfo est\u00e1 bajo amenaza. La administraci\u00f3n Trump est\u00e1 intensificando una peligrosa escalada militar frente a las costas de Venezuela, desplegando fuerzas navales en el Caribe en preparaci\u00f3n para una posible intervenci\u00f3n armada. El pretexto es conocido. El presidente Trump justifica la intervenci\u00f3n de los Estados Unidos en Venezuela como un medio para combatir los \u00abc\u00e1rteles\u00bb, celebrando los ataques letales contra pescadores acusados de transportar drogas. Ya hemos vivido esta cat\u00e1strofe. En Colombia, en M\u00e9xico y en toda nuestra regi\u00f3n, la primera \u00abguerra contra las drogas\u00bb de los Estados Unidos solo trajo consigo derramamiento de sangre, despojo y desestabilizaci\u00f3n.<\/p>\n<p class=\"nota-justify\">Ahora, la administraci\u00f3n Trump planea liderar una nueva \u00abguerra contra las drogas\u00bb. Esa guerra parece empezar con un cambio de r\u00e9gimen en Venezuela, pero sabemos que no terminar\u00e1 ah\u00ed. Estados Unidos ya est\u00e1 amenazando con ataques ilegales con drones en suelo mexicano en nombre de su \u00abseguridad nacional\u00bb. Si no defendemos la paz ahora, corremos el riesgo de una nueva ola de intervenciones armadas en toda la regi\u00f3n, lo que desencadenar\u00eda una crisis humanitaria de proporciones inimaginables en todos nuestros pa\u00edses.<\/p>\n<p class=\"nota-justify\">Ya vivimos esta pesadilla antes. Las intervenciones militares de Estados Unidos en el siglo XX resultaron en dictaduras, desapariciones y d\u00e9cadas de trauma a nuestras naciones. Conocemos el terrible costo de permitir que potencias extranjeras hagan la guerra en nuestro continente. No podemos permitir, ni permitiremos, que la historia se repita.<\/p>\n<p class=\"nota-justify\">Solo la unidad de todas las fuerzas pol\u00edticas organizadas de Am\u00e9rica Latina y el Caribe es lo suficientemente poderosa como para evitar esta cat\u00e1strofe. A pesar de nuestros diferentes contextos pol\u00edticos, compartimos una causa com\u00fan: la soberan\u00eda de nuestras naciones y la seguridad de nuestros pueblos. Debemos permanecer unidos ahora.<\/p>\n<p class=\"nota-justify\">Es nuestra responsabilidad defender la Zona de Paz. El futuro de nuestro continente depende de nuestra unidad en este momento.<\/p>\n<div class=\"teads-inread sm-screen\">\n<div>\n<div class=\"teads-ui-components-adchoices\"><\/div>\n<\/div>\n<\/div>\n","protected":false},"excerpt":{"rendered":"<p>En una declaraci\u00f3n conjunta, l\u00edderes pol\u00edticos y parlamentarios progresistas de Am\u00e9rica Latina exhortaron a defender la soberan\u00eda, la seguridad y<\/p>\n","protected":false},"author":4,"featured_media":73466,"comment_status":"closed","ping_status":"closed","sticky":false,"template":"","format":"standard","meta":{"colormag_page_container_layout":"default_layout","colormag_page_sidebar_layout":"default_layout","_jetpack_memberships_contains_paid_content":false,"footnotes":"","jetpack_publicize_message":"","jetpack_publicize_feature_enabled":true,"jetpack_social_post_already_shared":true,"jetpack_social_options":{"image_generator_settings":{"template":"highway","default_image_id":0,"font":"","enabled":false},"version":2}},"categories":[28],"tags":[],"class_list":["post-73465","post","type-post","status-publish","format-standard","has-post-thumbnail","hentry","category-internacional"],"jetpack_publicize_connections":[],"jetpack_featured_media_url":"https:\/\/i0.wp.com\/politicosaldesnudo.com.mx\/wp-content\/uploads\/2025\/10\/AMUL.jpg?fit=825%2C569&ssl=1","jetpack-related-posts":[],"jetpack_sharing_enabled":true,"_links":{"self":[{"href":"https:\/\/politicosaldesnudo.com.mx\/index.php\/wp-json\/wp\/v2\/posts\/73465","targetHints":{"allow":["GET"]}}],"collection":[{"href":"https:\/\/politicosaldesnudo.com.mx\/index.php\/wp-json\/wp\/v2\/posts"}],"about":[{"href":"https:\/\/politicosaldesnudo.com.mx\/index.php\/wp-json\/wp\/v2\/types\/post"}],"author":[{"embeddable":true,"href":"https:\/\/politicosaldesnudo.com.mx\/index.php\/wp-json\/wp\/v2\/users\/4"}],"replies":[{"embeddable":true,"href":"https:\/\/politicosaldesnudo.com.mx\/index.php\/wp-json\/wp\/v2\/comments?post=73465"}],"version-history":[{"count":0,"href":"https:\/\/politicosaldesnudo.com.mx\/index.php\/wp-json\/wp\/v2\/posts\/73465\/revisions"}],"wp:featuredmedia":[{"embeddable":true,"href":"https:\/\/politicosaldesnudo.com.mx\/index.php\/wp-json\/wp\/v2\/media\/73466"}],"wp:attachment":[{"href":"https:\/\/politicosaldesnudo.com.mx\/index.php\/wp-json\/wp\/v2\/media?parent=73465"}],"wp:term":[{"taxonomy":"category","embeddable":true,"href":"https:\/\/politicosaldesnudo.com.mx\/index.php\/wp-json\/wp\/v2\/categories?post=73465"},{"taxonomy":"post_tag","embeddable":true,"href":"https:\/\/politicosaldesnudo.com.mx\/index.php\/wp-json\/wp\/v2\/tags?post=73465"}],"curies":[{"name":"wp","href":"https:\/\/api.w.org\/{rel}","templated":true}]}}