{"id":73480,"date":"2025-10-25T00:02:50","date_gmt":"2025-10-25T06:02:50","guid":{"rendered":"https:\/\/politicosaldesnudo.com.mx\/?p=73480"},"modified":"2025-10-24T18:30:24","modified_gmt":"2025-10-25T00:30:24","slug":"abastecen-el-vital-liquido","status":"publish","type":"post","link":"https:\/\/politicosaldesnudo.com.mx\/index.php\/2025\/10\/25\/abastecen-el-vital-liquido\/","title":{"rendered":"Abastecen el vital l\u00edquido"},"content":{"rendered":"<p>Ante la falta de agua potable que afecta a miles de familias tuxpe\u00f1as, brigadas de la Comisi\u00f3n Nacional del Agua (Conagua) arribaron a Tuxpan para reforzar las acciones de abasto emergente del vital l\u00edquido, luego de los problemas registrados en el sistema de captaci\u00f3n a causa del derrame de hidrocarburo en el r\u00edo.<\/p>\n<p>La dependencia federal inform\u00f3 que se desplegaron 15 autotanques para distribuir agua potable en diferentes puntos del municipio, adem\u00e1s de la instalaci\u00f3n de una planta potabilizadora que permitir\u00e1 garantizar el suministro seguro y de calidad para el consumo humano.<\/p>\n<p>Estas acciones forman parte del plan de atenci\u00f3n implementado por el Gobierno de M\u00e9xico, que mantiene presencia constante en las zonas afectadas, brindando apoyo a la poblaci\u00f3n que a\u00fan resiente las consecuencias de la contingencia ambiental y las recientes inundaciones.<\/p>\n<p>Autoridades locales y estatales trabajan de manera coordinada con personal t\u00e9cnico de Conagua para establecer rutas de distribuci\u00f3n, priorizando hospitales, escuelas, albergues y colonias donde la escasez de agua ha sido m\u00e1s severa.<\/p>\n<p>Mientras tanto, se contin\u00faa con las labores de limpieza y saneamiento en el \u00e1rea de captaci\u00f3n del sistema, con el objetivo de restablecer gradualmente el servicio regular en los pr\u00f3ximos d\u00edas, una vez que las condiciones del afluente\u00a0sean\u00a0seguras.<\/p>\n","protected":false},"excerpt":{"rendered":"<p>Ante la falta de agua potable que afecta a miles de familias tuxpe\u00f1as, brigadas de la Comisi\u00f3n Nacional del Agua<\/p>\n","protected":false},"author":4,"featured_media":73481,"comment_status":"closed","ping_status":"closed","sticky":false,"template":"","format":"standard","meta":{"colormag_page_container_layout":"default_layout","colormag_page_sidebar_layout":"default_layout","_jetpack_memberships_contains_paid_content":false,"footnotes":"","jetpack_publicize_message":"","jetpack_publicize_feature_enabled":true,"jetpack_social_post_already_shared":true,"jetpack_social_options":{"image_generator_settings":{"template":"highway","default_image_id":0,"font":"","enabled":false},"version":2}},"categories":[1082],"tags":[],"class_list":["post-73480","post","type-post","status-publish","format-standard","has-post-thumbnail","hentry","category-tuxpan"],"jetpack_publicize_connections":[],"jetpack_featured_media_url":"https:\/\/i0.wp.com\/politicosaldesnudo.com.mx\/wp-content\/uploads\/2025\/10\/AGFU.jpg?fit=1024%2C1024&ssl=1","jetpack-related-posts":[],"jetpack_sharing_enabled":true,"_links":{"self":[{"href":"https:\/\/politicosaldesnudo.com.mx\/index.php\/wp-json\/wp\/v2\/posts\/73480","targetHints":{"allow":["GET"]}}],"collection":[{"href":"https:\/\/politicosaldesnudo.com.mx\/index.php\/wp-json\/wp\/v2\/posts"}],"about":[{"href":"https:\/\/politicosaldesnudo.com.mx\/index.php\/wp-json\/wp\/v2\/types\/post"}],"author":[{"embeddable":true,"href":"https:\/\/politicosaldesnudo.com.mx\/index.php\/wp-json\/wp\/v2\/users\/4"}],"replies":[{"embeddable":true,"href":"https:\/\/politicosaldesnudo.com.mx\/index.php\/wp-json\/wp\/v2\/comments?post=73480"}],"version-history":[{"count":0,"href":"https:\/\/politicosaldesnudo.com.mx\/index.php\/wp-json\/wp\/v2\/posts\/73480\/revisions"}],"wp:featuredmedia":[{"embeddable":true,"href":"https:\/\/politicosaldesnudo.com.mx\/index.php\/wp-json\/wp\/v2\/media\/73481"}],"wp:attachment":[{"href":"https:\/\/politicosaldesnudo.com.mx\/index.php\/wp-json\/wp\/v2\/media?parent=73480"}],"wp:term":[{"taxonomy":"category","embeddable":true,"href":"https:\/\/politicosaldesnudo.com.mx\/index.php\/wp-json\/wp\/v2\/categories?post=73480"},{"taxonomy":"post_tag","embeddable":true,"href":"https:\/\/politicosaldesnudo.com.mx\/index.php\/wp-json\/wp\/v2\/tags?post=73480"}],"curies":[{"name":"wp","href":"https:\/\/api.w.org\/{rel}","templated":true}]}}