{"id":73489,"date":"2025-10-25T00:05:56","date_gmt":"2025-10-25T06:05:56","guid":{"rendered":"https:\/\/politicosaldesnudo.com.mx\/?p=73489"},"modified":"2025-10-24T19:09:24","modified_gmt":"2025-10-25T01:09:24","slug":"la-extincion-del-fonden-fue-necesaria-se-convirtio-en-un-lastre-burocractico-buenrostro","status":"publish","type":"post","link":"https:\/\/politicosaldesnudo.com.mx\/index.php\/2025\/10\/25\/la-extincion-del-fonden-fue-necesaria-se-convirtio-en-un-lastre-burocractico-buenrostro\/","title":{"rendered":"La extinci\u00f3n del Fonden fue necesaria, se convirti\u00f3 en un lastre burocr\u00e1ctico: Buenrostro"},"content":{"rendered":"<p class=\"nota-justify\">La secretaria de Anticorrupci\u00f3n y Buen Gobierno, Raquel Buenrostro S\u00e1nchez, afirm\u00f3 este viernes que el Fondo de Desastres Naturales (Fonden) se convirti\u00f3 en un lastre burocr\u00e1tico que imped\u00eda atender con rapidez las emergencias, por lo que su extinci\u00f3n en 2021 fue necesaria.<\/p>\n<p class=\"nota-justify\">En la conferencia de prensa matutina encabezada por la presidenta Claudia Sheinbaum Pardo en Palacio Nacional, la funcionaria expuso que el fideicomiso, creado en 1999, se convirti\u00f3 en un mecanismo opaco, lento y susceptible a la corrupci\u00f3n.<\/p>\n<p class=\"nota-justify\">Buenrostro explic\u00f3 que el Fonden surgi\u00f3 en 1996 y tres a\u00f1os despu\u00e9s se constituy\u00f3 formalmente como un fideicomiso federal. Sin embargo, desde su origen, las reglas lo hicieron ineficiente: la Federaci\u00f3n s\u00f3lo aportaba recursos si los gobiernos estatales o municipales pon\u00edan parte del dinero, lo que retrasaba la entrega de apoyos.<\/p>\n<p class=\"nota-justify\">\u201cLos tr\u00e1mites pod\u00edan tardar hasta 120 d\u00edas; cuando llegaba la ayuda, ya hab\u00eda pasado la emergencia\u201d, se\u00f1al\u00f3.<\/p>\n<p class=\"nota-justify\">Record\u00f3 que entre 2000 y 2009 se endurecieron los procedimientos, volviendo a\u00fan m\u00e1s complejo el acceso a los fondos. Para intentar agilizar la atenci\u00f3n, se cre\u00f3 el programa Apoyo Parcial Inmediato, aunque las deficiencias persistieron. En 2010 se modificaron las reglas para permitir que la Federaci\u00f3n aportara hasta el 50 por ciento de los recursos sin requerir la participaci\u00f3n de los estados o municipios, pero la estructura segu\u00eda siendo inoperante.<\/p>\n<p class=\"nota-justify\">La secretaria record\u00f3 tambi\u00e9n casos emblem\u00e1ticos de opacidad en el manejo del Fonden, como los ocurridos en Veracruz y Tabasco, donde se detectaron irregularidades en el uso de los recursos destinados a la atenci\u00f3n de desastres. En Veracruz, por ejemplo, se\u00f1al\u00f3 que se devolvieron m\u00e1s de 500 millones de pesos sin utilizar, mientras que en Tabasco se destinaron fondos a gastos corrientes, como telefon\u00eda o servicios administrativos, en lugar de apoyar a la poblaci\u00f3n damnificada.<\/p>\n<p class=\"nota-justify\">Buenrostro subray\u00f3 que, seg\u00fan la Auditor\u00eda Superior de la Federaci\u00f3n (ASF), durante las administraciones de Vicente Fox, Felipe Calder\u00f3n y Enrique Pe\u00f1a Nieto se documentaron m\u00faltiples irregularidades, retrasos en la atenci\u00f3n de las emergencias, sobreprecios y desv\u00edos. En el caso del sismo de 2017, dijo, apenas se reconstruy\u00f3 el 35 por ciento de las viviendas reportadas como afectadas, pese a los millonarios recursos ejercidos.<\/p>\n<p class=\"nota-justify\">\u201cEra un mecanismo ineficaz, ineficiente, con altos costos, m\u00e1s reactivo que preventivo, con exceso de burocracia, falta de coordinaci\u00f3n y m\u00faltiples actos de corrupci\u00f3n\u201d, resumi\u00f3 Buenrostro. A\u00f1adi\u00f3 que los apoyos del Fonden estaban dirigidos principalmente a la reparaci\u00f3n de infraestructura p\u00fablica y no a las personas afectadas.<\/p>\n<p class=\"nota-justify\">Sostuvo que el actual modelo de atenci\u00f3n ante emergencias es m\u00e1s r\u00e1pido y transparente. \u201cHoy, a diferencia de antes, los apoyos se est\u00e1n entregando directamente a la poblaci\u00f3n y las obras prioritarias se inician en cuesti\u00f3n de d\u00edas, no de meses\u201d, afirm\u00f3.<\/p>\n","protected":false},"excerpt":{"rendered":"<p>La secretaria de Anticorrupci\u00f3n y Buen Gobierno, Raquel Buenrostro S\u00e1nchez, afirm\u00f3 este viernes que el Fondo de Desastres Naturales (Fonden)<\/p>\n","protected":false},"author":4,"featured_media":73490,"comment_status":"closed","ping_status":"closed","sticky":false,"template":"","format":"standard","meta":{"colormag_page_container_layout":"default_layout","colormag_page_sidebar_layout":"default_layout","_jetpack_memberships_contains_paid_content":false,"footnotes":"","jetpack_publicize_message":"","jetpack_publicize_feature_enabled":true,"jetpack_social_post_already_shared":true,"jetpack_social_options":{"image_generator_settings":{"template":"highway","default_image_id":0,"font":"","enabled":false},"version":2}},"categories":[33],"tags":[],"class_list":["post-73489","post","type-post","status-publish","format-standard","has-post-thumbnail","hentry","category-nacional"],"jetpack_publicize_connections":[],"jetpack_featured_media_url":"https:\/\/i0.wp.com\/politicosaldesnudo.com.mx\/wp-content\/uploads\/2025\/10\/RAQBU.jpg?fit=825%2C569&ssl=1","jetpack-related-posts":[],"jetpack_sharing_enabled":true,"_links":{"self":[{"href":"https:\/\/politicosaldesnudo.com.mx\/index.php\/wp-json\/wp\/v2\/posts\/73489","targetHints":{"allow":["GET"]}}],"collection":[{"href":"https:\/\/politicosaldesnudo.com.mx\/index.php\/wp-json\/wp\/v2\/posts"}],"about":[{"href":"https:\/\/politicosaldesnudo.com.mx\/index.php\/wp-json\/wp\/v2\/types\/post"}],"author":[{"embeddable":true,"href":"https:\/\/politicosaldesnudo.com.mx\/index.php\/wp-json\/wp\/v2\/users\/4"}],"replies":[{"embeddable":true,"href":"https:\/\/politicosaldesnudo.com.mx\/index.php\/wp-json\/wp\/v2\/comments?post=73489"}],"version-history":[{"count":0,"href":"https:\/\/politicosaldesnudo.com.mx\/index.php\/wp-json\/wp\/v2\/posts\/73489\/revisions"}],"wp:featuredmedia":[{"embeddable":true,"href":"https:\/\/politicosaldesnudo.com.mx\/index.php\/wp-json\/wp\/v2\/media\/73490"}],"wp:attachment":[{"href":"https:\/\/politicosaldesnudo.com.mx\/index.php\/wp-json\/wp\/v2\/media?parent=73489"}],"wp:term":[{"taxonomy":"category","embeddable":true,"href":"https:\/\/politicosaldesnudo.com.mx\/index.php\/wp-json\/wp\/v2\/categories?post=73489"},{"taxonomy":"post_tag","embeddable":true,"href":"https:\/\/politicosaldesnudo.com.mx\/index.php\/wp-json\/wp\/v2\/tags?post=73489"}],"curies":[{"name":"wp","href":"https:\/\/api.w.org\/{rel}","templated":true}]}}