{"id":73741,"date":"2025-10-28T22:18:33","date_gmt":"2025-10-29T04:18:33","guid":{"rendered":"https:\/\/politicosaldesnudo.com.mx\/?p=73741"},"modified":"2025-10-28T22:18:33","modified_gmt":"2025-10-29T04:18:33","slug":"quien-alumbra-al-que-enciende-la-luz","status":"publish","type":"post","link":"https:\/\/politicosaldesnudo.com.mx\/index.php\/2025\/10\/28\/quien-alumbra-al-que-enciende-la-luz\/","title":{"rendered":"\u00bfQui\u00e9n alumbra al que enciende la luz?"},"content":{"rendered":"<p><span style=\"font-size: 14pt;\">Por m\u00e1s que se intente justificar con tecnicismos, la diferencia tarifaria entre Tabasco y Veracruz es, a todas luces, un agravio. No hay manera de explicarle a una familia veracruzana que paga tarifas m\u00e1s altas por la luz, mientras su estado genera buena parte de la energ\u00eda el\u00e9ctrica que consume el pa\u00eds.<\/span><\/p>\n<p><span style=\"font-size: 14pt;\">Veracruz no solo alberga la Central Nucleoel\u00e9ctrica de Laguna Verde, la \u00fanica de M\u00e9xico, sino tambi\u00e9n termoel\u00e9ctricas, hidroel\u00e9ctricas y parques de generaci\u00f3n que aportan al sistema nacional. Sin embargo, esa contribuci\u00f3n no se traduce en ning\u00fan beneficio directo para los hogares veracruzanos. Tabasco, por el contrario, goza de la tarifa 1F todo el a\u00f1o, una conquista pol\u00edtica que hoy se justifica bajo el argumento del clima, aunque su origen fue una negociaci\u00f3n econ\u00f3mica y social con la CFE.<\/span><\/p>\n<p><span style=\"font-size: 14pt;\">A esa desigualdad se suma otro tema que se prefiere mantener bajo llave: la seguridad nuclear. Laguna Verde opera bajo estrictas normas internacionales, pero el hermetismo en torno a sus reportes t\u00e9cnicos alimenta m\u00e1s sospechas que confianza. Si la austeridad republicana recorta recursos de mantenimiento, o si los informes sobre incidentes permanecen reservados, el riesgo ya no es administrativo: es humano.<\/span><\/p>\n<p><span style=\"font-size: 14pt;\">La transparencia en una planta nuclear no deber\u00eda ser una concesi\u00f3n, sino una obligaci\u00f3n. La poblaci\u00f3n tiene derecho a saber si las condiciones de operaci\u00f3n son seguras y si los recortes presupuestales no est\u00e1n poniendo en juego la estabilidad de una zona densamente habitada.<\/span><\/p>\n<p><span style=\"font-size: 14pt;\">Veracruz merece un trato justo: tarifas acordes a su realidad y garant\u00edas claras sobre la seguridad de la planta que da energ\u00eda a todo un pa\u00eds. No se trata de pol\u00edtica, sino de justicia energ\u00e9tica y responsabilidad p\u00fablica.<\/span><\/p>\n<p><img data-recalc-dims=\"1\" loading=\"lazy\" decoding=\"async\" class=\"aligncenter size-full wp-image-73605\" src=\"https:\/\/i0.wp.com\/politicosaldesnudo.com.mx\/wp-content\/uploads\/2025\/10\/FIRMA-EDITORIAL-PD-8.jpg?resize=800%2C98&#038;ssl=1\" alt=\"\" width=\"800\" height=\"98\" srcset=\"https:\/\/i0.wp.com\/politicosaldesnudo.com.mx\/wp-content\/uploads\/2025\/10\/FIRMA-EDITORIAL-PD-8.jpg?w=1024&amp;ssl=1 1024w, https:\/\/i0.wp.com\/politicosaldesnudo.com.mx\/wp-content\/uploads\/2025\/10\/FIRMA-EDITORIAL-PD-8.jpg?resize=300%2C37&amp;ssl=1 300w, https:\/\/i0.wp.com\/politicosaldesnudo.com.mx\/wp-content\/uploads\/2025\/10\/FIRMA-EDITORIAL-PD-8.jpg?resize=768%2C94&amp;ssl=1 768w\" sizes=\"auto, (max-width: 800px) 100vw, 800px\" \/><\/p>\n","protected":false},"excerpt":{"rendered":"<p>Por m\u00e1s que se intente justificar con tecnicismos, la diferencia tarifaria entre Tabasco y Veracruz es, a todas luces, un<\/p>\n","protected":false},"author":4,"featured_media":73742,"comment_status":"closed","ping_status":"closed","sticky":false,"template":"","format":"standard","meta":{"colormag_page_container_layout":"default_layout","colormag_page_sidebar_layout":"default_layout","_jetpack_memberships_contains_paid_content":false,"footnotes":"","jetpack_publicize_message":"","jetpack_publicize_feature_enabled":true,"jetpack_social_post_already_shared":true,"jetpack_social_options":{"image_generator_settings":{"template":"highway","default_image_id":0,"font":"","enabled":false},"version":2}},"categories":[26],"tags":[],"class_list":["post-73741","post","type-post","status-publish","format-standard","has-post-thumbnail","hentry","category-columnistas"],"jetpack_publicize_connections":[],"jetpack_featured_media_url":"https:\/\/i0.wp.com\/politicosaldesnudo.com.mx\/wp-content\/uploads\/2025\/10\/BANNER-VICENTE-MTZ-AZUL.jpg?fit=800%2C445&ssl=1","jetpack-related-posts":[],"jetpack_sharing_enabled":true,"_links":{"self":[{"href":"https:\/\/politicosaldesnudo.com.mx\/index.php\/wp-json\/wp\/v2\/posts\/73741","targetHints":{"allow":["GET"]}}],"collection":[{"href":"https:\/\/politicosaldesnudo.com.mx\/index.php\/wp-json\/wp\/v2\/posts"}],"about":[{"href":"https:\/\/politicosaldesnudo.com.mx\/index.php\/wp-json\/wp\/v2\/types\/post"}],"author":[{"embeddable":true,"href":"https:\/\/politicosaldesnudo.com.mx\/index.php\/wp-json\/wp\/v2\/users\/4"}],"replies":[{"embeddable":true,"href":"https:\/\/politicosaldesnudo.com.mx\/index.php\/wp-json\/wp\/v2\/comments?post=73741"}],"version-history":[{"count":0,"href":"https:\/\/politicosaldesnudo.com.mx\/index.php\/wp-json\/wp\/v2\/posts\/73741\/revisions"}],"wp:featuredmedia":[{"embeddable":true,"href":"https:\/\/politicosaldesnudo.com.mx\/index.php\/wp-json\/wp\/v2\/media\/73742"}],"wp:attachment":[{"href":"https:\/\/politicosaldesnudo.com.mx\/index.php\/wp-json\/wp\/v2\/media?parent=73741"}],"wp:term":[{"taxonomy":"category","embeddable":true,"href":"https:\/\/politicosaldesnudo.com.mx\/index.php\/wp-json\/wp\/v2\/categories?post=73741"},{"taxonomy":"post_tag","embeddable":true,"href":"https:\/\/politicosaldesnudo.com.mx\/index.php\/wp-json\/wp\/v2\/tags?post=73741"}],"curies":[{"name":"wp","href":"https:\/\/api.w.org\/{rel}","templated":true}]}}