{"id":73879,"date":"2025-10-28T21:06:59","date_gmt":"2025-10-29T03:06:59","guid":{"rendered":"https:\/\/politicosaldesnudo.com.mx\/?p=73879"},"modified":"2025-10-29T21:08:18","modified_gmt":"2025-10-30T03:08:18","slug":"revocacion-de-mandato-el-tiro-por-la-culata","status":"publish","type":"post","link":"https:\/\/politicosaldesnudo.com.mx\/index.php\/2025\/10\/28\/revocacion-de-mandato-el-tiro-por-la-culata\/","title":{"rendered":"Revocaci\u00f3n de mandato: el tiro por la culata"},"content":{"rendered":"<p>La figura de la revocaci\u00f3n de mandato fue presentada e impulsada por Andr\u00e9s Manuel L\u00f3pez Obrador como una de las grandes conquistas democr\u00e1ticas de la \u201ccuarta transformaci\u00f3n\u201d. Un mecanismo para que el pueblo \u201cponga o quite\u201d a sus gobernantes, en ejercicio directo de su soberan\u00eda.<\/p>\n<p>Para ello, se reform\u00f3 la Constituci\u00f3n federal, se legisl\u00f3 su reglamentaci\u00f3n y en 2022 se realiz\u00f3 la primera consulta nacional, aplicada a \u00e9l mismo, aunque con resultados m\u00e1s que cuestionables por su dise\u00f1o \u2013su verdadera intenci\u00f3n era sustentar una intentona de extensi\u00f3n de mandato con una \u201crevocaci\u00f3n\u201d empujada desde el poder, no desde la ciudadan\u00eda- y ejecuci\u00f3n que, al final, no tuvo efecto legal alguno, pues no se alcanz\u00f3 el requisito m\u00ednimo de votaci\u00f3n para que el ejercicio fuese vinculante.<\/p>\n<p>Pero la figura legal qued\u00f3 ah\u00ed, establecida en la Constituci\u00f3n de la Rep\u00fablica y, para no desentonar ni contrariar los deseos y ejemplo del \u201cpatriarca\u201d, se incluy\u00f3 en la legislaci\u00f3n de varias entidades federativas, principalmente las controladas por Morena.<\/p>\n<p>En Veracruz, la revocaci\u00f3n de mandato fue incorporada a la Constituci\u00f3n local desde 2021 y establece que las personas titulares del Poder Ejecutivo estatal podr\u00e1n ser sometidas a revocaci\u00f3n de mandato a mitad de su periodo. Sin embargo, <strong>hasta la fecha no existe una ley reglamentaria que permita su aplicaci\u00f3n efectiva<\/strong>. El Congreso local, dominado por el partido oficial, ha postergado sistem\u00e1ticamente su discusi\u00f3n, sabedor de que la popularidad de los mandatarios estatales no suele ser la m\u00e1s alta. Y ahora, con Roc\u00edo Nahle en el poder, la negativa se ha vuelto expl\u00edcita. La raz\u00f3n se encuentra en sus \u00ednfimos niveles de aceptaci\u00f3n entre la poblaci\u00f3n desde antes de las recientes inundaciones en el norte del estado. Cuando se hagan las nuevas mediciones, seguramente aparecer\u00e1 en el fondo de los rankings de gobernadores por el p\u00e9simo manejo, antes y despu\u00e9s, de la emergencia.<\/p>\n<p>Por eso es que la gobernadora ha descalificado feroz y abiertamente la recolecci\u00f3n de firmas ciudadanas que desde hace unos d\u00edas busca presionar al Congreso local para legislar la revocaci\u00f3n. Fiel a su estilo confrontativo e iracundo, en lugar de reconocer el derecho constitucional que asiste a la ciudadan\u00eda de aplicar esta figura legal \u2013colocada en la ley, y no hay que dejar de se\u00f1alarlo, por el r\u00e9gimen al que pertenece-, <strong>opt\u00f3 por el insulto,<\/strong> llamando \u201ccarro\u00f1eros\u201d a quienes promueven el mecanismo. \u201cAh\u00ed que se entretengan\u201d, dijo con desd\u00e9n, como si el ejercicio de un derecho democr\u00e1tico fuera una mera frivolidad.<\/p>\n<p>Este rechazo a someterse a una validaci\u00f3n ciudadana de su desempe\u00f1o revela una contradicci\u00f3n profunda: <strong>el instrumento que fue bandera de la llamada \u201c4t\u201d y de la aparente democracia participativa que defiende en el discurso, se vuelve inc\u00f3modo, hasta letal, cuando amenaza el poder real<\/strong>. La revocaci\u00f3n de mandato, en teor\u00eda, empodera a la ciudadan\u00eda. En la pr\u00e1ctica, se convierte en un tab\u00fa cuando se pretende usar contra quienes se asumen como encarnaci\u00f3n del pueblo, pero sin hacer caso de lo que \u00e9ste dice.<\/p>\n<p>Baste escuchar a Roc\u00edo Nahle exclamar sobre s\u00ed misma que \u201ca Veracruz se le respeta. Este pueblo merece respeto y su gobernante tambi\u00e9n. Veracruz no es carne para la carro\u00f1a. As\u00ed se los dejo\u201d. Nom\u00e1s le falt\u00f3 decir \u201cVeracruz soy yo\u201d.<\/p>\n<p>La omisi\u00f3n legislativa en el estado es fundamentalmente pol\u00edtica y representa una violaci\u00f3n abierta a lo que establece la <strong>Constituci\u00f3n al no emitir la ley reglamentaria 180 d\u00edas despu\u00e9s de su entrada en vigor, plazo que venci\u00f3 hace tres a\u00f1os. Aunque con todo y ello, s\u00ed hay una ruta para solicitar la aplicaci\u00f3n del mecanismo.<\/strong><\/p>\n<p>Existe un reglamento aprobado por el Organismo P\u00fablico Local Electoral (<strong>OPLE<\/strong>) que establece que en caso de que la ciudadan\u00eda lo solicite, la\u00a0<strong>revocaci\u00f3n de mandato<\/strong>\u00a0puede consultarse a la mitad del periodo de gobierno, que en este caso ser\u00eda a partir del 1 de diciembre de 2027. Y define todas las etapas por las que tendr\u00eda que transcurrir el proceso, engorroso, complejo y casi imposible de sacar adelante por la ciudadan\u00eda si no se cuenta con un aparato pol\u00edtico que lo opere. Pero la posibilidad, ah\u00ed est\u00e1.<\/p>\n<p>La resistencia del poder a ser evaluado, fiscalizado, criticado y en su caso revocado demuestra que <strong>la supuesta \u201ctransformaci\u00f3n\u201d no es m\u00e1s que el mismo sistema vertical, autoritario y al\u00e9rgico al control social<\/strong> de siempre. Y que cuando se siente en riesgo, reacciona de manera violenta, antidemocr\u00e1tica y autoritaria.<\/p>\n<p>Dice la gobernadora Roc\u00edo Nahle que fue elegida democr\u00e1ticamente \u2013habr\u00eda mucho que cuestionar al respecto- hasta 2030 y que merece respeto.<\/p>\n<p>Bueno, los veracruzanos tambi\u00e9n.<\/p>\n<p><img data-recalc-dims=\"1\" loading=\"lazy\" decoding=\"async\" class=\"aligncenter size-full wp-image-73877\" src=\"https:\/\/i0.wp.com\/politicosaldesnudo.com.mx\/wp-content\/uploads\/2025\/10\/FIRMA-EDITORIAL-PD-9.jpg?resize=800%2C98&#038;ssl=1\" alt=\"\" width=\"800\" height=\"98\" srcset=\"https:\/\/i0.wp.com\/politicosaldesnudo.com.mx\/wp-content\/uploads\/2025\/10\/FIRMA-EDITORIAL-PD-9.jpg?w=1024&amp;ssl=1 1024w, https:\/\/i0.wp.com\/politicosaldesnudo.com.mx\/wp-content\/uploads\/2025\/10\/FIRMA-EDITORIAL-PD-9.jpg?resize=300%2C37&amp;ssl=1 300w, https:\/\/i0.wp.com\/politicosaldesnudo.com.mx\/wp-content\/uploads\/2025\/10\/FIRMA-EDITORIAL-PD-9.jpg?resize=768%2C94&amp;ssl=1 768w\" sizes=\"auto, (max-width: 800px) 100vw, 800px\" \/><\/p>\n","protected":false},"excerpt":{"rendered":"<p>La figura de la revocaci\u00f3n de mandato fue presentada e impulsada por Andr\u00e9s Manuel L\u00f3pez Obrador como una de las<\/p>\n","protected":false},"author":4,"featured_media":46001,"comment_status":"closed","ping_status":"closed","sticky":false,"template":"","format":"standard","meta":{"colormag_page_container_layout":"default_layout","colormag_page_sidebar_layout":"default_layout","_jetpack_memberships_contains_paid_content":false,"footnotes":"","jetpack_publicize_message":"","jetpack_publicize_feature_enabled":true,"jetpack_social_post_already_shared":true,"jetpack_social_options":{"image_generator_settings":{"template":"highway","default_image_id":0,"font":"","enabled":false},"version":2}},"categories":[26],"tags":[],"class_list":["post-73879","post","type-post","status-publish","format-standard","has-post-thumbnail","hentry","category-columnistas"],"jetpack_publicize_connections":[],"jetpack_featured_media_url":"https:\/\/i0.wp.com\/politicosaldesnudo.com.mx\/wp-content\/uploads\/2024\/09\/RUBICA-2.jpg?fit=800%2C445&ssl=1","jetpack-related-posts":[],"jetpack_sharing_enabled":true,"_links":{"self":[{"href":"https:\/\/politicosaldesnudo.com.mx\/index.php\/wp-json\/wp\/v2\/posts\/73879","targetHints":{"allow":["GET"]}}],"collection":[{"href":"https:\/\/politicosaldesnudo.com.mx\/index.php\/wp-json\/wp\/v2\/posts"}],"about":[{"href":"https:\/\/politicosaldesnudo.com.mx\/index.php\/wp-json\/wp\/v2\/types\/post"}],"author":[{"embeddable":true,"href":"https:\/\/politicosaldesnudo.com.mx\/index.php\/wp-json\/wp\/v2\/users\/4"}],"replies":[{"embeddable":true,"href":"https:\/\/politicosaldesnudo.com.mx\/index.php\/wp-json\/wp\/v2\/comments?post=73879"}],"version-history":[{"count":0,"href":"https:\/\/politicosaldesnudo.com.mx\/index.php\/wp-json\/wp\/v2\/posts\/73879\/revisions"}],"wp:featuredmedia":[{"embeddable":true,"href":"https:\/\/politicosaldesnudo.com.mx\/index.php\/wp-json\/wp\/v2\/media\/46001"}],"wp:attachment":[{"href":"https:\/\/politicosaldesnudo.com.mx\/index.php\/wp-json\/wp\/v2\/media?parent=73879"}],"wp:term":[{"taxonomy":"category","embeddable":true,"href":"https:\/\/politicosaldesnudo.com.mx\/index.php\/wp-json\/wp\/v2\/categories?post=73879"},{"taxonomy":"post_tag","embeddable":true,"href":"https:\/\/politicosaldesnudo.com.mx\/index.php\/wp-json\/wp\/v2\/tags?post=73879"}],"curies":[{"name":"wp","href":"https:\/\/api.w.org\/{rel}","templated":true}]}}