{"id":73881,"date":"2025-10-28T21:08:36","date_gmt":"2025-10-29T03:08:36","guid":{"rendered":"https:\/\/politicosaldesnudo.com.mx\/?p=73881"},"modified":"2025-10-29T21:09:48","modified_gmt":"2025-10-30T03:09:48","slug":"el-desastre-que-conagua-no-evito","status":"publish","type":"post","link":"https:\/\/politicosaldesnudo.com.mx\/index.php\/2025\/10\/28\/el-desastre-que-conagua-no-evito\/","title":{"rendered":"El desastre que Conagua no evit\u00f3"},"content":{"rendered":"<p style=\"font-weight: 400;\"><em>\u201cEn las adversidades sale a la luz la virtud\u201d. \u2013 Arist\u00f3teles.<\/em><\/p>\n<p style=\"font-weight: 400;\"><strong>La reciente tragedia en el norte de Veracruz \u2014con el desborde del r\u00edo Cazones que aneg\u00f3 Poza Rica y municipios vecinos\u2014 exige una lectura fr\u00eda: la emergencia puso en evidencia d\u00e9cadas de deficiencias en la gesti\u00f3n h\u00eddrica, y en particular el papel que ha jugado la Comisi\u00f3n Nacional del Agua (Conagua).<\/strong><\/p>\n<p style=\"font-weight: 400;\"><strong>Aunque Conagua emite pron\u00f3sticos y reporta labores de desazolve y protecci\u00f3n en cuencas vulnerables, las lluvias extremas de octubre sobrepasaron capacidades preventivas y dejaron zonas hist\u00f3ricamente se\u00f1aladas como de riesgo sin la obra f\u00edsica necesaria para contener corrientes excepcionales.<\/strong><\/p>\n<p style=\"font-weight: 400;\"><strong>En los \u00faltimos diez a\u00f1os, el patr\u00f3n ha sido repetitivo: alertas metereol\u00f3gicas claras, respuesta escueta en prevenci\u00f3n estructural y limpieza reactiva despu\u00e9s del desastre.<\/strong><\/p>\n<p style=\"font-weight: 400;\"><strong>El dragado y la limpieza peri\u00f3dica de cauces \u2014no como acto simb\u00f3lico, sino como pol\u00edtica permanente y fiscalizada\u2014 son primordiales. El sedimento, la maleza y la basura reducen la capacidad de desalojo de los r\u00edos; cuando llegan precipitaciones extraordinarias, el agua busca desbordarse por donde puede, arrastrando viviendas y vida humana.<\/strong><\/p>\n<p style=\"font-weight: 400;\"><strong>La experiencia reciente demuestra que los mapas de riesgo no valen si atr\u00e1s no hay inversi\u00f3n sostenida en dragados, muros de contenci\u00f3n, revestimientos y restauraci\u00f3n de riberas.<\/strong><\/p>\n<p style=\"font-weight: 400;\"><strong>La cuantificaci\u00f3n econ\u00f3mica tambi\u00e9n obliga a pensar a largo plazo: informes period\u00edsticos y gubernamentales sit\u00faan en 2025 p\u00e9rdidas en Veracruz por desastres en el orden de los miles de millones \u2014cifras preliminares estiman alrededor de 2,800 millones de pesos solo en la entidad\u2014 mientras que el gobierno federal destin\u00f3 un fondo inicial de 10,000 millones para atender a cinco estados afectados. Eso da una idea del volumen de recursos requeridos para la recuperaci\u00f3n inmediata y la reconstrucci\u00f3n.<\/strong><\/p>\n<p style=\"font-weight: 400;\"><strong>En lo municipal: Poza Rica concentr\u00f3 impactos severos \u2014se reporta la entrega inicial de 20,000 pesos a cerca de 3,500 familias de las colonias m\u00e1s golpeadas\u2014; colonias como Gaviotas y La Floresta siguen entre las m\u00e1s afectadas.<\/strong><\/p>\n<p style=\"font-weight: 400;\"><strong>En Cazones de Herrera se activaron decenas de albergues (reportes mencionan 19 albergues temporales), que ilustran la dimensi\u00f3n social del desastre en municipios ribere\u00f1os. Estos n\u00fameros obligan a priorizar acciones focalizadas.<\/strong><\/p>\n<p style=\"font-weight: 400;\"><strong>\u00bfQu\u00e9 hace falta de la sociedad?<\/strong><\/p>\n<p style=\"font-weight: 400;\"><strong>Tres compromisos claros: 1) presi\u00f3n ciudadana sostenida para exigir dragados peri\u00f3dicos con calendarios p\u00fablicos y seguimiento ciudadano; 2) organizaci\u00f3n vecinal para limpieza de cauces y manejo de residuos que obstruyen drenes; y 3) evitar la ocupaci\u00f3n de fajas de inundaci\u00f3n y exigir relocalizaciones cuando las autoridades identifiquen riesgo inminente.<\/strong><\/p>\n<p style=\"font-weight: 400;\"><strong>El Estado debe aportar planes y dinero, pero sin una sociedad vigilante y pr\u00e1cticas locales de mitigaci\u00f3n, las obras quedar\u00e1n incompletas y las tragedias, repetidas.<\/strong><\/p>\n<p style=\"font-weight: 400;\"><strong>Estimar la recuperaci\u00f3n completa: entre 1\u20133 a\u00f1os para la reactivaci\u00f3n b\u00e1sica y hasta 5\u20137 a\u00f1os para restaurar infraestructura productiva y social, si la inversi\u00f3n es r\u00e1pida y bien dirigida \u2014de lo contrario, la regi\u00f3n cargar\u00e1 con p\u00e9rdidas por m\u00e1s tiempo.<\/strong><\/p>\n<p style=\"font-weight: 400;\"><strong>Veracruz necesita pol\u00edtica h\u00eddrica con memoria: dragados programados, inversi\u00f3n en infraestructura ribere\u00f1a y ciudadan\u00eda organizada. Sin eso \u2014m\u00e1s all\u00e1 de apoyos coyunturales\u2014 seguiremos contando las mismas historias cada temporada de lluvias.<\/strong><\/p>\n<p style=\"font-weight: 400;\"><strong>\u00a0<\/strong><\/p>\n<p style=\"font-weight: 400;\"><strong>Al tiempo.<\/strong><\/p>\n<p><img data-recalc-dims=\"1\" loading=\"lazy\" decoding=\"async\" class=\"aligncenter size-full wp-image-73877\" src=\"https:\/\/i0.wp.com\/politicosaldesnudo.com.mx\/wp-content\/uploads\/2025\/10\/FIRMA-EDITORIAL-PD-9.jpg?resize=800%2C98&#038;ssl=1\" alt=\"\" width=\"800\" height=\"98\" srcset=\"https:\/\/i0.wp.com\/politicosaldesnudo.com.mx\/wp-content\/uploads\/2025\/10\/FIRMA-EDITORIAL-PD-9.jpg?w=1024&amp;ssl=1 1024w, https:\/\/i0.wp.com\/politicosaldesnudo.com.mx\/wp-content\/uploads\/2025\/10\/FIRMA-EDITORIAL-PD-9.jpg?resize=300%2C37&amp;ssl=1 300w, https:\/\/i0.wp.com\/politicosaldesnudo.com.mx\/wp-content\/uploads\/2025\/10\/FIRMA-EDITORIAL-PD-9.jpg?resize=768%2C94&amp;ssl=1 768w\" sizes=\"auto, (max-width: 800px) 100vw, 800px\" \/><\/p>\n","protected":false},"excerpt":{"rendered":"<p>\u201cEn las adversidades sale a la luz la virtud\u201d. \u2013 Arist\u00f3teles. La reciente tragedia en el norte de Veracruz \u2014con<\/p>\n","protected":false},"author":4,"featured_media":36965,"comment_status":"closed","ping_status":"closed","sticky":false,"template":"","format":"standard","meta":{"colormag_page_container_layout":"default_layout","colormag_page_sidebar_layout":"default_layout","_jetpack_memberships_contains_paid_content":false,"footnotes":"","jetpack_publicize_message":"","jetpack_publicize_feature_enabled":true,"jetpack_social_post_already_shared":true,"jetpack_social_options":{"image_generator_settings":{"template":"highway","default_image_id":0,"font":"","enabled":false},"version":2}},"categories":[26],"tags":[],"class_list":["post-73881","post","type-post","status-publish","format-standard","has-post-thumbnail","hentry","category-columnistas"],"jetpack_publicize_connections":[],"jetpack_featured_media_url":"https:\/\/i0.wp.com\/politicosaldesnudo.com.mx\/wp-content\/uploads\/2024\/05\/LUIS-RAMIREZ-BAQUEIRO.jpg?fit=800%2C445&ssl=1","jetpack-related-posts":[],"jetpack_sharing_enabled":true,"_links":{"self":[{"href":"https:\/\/politicosaldesnudo.com.mx\/index.php\/wp-json\/wp\/v2\/posts\/73881","targetHints":{"allow":["GET"]}}],"collection":[{"href":"https:\/\/politicosaldesnudo.com.mx\/index.php\/wp-json\/wp\/v2\/posts"}],"about":[{"href":"https:\/\/politicosaldesnudo.com.mx\/index.php\/wp-json\/wp\/v2\/types\/post"}],"author":[{"embeddable":true,"href":"https:\/\/politicosaldesnudo.com.mx\/index.php\/wp-json\/wp\/v2\/users\/4"}],"replies":[{"embeddable":true,"href":"https:\/\/politicosaldesnudo.com.mx\/index.php\/wp-json\/wp\/v2\/comments?post=73881"}],"version-history":[{"count":0,"href":"https:\/\/politicosaldesnudo.com.mx\/index.php\/wp-json\/wp\/v2\/posts\/73881\/revisions"}],"wp:featuredmedia":[{"embeddable":true,"href":"https:\/\/politicosaldesnudo.com.mx\/index.php\/wp-json\/wp\/v2\/media\/36965"}],"wp:attachment":[{"href":"https:\/\/politicosaldesnudo.com.mx\/index.php\/wp-json\/wp\/v2\/media?parent=73881"}],"wp:term":[{"taxonomy":"category","embeddable":true,"href":"https:\/\/politicosaldesnudo.com.mx\/index.php\/wp-json\/wp\/v2\/categories?post=73881"},{"taxonomy":"post_tag","embeddable":true,"href":"https:\/\/politicosaldesnudo.com.mx\/index.php\/wp-json\/wp\/v2\/tags?post=73881"}],"curies":[{"name":"wp","href":"https:\/\/api.w.org\/{rel}","templated":true}]}}