{"id":74047,"date":"2025-11-03T00:01:56","date_gmt":"2025-11-03T06:01:56","guid":{"rendered":"https:\/\/politicosaldesnudo.com.mx\/?p=74047"},"modified":"2025-11-02T21:47:36","modified_gmt":"2025-11-03T03:47:36","slug":"suspenden-labores-en-el-ayuntamiento-de-tuxpan","status":"publish","type":"post","link":"https:\/\/politicosaldesnudo.com.mx\/index.php\/2025\/11\/03\/suspenden-labores-en-el-ayuntamiento-de-tuxpan\/","title":{"rendered":"Suspenden labores en el Ayuntamiento de Tuxpan"},"content":{"rendered":"<p>El Ayuntamiento suspendi\u00f3 labores este lunes 3 de noviembre, por lo que envi\u00f3 una circular informando sobre la suspensi\u00f3n de labores para el personal sindicalizado con motivo de la Festividad de \u00abD\u00eda de Todos los Santos\u00bb. Los d\u00edas en los que aplic\u00f3 esta medida fueron el s\u00e1bado 01 y este lunes 03 de noviembre del a\u00f1o en curso.<br \/>\nLa notificaci\u00f3n, firmada por el Presidente Municipal, Jes\u00fas Fomperoza Torres, y el Secretario General del SUTSMT, Mario Alberto Mart\u00ednez Zapata, se dirigi\u00f3 al Cuerpo Edilicio, Secretarios, Contralor\u00eda, Tesorer\u00eda, Directores, Coordinadores y Jefes de \u00c1rea.<\/p>\n<p>Cabe destacar que esta medida aplic\u00f3 \u00fanicamente el personal sindicalizado, las actividades se reanudar\u00e1n para el personal sindicalizado el martes 04 de noviembre, por su parte el personal de confianza deber\u00e1 presentarse a laborar de manera normal.<\/p>\n<p>El documento establece que la suspensi\u00f3n se realiza en cumplimiento de lo estipulado en la Cl\u00e1usula 27, inciso e, de las Condiciones de Trabajo del Sindicato \u00danico de Trabajadores al Servicio del Municipio de Tuxpan (SUTSMT).<br \/>\nA pesar del asueto para el personal sindicalizado, la circular hace hincapi\u00e9 en la necesidad de garantizar la continuidad del servicio p\u00fablico. Por ello, se instruye a las \u00e1reas a implementar las acciones necesarias para cumplir con las diligencias programadas o las atenciones inminentes, conforme a las necesidades del servicio y compromisos adquiridos.<br \/>\n\u00abNo omito manifestar que, conforme a las necesidades del servicio y\/o compromisos contra\u00eddos con anterioridad por el \u00e1rea a la cual se encuentra adscrito deber\u00e1n implementar las acciones para cumplir con las diligencias programadas o las atenciones inminentes, debiendo coordinarse con su jefe inmediato para designar el personal indispensable y cumplir con lo programado.\u00bb<br \/>\nLa medida asegura que las \u00e1reas vitales del Ayuntamiento mantendr\u00e1n la operatividad con el personal indispensable para atender cualquier situaci\u00f3n que pudiera presentarse durante la celebraci\u00f3n tradicional.<\/p>\n","protected":false},"excerpt":{"rendered":"<p>El Ayuntamiento suspendi\u00f3 labores este lunes 3 de noviembre, por lo que envi\u00f3 una circular informando sobre la suspensi\u00f3n de<\/p>\n","protected":false},"author":4,"featured_media":74048,"comment_status":"closed","ping_status":"closed","sticky":false,"template":"","format":"standard","meta":{"colormag_page_container_layout":"default_layout","colormag_page_sidebar_layout":"default_layout","_jetpack_memberships_contains_paid_content":false,"footnotes":"","jetpack_publicize_message":"","jetpack_publicize_feature_enabled":true,"jetpack_social_post_already_shared":true,"jetpack_social_options":{"image_generator_settings":{"template":"highway","default_image_id":0,"font":"","enabled":false},"version":2}},"categories":[1082],"tags":[],"class_list":["post-74047","post","type-post","status-publish","format-standard","has-post-thumbnail","hentry","category-tuxpan"],"jetpack_publicize_connections":[],"jetpack_featured_media_url":"https:\/\/i0.wp.com\/politicosaldesnudo.com.mx\/wp-content\/uploads\/2025\/11\/WhatsApp-Image-2025-11-02-at-18.58.12.jpeg?fit=800%2C600&ssl=1","jetpack-related-posts":[],"jetpack_sharing_enabled":true,"_links":{"self":[{"href":"https:\/\/politicosaldesnudo.com.mx\/index.php\/wp-json\/wp\/v2\/posts\/74047","targetHints":{"allow":["GET"]}}],"collection":[{"href":"https:\/\/politicosaldesnudo.com.mx\/index.php\/wp-json\/wp\/v2\/posts"}],"about":[{"href":"https:\/\/politicosaldesnudo.com.mx\/index.php\/wp-json\/wp\/v2\/types\/post"}],"author":[{"embeddable":true,"href":"https:\/\/politicosaldesnudo.com.mx\/index.php\/wp-json\/wp\/v2\/users\/4"}],"replies":[{"embeddable":true,"href":"https:\/\/politicosaldesnudo.com.mx\/index.php\/wp-json\/wp\/v2\/comments?post=74047"}],"version-history":[{"count":0,"href":"https:\/\/politicosaldesnudo.com.mx\/index.php\/wp-json\/wp\/v2\/posts\/74047\/revisions"}],"wp:featuredmedia":[{"embeddable":true,"href":"https:\/\/politicosaldesnudo.com.mx\/index.php\/wp-json\/wp\/v2\/media\/74048"}],"wp:attachment":[{"href":"https:\/\/politicosaldesnudo.com.mx\/index.php\/wp-json\/wp\/v2\/media?parent=74047"}],"wp:term":[{"taxonomy":"category","embeddable":true,"href":"https:\/\/politicosaldesnudo.com.mx\/index.php\/wp-json\/wp\/v2\/categories?post=74047"},{"taxonomy":"post_tag","embeddable":true,"href":"https:\/\/politicosaldesnudo.com.mx\/index.php\/wp-json\/wp\/v2\/tags?post=74047"}],"curies":[{"name":"wp","href":"https:\/\/api.w.org\/{rel}","templated":true}]}}