{"id":7405,"date":"2022-07-07T07:40:04","date_gmt":"2022-07-07T12:40:04","guid":{"rendered":"https:\/\/politicosaldesnudo.com.mx\/?p=7405"},"modified":"2022-07-14T07:01:20","modified_gmt":"2022-07-14T12:01:20","slug":"con-estos-aliados-para-que-enemigos","status":"publish","type":"post","link":"https:\/\/politicosaldesnudo.com.mx\/index.php\/2022\/07\/07\/con-estos-aliados-para-que-enemigos\/","title":{"rendered":"Con estos aliados, \u00bfpara qu\u00e9 enemigos?"},"content":{"rendered":"<p>&nbsp;<\/p>\n<p class=\"p1\"><strong><span style=\"font-size: 18pt;\">Por Laura Cevallos<span class=\"Apple-converted-space\">\u00a0<\/span><\/span><\/strong><\/p>\n<p class=\"p1\"><span style=\"font-size: 14pt;\">\u00bfNo se acuerdan c\u00f3mo se forj\u00f3 la izquierda en M\u00e9xico? \u00bfDe verdad van a hacer como que se les olvid\u00f3 que siempre hubo marchas, m\u00edtines, concentraciones multitudinarias en fechas de luto nacional como el 2 de octubre o el 10 de junio? \u00bfQuieren hacernos creer que imaginamos todas esas convocatorias a resistir, a manifestarnos por todas las ciudades, pero sobre todo en la ahora Ciudad de M\u00e9xico, cuando las marchas iniciaban en el \u00c1ngel y culminaban en el Z\u00f3calo para exigir la libertad de presos pol\u00edticos o la aparici\u00f3n de desaparecidos por la guerra sucia o la guerra calderonista? \u00bfNos van a decir que en la izquierda la gente se quedaba sentadita esperando que les llegara su rebanada de justicia?<span class=\"Apple-converted-space\">\u00a0<\/span><\/span><\/p>\n<p class=\"p1\"><span style=\"font-size: 14pt;\"><strong><span style=\"font-size: 18pt;\">Ay, se\u00f1ores del INE y de los partidos, hoy de la oposici\u00f3n, \u00bfno recuerdan el plant\u00f3n de Reforma, cuando nos robaron la elecci\u00f3n de 2006? \u00bfSe les olvid\u00f3 como Andr\u00e9s Manuel L\u00f3pez Obrador encabez\u00f3 el \u00c9xodo por la Democracia en 1996? \u00bfC\u00f3mo creen que la gente se iba adhiriendo a las luchas sociales cuando no hab\u00eda redes sociales y c\u00f3mo creen que las \u00edbamos a despreciar en estos tiempos?<\/span><\/strong><span class=\"Apple-converted-space\">\u00a0<\/span><\/span><\/p>\n<p>&nbsp;<\/p>\n<p><img data-recalc-dims=\"1\" loading=\"lazy\" decoding=\"async\" class=\"aligncenter wp-image-7408 size-large\" src=\"https:\/\/i0.wp.com\/politicosaldesnudo.com.mx\/wp-content\/uploads\/2022\/07\/P-MARCHA-AMLO2-1024x573.png?resize=800%2C448&#038;ssl=1\" alt=\"\" width=\"800\" height=\"448\" srcset=\"https:\/\/i0.wp.com\/politicosaldesnudo.com.mx\/wp-content\/uploads\/2022\/07\/P-MARCHA-AMLO2.png?resize=1024%2C573&amp;ssl=1 1024w, https:\/\/i0.wp.com\/politicosaldesnudo.com.mx\/wp-content\/uploads\/2022\/07\/P-MARCHA-AMLO2.png?resize=300%2C168&amp;ssl=1 300w, https:\/\/i0.wp.com\/politicosaldesnudo.com.mx\/wp-content\/uploads\/2022\/07\/P-MARCHA-AMLO2.png?resize=768%2C430&amp;ssl=1 768w, https:\/\/i0.wp.com\/politicosaldesnudo.com.mx\/wp-content\/uploads\/2022\/07\/P-MARCHA-AMLO2.png?resize=1536%2C859&amp;ssl=1 1536w, https:\/\/i0.wp.com\/politicosaldesnudo.com.mx\/wp-content\/uploads\/2022\/07\/P-MARCHA-AMLO2.png?w=1816&amp;ssl=1 1816w, https:\/\/i0.wp.com\/politicosaldesnudo.com.mx\/wp-content\/uploads\/2022\/07\/P-MARCHA-AMLO2.png?w=1600&amp;ssl=1 1600w\" sizes=\"auto, (max-width: 800px) 100vw, 800px\" \/><\/p>\n<p>&nbsp;<\/p>\n<p class=\"p1\"><span style=\"font-size: 18pt;\"><strong>Resulta que al PRIANRD le molesta mucho que la izquierda siga viva, y creen que porque hoy somos gobierno, ya no nos vamos a reunir. Se equivocan. El movimiento est\u00e1 m\u00e1s vivo y m\u00e1s movido que antes, inclusive, porque nuestra intenci\u00f3n es que esos que nos creen ingenuos, no vuelvan para apropiarse otra vez, de nuestra libertad, nuestros bienes y nuestro futuro.<span class=\"Apple-converted-space\">\u00a0<\/span><\/strong><\/span><\/p>\n<p class=\"p1\"><span style=\"font-size: 14pt;\">Ah\u00ed tienen que fueron con su primo, el poderoso INE, a quejarse porque les molesta terriblemente que a una convocatoria en redes, nos reunamos y gocemos de estar juntos otra vez despu\u00e9s de dos a\u00f1os y medio de esta pandemia, para que no s\u00f3lo castiguen a los compa\u00f1eros que estuvieron en el p\u00f3dium, sino que proh\u00edban a las miles de compa\u00f1eras y compa\u00f1eros que acudan, porque, seg\u00fan el INE y la Sala Superior del Tribunal Electoral, son actos anticipados de campa\u00f1a, aunque legalmente <b>no estamos en tiempo de campa\u00f1as, ni precampa\u00f1as ni nada<\/b>. De hecho, la misma Ley General de Instituciones y Procedimientos Electorales, contempla, en su art\u00edculo 3\u00b0:<\/span><\/p>\n<p class=\"p2\"><span style=\"font-size: 14pt;\">Para los efectos de esta Ley se entiende por:<span class=\"Apple-converted-space\">\u00a0<\/span><\/span><\/p>\n<p class=\"p2\"><span style=\"font-size: 14pt;\">a) <b>Actos Anticipados de Campa\u00f1a<\/b>: Los actos de expresi\u00f3n que se realicen bajo cualquier modalidad y en cualquier momento fuera de la etapa de campa\u00f1as, que <span class=\"s1\">contengan llamados expresos al voto en contra o a favor de una candidatura o un partido, o expresiones solicitando cualquier tipo de apoyo para contender en el proceso electoral por alguna candidatura o para un partido<\/span>;<span class=\"Apple-converted-space\">\u00a0<\/span><\/span><\/p>\n<p class=\"p2\"><span style=\"font-size: 14pt;\">b) <b>Actos Anticipados de Precampa\u00f1a<\/b>: Las expresiones que se realicen bajo cualquier modalidad y en cualquier momento durante el lapso que va desde el inicio del proceso electoral hasta antes del plazo legal para el inicio de las precampa\u00f1as, <span class=\"s1\">que contengan llamados expresos al voto en contra o a favor de una precandidatura<\/span>;<\/span><\/p>\n<p class=\"p1\"><span style=\"font-size: 14pt;\">En los m\u00edtines de Estado de M\u00e9xico y Coahuila, los participantes hicieron llamados a la unidad, a mantenernos pendientes de las reuniones para dar vitalidad al movimiento y sobre todo, a seguir apoyando al Presidente y a la Cuarta Transformaci\u00f3n. Fueron reuniones como las de siempre, informativas. Pero eso, a las autoridades electorales les parece que es un acto que lesiona la competencia con los otros \u201cpartidos\u201d, y lo que no comprenden, es que <b>los otros no son competencia para una ciudadan\u00eda cansada de los actos de corrupci\u00f3n que por sexenios enteros ejercitaron como costumbre<\/b>, los pol\u00edticos del PRI y el PAN y sus r\u00e9moras, en \u00faltimas administraciones, los del PRD.<span class=\"Apple-converted-space\">\u00a0 <\/span>Que adem\u00e1s, lo han dicho y as\u00ed se lee en su logo: van por M\u00e9xico, van contra los mexicanos.<\/span><\/p>\n<p>&nbsp;<\/p>\n<p><img data-recalc-dims=\"1\" loading=\"lazy\" decoding=\"async\" class=\"aligncenter wp-image-7406 size-large\" src=\"https:\/\/i0.wp.com\/politicosaldesnudo.com.mx\/wp-content\/uploads\/2022\/07\/P-INE1-1024x573.png?resize=800%2C448&#038;ssl=1\" alt=\"\" width=\"800\" height=\"448\" srcset=\"https:\/\/i0.wp.com\/politicosaldesnudo.com.mx\/wp-content\/uploads\/2022\/07\/P-INE1.png?resize=1024%2C573&amp;ssl=1 1024w, https:\/\/i0.wp.com\/politicosaldesnudo.com.mx\/wp-content\/uploads\/2022\/07\/P-INE1.png?resize=300%2C168&amp;ssl=1 300w, https:\/\/i0.wp.com\/politicosaldesnudo.com.mx\/wp-content\/uploads\/2022\/07\/P-INE1.png?resize=768%2C430&amp;ssl=1 768w, https:\/\/i0.wp.com\/politicosaldesnudo.com.mx\/wp-content\/uploads\/2022\/07\/P-INE1.png?resize=1536%2C859&amp;ssl=1 1536w, https:\/\/i0.wp.com\/politicosaldesnudo.com.mx\/wp-content\/uploads\/2022\/07\/P-INE1.png?w=1816&amp;ssl=1 1816w, https:\/\/i0.wp.com\/politicosaldesnudo.com.mx\/wp-content\/uploads\/2022\/07\/P-INE1.png?w=1600&amp;ssl=1 1600w\" sizes=\"auto, (max-width: 800px) 100vw, 800px\" \/><\/p>\n<p>&nbsp;<\/p>\n<p class=\"p1\"><span style=\"font-size: 14pt;\">Indistintamente, los partidos de la alianza quieren torcer la ley y obligar al mal llamado \u201c\u00e1rbitro\u201d para que les conceda oportunidades que no tienen en la realidad. Y en actos incongruentes entre s\u00ed, primero acordaron que la reuni\u00f3n de Estado de M\u00e9xico <b>no fueron actos anticipados de campa\u00f1a<\/b>, ni Claudia Sheinbaum solicit\u00f3 que votaran por ella o alg\u00fan candidato en particular, aunque s\u00ed condenaron a varios funcionarios (el director de Pemex, Romero Oropeza; el Secretario de Agricultura, Villalobos Ar\u00e1mbula; Jes\u00fas Ram\u00edrez y Erwin Neumaier, de Cepropie) por haber utilizado recursos p\u00fablicos para propaganda de tal evento; pero en una segunda resoluci\u00f3n, no s\u00f3lo condena a Delfina G\u00f3mez y al partido por actos anticipados de campa\u00f1a, sino que adem\u00e1s, est\u00e1 prohibiendo la realizaci\u00f3n de m\u00edtines similares de aqu\u00ed a que empieza la campa\u00f1a y establece medidas cautelares para treinta funcionarios y servidores, entre los que est\u00e1n Claudia Sheinbaum, Ad\u00e1n Augusto L\u00f3pez, Ignacio Mier, Aleida Alavez, Evelyn Salgado, Marcelo Ebrard, Delfina G\u00f3mez, Citlalli Hern\u00e1ndez, V\u00edctor Manuel Castro, Salom\u00f3n Jara, Mara Lezama, Am\u00e9rico Villareal, Marina del Pilar \u00c1vila, Cuauht\u00e9moc Blanco, Lorena Cu\u00e9llar, Layda Sansores, Alfredo Ram\u00edrez Bedolla, Jos\u00e9 Narro, Sergio Guti\u00e9rrez Luna, Horacio Duarte, Higinio Mart\u00ednez, Maria Luisa Alcalde, Jes\u00fas Ram\u00edrez Cuevas, Carlos Merino Campos, Rub\u00e9n Rocha Moya, Andrea Ch\u00e1vez, Luc\u00eda Meza, Mario Llergo y el propio Presidente, Andr\u00e9s Manuel L\u00f3pez Obrador.<\/span><\/p>\n<p class=\"p1\"><span style=\"font-size: 18pt;\"><strong>Los del PRD, est\u00e1n que brincan en una pata. Los del PRI no est\u00e1n para hacer fiesta; los del PAN, seguro est\u00e1n terminando la maqueta de legos del ba\u00f1o de Alito.<\/strong><\/span><\/p>\n<p class=\"p1\"><strong><span style=\"font-size: 18pt;\">Al INE le interesa mucho que no haya convocatorias desde el partido, pero \u00bfpodr\u00e1 impedir, que eventualmente sea la ciudadan\u00eda la que se re\u00fana libre y espont\u00e1neamente, sin necesidad que haya l\u00edderes del partido, o tambi\u00e9n habr\u00e1 prohibiciones para que nos juntemos, como antes era, para informar a la gente sobre los temas que les interesan?<\/span><\/strong><\/p>\n<p class=\"p1\"><strong><span style=\"font-size: 18pt;\">Con estas autoridades electorales, vamos de mal en peor\u2026<\/span><\/strong><\/p>\n<p>&nbsp;<\/p>\n<p>&nbsp;<\/p>\n<p><span style=\"font-size: 18pt;\"><strong>Twitter: <a href=\"http:\/\/www.twitter.com\/cevalloslaura\">@cevalloslaura<\/a><\/strong><\/span><\/p>\n<p>&nbsp;<\/p>\n<p><span style=\"font-size: 18pt; color: #319eca;\"><em><strong>**Las columnas firmadas en este medio son responsabilidad de quienes las firman**<\/strong><\/em><\/span><\/p>\n<p>&nbsp;<\/p>\n<p>&nbsp;<\/p>\n<p>&nbsp;<\/p>\n","protected":false},"excerpt":{"rendered":"<p>&nbsp; Por Laura Cevallos\u00a0 \u00bfNo se acuerdan c\u00f3mo se forj\u00f3 la izquierda en M\u00e9xico? \u00bfDe verdad van a hacer como<\/p>\n","protected":false},"author":4,"featured_media":3978,"comment_status":"closed","ping_status":"closed","sticky":false,"template":"","format":"standard","meta":{"colormag_page_container_layout":"default_layout","colormag_page_sidebar_layout":"default_layout","_jetpack_memberships_contains_paid_content":false,"footnotes":"","jetpack_publicize_message":"","jetpack_publicize_feature_enabled":true,"jetpack_social_post_already_shared":false,"jetpack_social_options":{"image_generator_settings":{"template":"highway","default_image_id":0,"font":"","enabled":false},"version":2}},"categories":[26],"tags":[142,43,63],"class_list":["post-7405","post","type-post","status-publish","format-standard","has-post-thumbnail","hentry","category-columnistas","tag-cuarta-transformacion","tag-ine","tag-morena"],"jetpack_publicize_connections":[],"jetpack_featured_media_url":"https:\/\/i0.wp.com\/politicosaldesnudo.com.mx\/wp-content\/uploads\/2022\/04\/LAURA-CEVALLOS.png?fit=1816%2C1016&ssl=1","jetpack-related-posts":[],"jetpack_sharing_enabled":true,"_links":{"self":[{"href":"https:\/\/politicosaldesnudo.com.mx\/index.php\/wp-json\/wp\/v2\/posts\/7405","targetHints":{"allow":["GET"]}}],"collection":[{"href":"https:\/\/politicosaldesnudo.com.mx\/index.php\/wp-json\/wp\/v2\/posts"}],"about":[{"href":"https:\/\/politicosaldesnudo.com.mx\/index.php\/wp-json\/wp\/v2\/types\/post"}],"author":[{"embeddable":true,"href":"https:\/\/politicosaldesnudo.com.mx\/index.php\/wp-json\/wp\/v2\/users\/4"}],"replies":[{"embeddable":true,"href":"https:\/\/politicosaldesnudo.com.mx\/index.php\/wp-json\/wp\/v2\/comments?post=7405"}],"version-history":[{"count":0,"href":"https:\/\/politicosaldesnudo.com.mx\/index.php\/wp-json\/wp\/v2\/posts\/7405\/revisions"}],"wp:featuredmedia":[{"embeddable":true,"href":"https:\/\/politicosaldesnudo.com.mx\/index.php\/wp-json\/wp\/v2\/media\/3978"}],"wp:attachment":[{"href":"https:\/\/politicosaldesnudo.com.mx\/index.php\/wp-json\/wp\/v2\/media?parent=7405"}],"wp:term":[{"taxonomy":"category","embeddable":true,"href":"https:\/\/politicosaldesnudo.com.mx\/index.php\/wp-json\/wp\/v2\/categories?post=7405"},{"taxonomy":"post_tag","embeddable":true,"href":"https:\/\/politicosaldesnudo.com.mx\/index.php\/wp-json\/wp\/v2\/tags?post=7405"}],"curies":[{"name":"wp","href":"https:\/\/api.w.org\/{rel}","templated":true}]}}