{"id":74053,"date":"2025-11-03T00:03:17","date_gmt":"2025-11-03T06:03:17","guid":{"rendered":"https:\/\/politicosaldesnudo.com.mx\/?p=74053"},"modified":"2025-11-02T21:49:47","modified_gmt":"2025-11-03T03:49:47","slug":"abarrotados-los-panteones-de-tuxpan-por-el-dia-de-muertos","status":"publish","type":"post","link":"https:\/\/politicosaldesnudo.com.mx\/index.php\/2025\/11\/03\/abarrotados-los-panteones-de-tuxpan-por-el-dia-de-muertos\/","title":{"rendered":"Abarrotados los Panteones de Tuxpan por el D\u00eda de Muertos"},"content":{"rendered":"<p>Los panteones de Tuxpan lucieron completamente llenos este fin de semana, convirti\u00e9ndose en el epicentro de las celebraciones de D\u00eda de Muertos en la ciudad.<\/p>\n<p>Miles de familias acudieron a los cementerios municipales, como el Pante\u00f3n Jard\u00edn y Galeana, para honrar la memoria de sus seres queridos en una de las tradiciones m\u00e1s arraigadas y coloridas de M\u00e9xico. La afluencia masiva, concentrada principalmente durante el 1 y 2 de noviembre, demostr\u00f3 la vitalidad de esta festividad en la regi\u00f3n.<br \/>\nDesde las primeras horas del s\u00e1bado, se observaron largas filas y un intenso movimiento en los accesos de los camposantos. Los visitantes, cargados de flores de cempas\u00fachil, veladoras, alimentos y bebidas, dedicaron tiempo a limpiar y adornar las tumbas, transformando el lugar en un mosaico de color y emotividad. En un ambiente que mezcla el respeto con la celebraci\u00f3n, se pudo escuchar m\u00fasica de mariachi y tr\u00edos, contratados para entonar las melod\u00edas favoritas de los difuntos, reafirmando el car\u00e1cter festivo de la conmemoraci\u00f3n.<br \/>\nEl Pante\u00f3n Jard\u00edn, uno de los m\u00e1s concurridos, no solo fue un lugar de visita, sino tambi\u00e9n escenario de actividades culturales. Se llevaron a cabo misas y eventos art\u00edsticos que enriquecieron la jornada de Todos Santos, en coordinaci\u00f3n con las autoridades municipales. La tradici\u00f3n se mantuvo viva con la presencia de comerciantes de flores y alimentos, quienes reportaron ventas significativas gracias a la nutrida participaci\u00f3n ciudadana. Elementos de Tr\u00e1nsito y Vialidad montaron operativos especiales para garantizar la seguridad y el flujo vehicular en las inmediaciones.<br \/>\nEl masivo peregrinar a los panteones de Tuxpan subraya la importancia cultural y social del D\u00eda de Muertos, un periodo en el que el recuerdo triunfa sobre el olvido. La jornada transcurri\u00f3 en orden y paz, permitiendo a las familias reunirse, compartir un momento con sus ausentes y fortalecer los lazos comunitarios.<\/p>\n","protected":false},"excerpt":{"rendered":"<p>Los panteones de Tuxpan lucieron completamente llenos este fin de semana, convirti\u00e9ndose en el epicentro de las celebraciones de D\u00eda<\/p>\n","protected":false},"author":4,"featured_media":74054,"comment_status":"closed","ping_status":"closed","sticky":false,"template":"","format":"standard","meta":{"colormag_page_container_layout":"default_layout","colormag_page_sidebar_layout":"default_layout","_jetpack_memberships_contains_paid_content":false,"footnotes":"","jetpack_publicize_message":"","jetpack_publicize_feature_enabled":true,"jetpack_social_post_already_shared":true,"jetpack_social_options":{"image_generator_settings":{"template":"highway","default_image_id":0,"font":"","enabled":false},"version":2}},"categories":[1082],"tags":[],"class_list":["post-74053","post","type-post","status-publish","format-standard","has-post-thumbnail","hentry","category-tuxpan"],"jetpack_publicize_connections":[],"jetpack_featured_media_url":"https:\/\/i0.wp.com\/politicosaldesnudo.com.mx\/wp-content\/uploads\/2025\/11\/WhatsApp-Image-2025-11-02-at-18.58.09.jpeg?fit=1280%2C720&ssl=1","jetpack-related-posts":[],"jetpack_sharing_enabled":true,"_links":{"self":[{"href":"https:\/\/politicosaldesnudo.com.mx\/index.php\/wp-json\/wp\/v2\/posts\/74053","targetHints":{"allow":["GET"]}}],"collection":[{"href":"https:\/\/politicosaldesnudo.com.mx\/index.php\/wp-json\/wp\/v2\/posts"}],"about":[{"href":"https:\/\/politicosaldesnudo.com.mx\/index.php\/wp-json\/wp\/v2\/types\/post"}],"author":[{"embeddable":true,"href":"https:\/\/politicosaldesnudo.com.mx\/index.php\/wp-json\/wp\/v2\/users\/4"}],"replies":[{"embeddable":true,"href":"https:\/\/politicosaldesnudo.com.mx\/index.php\/wp-json\/wp\/v2\/comments?post=74053"}],"version-history":[{"count":0,"href":"https:\/\/politicosaldesnudo.com.mx\/index.php\/wp-json\/wp\/v2\/posts\/74053\/revisions"}],"wp:featuredmedia":[{"embeddable":true,"href":"https:\/\/politicosaldesnudo.com.mx\/index.php\/wp-json\/wp\/v2\/media\/74054"}],"wp:attachment":[{"href":"https:\/\/politicosaldesnudo.com.mx\/index.php\/wp-json\/wp\/v2\/media?parent=74053"}],"wp:term":[{"taxonomy":"category","embeddable":true,"href":"https:\/\/politicosaldesnudo.com.mx\/index.php\/wp-json\/wp\/v2\/categories?post=74053"},{"taxonomy":"post_tag","embeddable":true,"href":"https:\/\/politicosaldesnudo.com.mx\/index.php\/wp-json\/wp\/v2\/tags?post=74053"}],"curies":[{"name":"wp","href":"https:\/\/api.w.org\/{rel}","templated":true}]}}