{"id":74193,"date":"2025-11-04T00:16:32","date_gmt":"2025-11-04T06:16:32","guid":{"rendered":"https:\/\/politicosaldesnudo.com.mx\/?p=74193"},"modified":"2025-11-03T19:46:42","modified_gmt":"2025-11-04T01:46:42","slug":"escalan-protestas-en-michoacan","status":"publish","type":"post","link":"https:\/\/politicosaldesnudo.com.mx\/index.php\/2025\/11\/04\/escalan-protestas-en-michoacan\/","title":{"rendered":"Escalan protestas en Michoac\u00e1n"},"content":{"rendered":"<p class=\"nota-justify\">Unos mil alumnos normalistas, de la Universidad Michoacana, miembros de colectivos estudiantiles y ciudadanos en general se manifestaron por el centro hist\u00f3rico de esta ciudad en repudio por el homicidio del alcalde de Uruapan, Carlos Manzo. Al final de la protesta, un grupo de los manifestantes vandalizaron la sede del Ejecutivo y del Congreso local.<\/p>\n<p class=\"nota-justify\">Fueron dos marchas que partieron a las 13 horas de la fuente de Las Tarascas y del monumento al General L\u00e1zaro C\u00e1rdenas \u2014en el oriente y poniente del Centro Hist\u00f3rico\u2014, durante las cuales lanzaron consignas afuera de palacio del gobierno y el Congreso local: \u201c\u00a1justicia ya! y \u201c\u00a1\u00e9l no muri\u00f3, lo mat\u00f3 el Estado!\u201d.<\/p>\n<p class=\"nota-justify\">Demandaron que las autoridades aceleren las investigaciones y rindan cuentas sobre la protecci\u00f3n que se brindaba al alcalde y las amenazas que enfrent\u00f3. Pidieron tambi\u00e9n medidas urgentes en seguridad p\u00fablica y transparencia para evitar que acontecimientos violentos similares se repitan.<\/p>\n<p class=\"nota-justify\">En la sede del Poder Ejecutivo, un grupo de j\u00f3venes intent\u00f3 derribar una estructura de l\u00e1minas de metal que protegen la hist\u00f3rica puerta de madera del palacio de gobierno, ubicado en la avenida Madero, la principal de Morelia, con lo que dio inicio a un enfrentamiento con agentes antimotines de la Guardia Civil.<\/p>\n<p class=\"nota-justify\">Los manifestantes tambi\u00e9n intentaron irrumpir en el palacio de gobierno al tratar de retirar vallas met\u00e1licas, por lo que los granaderos hicieron uso de gas lacrim\u00f3geno y balas de goma para intentar dispersarlos.<\/p>\n<p class=\"nota-justify\">En tanto, otro grupo de quejosos vandaliz\u00f3 la fachada de la Legislatura, situada en la misma arteria y a 80 metros de palacio de gobierno; con piedras y palos rompieron varios cristales.<\/p>\n<p class=\"nota-justify\">Los antimotines continuaron arrojando gas y balas de goma, mientras que los participantes, algunos cubiertos del rostro, lanzaron proyectiles como piedras y algunos palos.<\/p>\n<p class=\"nota-justify\">Las confrontaciones concluyeron alrededor de las 15:45 horas, aunque los agentes antimotines fueron concentrados cerca del palacio de gobierno, donde permanecen atentos a nuevas protestas.<\/p>\n<p class=\"nota-justify\">Apenas ayer, un grupo de personas irrumpi\u00f3 de forma violenta en el palacio de gobierno, incluso portando bombas \u201cmolotov\u201d, causando diversos destrozos y arrojando muebles hacia la avenida Madero. El saldo fue de ocho detenidos, quienes permanecen en la Fiscal\u00eda General del\u00a0Estado\u00a0(FGE).<\/p>\n","protected":false},"excerpt":{"rendered":"<p>Unos mil alumnos normalistas, de la Universidad Michoacana, miembros de colectivos estudiantiles y ciudadanos en general se manifestaron por el<\/p>\n","protected":false},"author":4,"featured_media":74194,"comment_status":"closed","ping_status":"closed","sticky":false,"template":"","format":"standard","meta":{"colormag_page_container_layout":"default_layout","colormag_page_sidebar_layout":"default_layout","_jetpack_memberships_contains_paid_content":false,"footnotes":"","jetpack_publicize_message":"","jetpack_publicize_feature_enabled":true,"jetpack_social_post_already_shared":true,"jetpack_social_options":{"image_generator_settings":{"template":"highway","default_image_id":0,"font":"","enabled":false},"version":2}},"categories":[30],"tags":[],"class_list":["post-74193","post","type-post","status-publish","format-standard","has-post-thumbnail","hentry","category-estados"],"jetpack_publicize_connections":[],"jetpack_featured_media_url":"https:\/\/i0.wp.com\/politicosaldesnudo.com.mx\/wp-content\/uploads\/2025\/11\/574099913_1251586313664051_5645228130719666563_n.jpg?fit=948%2C533&ssl=1","jetpack-related-posts":[],"jetpack_sharing_enabled":true,"_links":{"self":[{"href":"https:\/\/politicosaldesnudo.com.mx\/index.php\/wp-json\/wp\/v2\/posts\/74193","targetHints":{"allow":["GET"]}}],"collection":[{"href":"https:\/\/politicosaldesnudo.com.mx\/index.php\/wp-json\/wp\/v2\/posts"}],"about":[{"href":"https:\/\/politicosaldesnudo.com.mx\/index.php\/wp-json\/wp\/v2\/types\/post"}],"author":[{"embeddable":true,"href":"https:\/\/politicosaldesnudo.com.mx\/index.php\/wp-json\/wp\/v2\/users\/4"}],"replies":[{"embeddable":true,"href":"https:\/\/politicosaldesnudo.com.mx\/index.php\/wp-json\/wp\/v2\/comments?post=74193"}],"version-history":[{"count":0,"href":"https:\/\/politicosaldesnudo.com.mx\/index.php\/wp-json\/wp\/v2\/posts\/74193\/revisions"}],"wp:featuredmedia":[{"embeddable":true,"href":"https:\/\/politicosaldesnudo.com.mx\/index.php\/wp-json\/wp\/v2\/media\/74194"}],"wp:attachment":[{"href":"https:\/\/politicosaldesnudo.com.mx\/index.php\/wp-json\/wp\/v2\/media?parent=74193"}],"wp:term":[{"taxonomy":"category","embeddable":true,"href":"https:\/\/politicosaldesnudo.com.mx\/index.php\/wp-json\/wp\/v2\/categories?post=74193"},{"taxonomy":"post_tag","embeddable":true,"href":"https:\/\/politicosaldesnudo.com.mx\/index.php\/wp-json\/wp\/v2\/tags?post=74193"}],"curies":[{"name":"wp","href":"https:\/\/api.w.org\/{rel}","templated":true}]}}