{"id":74221,"date":"2025-11-05T00:04:26","date_gmt":"2025-11-05T06:04:26","guid":{"rendered":"https:\/\/politicosaldesnudo.com.mx\/?p=74221"},"modified":"2025-11-04T21:59:56","modified_gmt":"2025-11-05T03:59:56","slug":"cierran-calle-del-centro-por-obras","status":"publish","type":"post","link":"https:\/\/politicosaldesnudo.com.mx\/index.php\/2025\/11\/05\/cierran-calle-del-centro-por-obras\/","title":{"rendered":"Cierran calle del centro por Obras"},"content":{"rendered":"<p>La vialidad en el centro de Tuxpan, se ver\u00e1 temporalmente afectada en esta semana, puesto que se ha anunciado el cierre de la calle Genaro Rodr\u00edguez, en el tramo comprendido entre el bulevar y la calle Ju\u00e1rez, debido a trabajos de reparaci\u00f3n del pavimento.<\/p>\n<p>Esta medida es indispensable para garantizar la seguridad de los automovilistas y la correcta ejecuci\u00f3n de las obras.<br \/>\nEl cierre de esta importante arteria vial tendr\u00e1 una duraci\u00f3n de 48 horas. La empresa ADO es la encargada de llevar a cabo los trabajos de reparaci\u00f3n. Esta compa\u00f1\u00eda ha solicitado el cierre total de la circulaci\u00f3n para poder utilizar maquinaria pesada y materiales que permitan restaurar el asfalto en el menor tiempo posible y con la calidad requerida, minimizando as\u00ed las molestias a la ciudadan\u00eda.<br \/>\nDebido a que la calle Genaro Rodr\u00edguez es un punto neur\u00e1lgico en la circulaci\u00f3n del primer cuadro de la ciudad, se insta encarecidamente a los automovilistas y transportistas a tomar v\u00edas alternas. Se recomienda planificar sus trayectos con anticipaci\u00f3n y utilizar calles aleda\u00f1as para evitar congestionamientos, mientras duren los trabajos de rehabilitaci\u00f3n.<br \/>\nLas autoridades municipales hacen un llamado a la comprensi\u00f3n de los ciudadanos ante esta afectaci\u00f3n temporal. Estas obras, aunque causan inconvenientes moment\u00e1neos, son necesarias para mejorar la infraestructura urbana y garantizar calles m\u00e1s seguras y funcionales para todos los habitantes de Tuxpan. Se espera que, transcurrido el lapso de 48 horas, la circulaci\u00f3n se reestablezca con normalidad.<\/p>\n","protected":false},"excerpt":{"rendered":"<p>La vialidad en el centro de Tuxpan, se ver\u00e1 temporalmente afectada en esta semana, puesto que se ha anunciado el<\/p>\n","protected":false},"author":4,"featured_media":74222,"comment_status":"closed","ping_status":"closed","sticky":false,"template":"","format":"standard","meta":{"colormag_page_container_layout":"default_layout","colormag_page_sidebar_layout":"default_layout","_jetpack_memberships_contains_paid_content":false,"footnotes":"","jetpack_publicize_message":"","jetpack_publicize_feature_enabled":true,"jetpack_social_post_already_shared":true,"jetpack_social_options":{"image_generator_settings":{"template":"highway","default_image_id":0,"font":"","enabled":false},"version":2}},"categories":[1082],"tags":[],"class_list":["post-74221","post","type-post","status-publish","format-standard","has-post-thumbnail","hentry","category-tuxpan"],"jetpack_publicize_connections":[],"jetpack_featured_media_url":"https:\/\/i0.wp.com\/politicosaldesnudo.com.mx\/wp-content\/uploads\/2025\/11\/WhatsApp-Image-2025-11-04-at-17.26.54.jpeg?fit=1280%2C720&ssl=1","jetpack-related-posts":[],"jetpack_sharing_enabled":true,"_links":{"self":[{"href":"https:\/\/politicosaldesnudo.com.mx\/index.php\/wp-json\/wp\/v2\/posts\/74221","targetHints":{"allow":["GET"]}}],"collection":[{"href":"https:\/\/politicosaldesnudo.com.mx\/index.php\/wp-json\/wp\/v2\/posts"}],"about":[{"href":"https:\/\/politicosaldesnudo.com.mx\/index.php\/wp-json\/wp\/v2\/types\/post"}],"author":[{"embeddable":true,"href":"https:\/\/politicosaldesnudo.com.mx\/index.php\/wp-json\/wp\/v2\/users\/4"}],"replies":[{"embeddable":true,"href":"https:\/\/politicosaldesnudo.com.mx\/index.php\/wp-json\/wp\/v2\/comments?post=74221"}],"version-history":[{"count":0,"href":"https:\/\/politicosaldesnudo.com.mx\/index.php\/wp-json\/wp\/v2\/posts\/74221\/revisions"}],"wp:featuredmedia":[{"embeddable":true,"href":"https:\/\/politicosaldesnudo.com.mx\/index.php\/wp-json\/wp\/v2\/media\/74222"}],"wp:attachment":[{"href":"https:\/\/politicosaldesnudo.com.mx\/index.php\/wp-json\/wp\/v2\/media?parent=74221"}],"wp:term":[{"taxonomy":"category","embeddable":true,"href":"https:\/\/politicosaldesnudo.com.mx\/index.php\/wp-json\/wp\/v2\/categories?post=74221"},{"taxonomy":"post_tag","embeddable":true,"href":"https:\/\/politicosaldesnudo.com.mx\/index.php\/wp-json\/wp\/v2\/tags?post=74221"}],"curies":[{"name":"wp","href":"https:\/\/api.w.org\/{rel}","templated":true}]}}