{"id":74995,"date":"2025-11-17T00:29:05","date_gmt":"2025-11-17T06:29:05","guid":{"rendered":"https:\/\/politicosaldesnudo.com.mx\/?p=74995"},"modified":"2025-11-16T23:29:00","modified_gmt":"2025-11-17T05:29:00","slug":"fracasa-la-marcha-de-la-derecha","status":"publish","type":"post","link":"https:\/\/politicosaldesnudo.com.mx\/index.php\/2025\/11\/17\/fracasa-la-marcha-de-la-derecha\/","title":{"rendered":"Fracasa la marcha de la derecha"},"content":{"rendered":"<p><span style=\"font-family: arial, helvetica, sans-serif; font-size: 18pt;\"><strong>ALMA GRANDE<\/strong><\/span><\/p>\n<p><span style=\"font-family: arial, helvetica, sans-serif; font-size: 18pt;\"><strong>Por \u00c1ngel \u00c1lvaro Pe\u00f1a<\/strong><\/span><\/p>\n<p><span style=\"font-family: arial, helvetica, sans-serif; font-size: 14pt;\">Los l\u00edderes del PAN y el PRI saben que no pueden aglutinar mucha gente si convocan a una marcha con sus colores y en nombre de sus partidos, as\u00ed que, desde hace algunos a\u00f1os, buscan c\u00f3mo nombrar a esa masa dispersa que los sigue, a pesar de todos.<\/span><\/p>\n<p><span style=\"font-family: arial, helvetica, sans-serif; font-size: 14pt;\">Antes fue la Marea Rosa, luego la sociedad civil, ahora es la generaci\u00f3n Z, pero en esencia siguen siendo los mismos y as\u00ed lo confirman los asistentes a la marcha cuyo protagonismo les impulsa aparecer ante los reflectores de los medios.<\/span><\/p>\n<p><span style=\"font-family: arial, helvetica, sans-serif; font-size: 14pt;\">Ah\u00ed estuvieron Guadalupe Acosta Naranjo, Emilio \u00c1lvarez Icaza, Vicente Fox, Fernando Belauzar\u00e1n, Rafael Loret de Mola, conductores de noticias de TV Azteca, y otros identificados con partidos pol\u00edticos.<\/span><\/p>\n<p><span style=\"font-family: arial, helvetica, sans-serif; font-size: 14pt;\">La transmisi\u00f3n del Grupo Azteca, que de ahora en adelante se llamar\u00e1, para evadir m\u00e1s impuestos, Operadora Mexicana de Televisi\u00f3n, empez\u00f3 a denunciar represi\u00f3n de la polic\u00eda cuando todav\u00eda no llegaban los contingentes al z\u00f3calo. Es decir, la mentira se adelant\u00f3 y mostr\u00f3 su falsedad.<\/span><\/p>\n<p><span style=\"font-family: arial, helvetica, sans-serif; font-size: 14pt;\">Lo sucedido en la marcha pareciera convertirse en un hecho diferente al que narran los medios, los cuales reiteran que hubo represi\u00f3n.<\/span><\/p>\n<p><span style=\"font-family: arial, helvetica, sans-serif; font-size: 14pt;\">El saldo fue de 100 polic\u00edas agredidos, 60 de ellos atendidos en el lugar, mientras que 40 fueron trasladados a un nosocomio. Adem\u00e1s, se atendi\u00f3 20 civiles por diferentes lesiones.<\/span><\/p>\n<p><span style=\"font-family: arial, helvetica, sans-serif; font-size: 14pt;\">Tanto el secretario de Seguridad como el de Gobierno, reconocieron la actuaci\u00f3n de los uniformados, quienes \u00fanicamente intervinieron cuando comenzaron los hechos violentos.<\/span><\/p>\n<p><span style=\"font-family: arial, helvetica, sans-serif; font-size: 14pt;\">La generaci\u00f3n Z sirvi\u00f3 de pretexto para sustituir fracasos anteriores, aunque \u00e9ste fue el mayor de todos, porque cada vez asiste menos gente a las convocatorias de la derecha, a pesar de los incidentes recientes ocurridos en Uruapan, cuando consideraron podr\u00eda incluso derrocar a Morena y tumbar a la presidenta Claudia Sheinbaum.<\/span><\/p>\n<p><span style=\"font-family: arial, helvetica, sans-serif; font-size: 14pt;\">Los medios realizan dos tareas paralelas e intensas, primero afirmar que hubo represi\u00f3n y segundo, legitimar a la Generaci\u00f3n Z como un movimiento social nutrido y de j\u00f3venes, lo cual es mentira.<\/span><\/p>\n<p><span style=\"font-family: arial, helvetica, sans-serif; font-size: 14pt;\">La marcha que se anunci\u00f3 multitudinaria no lleg\u00f3 ni a los 15 mil asistentes. Se dijo ser\u00eda pac\u00edfica e hicieron destrozos, su prop\u00f3sito era obligar a la poblaci\u00f3n a pensar que la inseguridad sigue siendo el problema principal de M\u00e9xico.<\/span><\/p>\n<p><span style=\"font-family: arial, helvetica, sans-serif; font-size: 14pt;\">El l\u00edder nacional del PRI, Alejandro \u00abAlito\u00bb Moreno<strong>\u00a0<\/strong>se pronunci\u00f3 en sus redes sociales diciendo que \u00abel cobarde narcogobierno de Morena, se esconde tras las vallas de la soberbia y lanza gases contra las juventudes que luchan por un M\u00e9xico con rumbo\u00bb. Pero el sempiterno l\u00edder del PRI no asisti\u00f3 a la marcha.<\/span><\/p>\n<p><span style=\"font-family: arial, helvetica, sans-serif; font-size: 14pt;\">Ese s\u00e1bado la derecha marcho tratando de esconder bajo el disfraz de la violencia su verdadero rostro, m\u00e1s agresiva, y desafiante, portando im\u00e1genes guadalupanas y banderines blancos, aparentemente pac\u00edfica pero cargada de petardos, cohetones, pedradas y bombas de humo, herramientas para tumbar las vallas, gas pimienta, etc.<\/span><\/p>\n<p><span style=\"font-family: arial, helvetica, sans-serif; font-size: 14pt;\">Mientras los manifestantes gritaban queremos paz realizaban destrozos en lo que encontraban a su paso.<\/span><\/p>\n<p><span style=\"font-family: arial, helvetica, sans-serif; font-size: 14pt;\">Los sombreros, al estilo Carlos Manzo se vend\u00edan a 150 pesos en un tendido a media plancha del z\u00f3calo, pero no era necesario, porque colaboradores del partido Somos MX, los regalaban al que lo solicitara.<\/span><\/p>\n<p><span style=\"font-family: arial, helvetica, sans-serif; font-size: 14pt;\">Grupos bien organizados de encapuchados realizaron ataques a las vallas del Palacio Nacional. Con martillos, esmeriles y marros romp\u00edan adoquines para lanzarlos sobre y contra las vallas.<\/span><\/p>\n<p><span style=\"font-family: arial, helvetica, sans-serif; font-size: 14pt;\">Los pocos asistentes de la aut\u00e9ntica Generaci\u00f3n Z, se vio rebasada en n\u00famero por sus mayores, muy mayores pero padres, abuelos y t\u00edos les dedicaron la marcha como para darles \u00e1nimos.<\/span><\/p>\n<p><span style=\"font-family: arial, helvetica, sans-serif; font-size: 14pt;\">M\u00e1s de una coincidencia mostraba al verdadero organizador de este evento que m\u00e1s parec\u00eda un montaje que una protesta social. Los asistentes elogiaban al presidente de El Salvador, Nayib Bukele, con quien el evasor fiscal, Ricardo Salinas Pliego se hab\u00eda reunido semanas antes.<\/span><\/p>\n<p><span style=\"font-family: arial, helvetica, sans-serif; font-size: 14pt;\">El delincuente com\u00fan llamado Ricardo Salinas prefiere incendiar el pa\u00eds antes que pagar lo que le debe al SAT. Se ha dedicado a movilizar a los productores de ma\u00edz.<\/span><\/p>\n<p><span style=\"font-family: arial, helvetica, sans-serif; font-size: 14pt;\">En d\u00edas pasados productores del campo de los municipios de Pur\u00edsima del Rinc\u00f3n, Silao, Manuel Doblado, San Francisco del Rinc\u00f3n y Le\u00f3n,<strong>\u00a0<\/strong>tomaron la caseta de peaje Le\u00f3n\u2013Aguascalientes para permitir el libre paso de veh\u00edculos con el objetivo de liberar el precio de garant\u00eda del ma\u00edz.<\/span><\/p>\n<p><span style=\"font-family: arial, helvetica, sans-serif; font-size: 14pt;\">A pesar de que est\u00e1 negoci\u00e1ndose en mesas de trabajo permanentemente abiertas dicha situaci\u00f3n.<\/span><\/p>\n<p><span style=\"font-family: arial, helvetica, sans-serif; font-size: 14pt;\">Los productores de estos municipios, exigen al gobierno que haya di\u00e1logo con las empresas acaparadoras de los granos de ma\u00edz para que paguen el precio de 6 mil pesos por tonelada; se\u00f1alan que ante el apoyo que les ha brindado el gobierno, las empresas redujeron el pago a 5 mil 100 por tonelada de grano de ma\u00edz.<\/span><\/p>\n<p><span style=\"font-family: arial, helvetica, sans-serif; font-size: 14pt;\">Lo mismo sucede con los profesores de la CNTE, quienes realizan protestas callejeras y cierres de carreteras inexplicablemente, porque las mesas de trabajo est\u00e1n abiertas en diferentes estados para llegar a un acuerdo. Ambas situaciones tienen un poder econ\u00f3mico que sostiene sus luchas, cuyo financiamiento viene de Salinas Pliego.<\/span><\/p>\n<p><span style=\"font-family: arial, helvetica, sans-serif; font-size: 14pt;\">Otro conflicto en el que est\u00e1 implicado el due\u00f1o de TV Azteca con el fin de crear una imagen artificial de la inseguridad en M\u00e9xico es el robo a transportistas en las carreteras. A pesar de que se han detenido a varias bandas se considera que transportar mercanc\u00eda por carretera en<strong>\u00a0<\/strong>M\u00e9xico \u201cya no es solo un trabajo pesado\u2026 ahora tambi\u00e9n es un riesgo constante\u201d.<\/span><\/p>\n<p><span style=\"font-family: arial, helvetica, sans-serif; font-size: 14pt;\">En 2024 se registraron m\u00e1s de 24 mil robos de carga en carreteras del pa\u00eds.<\/span><\/p>\n<p><span style=\"font-family: arial, helvetica, sans-serif; font-size: 14pt;\">M\u00e1s del 80 por ciento de los asaltos se concentran en seis estados. Esas entidades comparten una cosa en com\u00fan: Son claves para la industria y el comercio nacional: Estado de M\u00e9xico, Puebla, Guanajuato, Jalisco, San Luis Potos\u00ed, Veracruz, principalmente en esta entidad concentrados en el sur del estado y en el centro en las Cumbres de maltrata, donde aprovechan la neblina para realizar sus delitos y mantenerse impunes.<\/span><\/p>\n<p><span style=\"font-family: arial, helvetica, sans-serif; font-size: 14pt;\">Logros y responsabilidad del secretario de Seguridad Ciudadana a nivel federal, Omar Garc\u00eda Harfuch, quien ha avanzado en la lucha contra la inseguridad, pero cuando la delincuencia es impulsada de manera perversa, la complejidad de la lucha es mayor y, a pesar de ello, remonta la adversidad y entrega buenos resultados.<\/span><\/p>\n<p><span style=\"font-family: arial, helvetica, sans-serif; font-size: 14pt;\">Esos estados forman parte de los principales corredores industriales y log\u00edsticos del pa\u00eds. Nadie dudar\u00eda que el delincuente Salinas Pliego invierte en delincuencia en lugar de pagar lo que debe.<\/span><\/p>\n<p><span style=\"font-family: arial, helvetica, sans-serif; font-size: 14pt;\"><strong>PEGA Y CORRE.-<\/strong> Guanajuato, gobernado por el PAN desde 1991, se ha convertido en el estado m\u00e1s peligroso para ejercer la abogac\u00eda en M\u00e9xico. Entre 2020 y 2025, al menos 15\u00a0abogados\u00a0han sido asesinados en distintos municipios de la entidad, principalmente en Le\u00f3n, donde el gremio jur\u00eddico vive bajo amenaza constante. En cinco a\u00f1os, han sido asesinados al menos 168 abogados en todo el pa\u00eds, pero Guanajuato encabeza la lista junto con Michoac\u00e1n con 15 ejecuciones\u2026 Esta columna se publica los lunes, mi\u00e9rcoles y viernes.<\/span><\/p>\n<p><img data-recalc-dims=\"1\" loading=\"lazy\" decoding=\"async\" class=\"aligncenter size-full wp-image-74978\" src=\"https:\/\/i0.wp.com\/politicosaldesnudo.com.mx\/wp-content\/uploads\/2025\/11\/FIRMA-EDITORIAL-PD-4.jpg?resize=800%2C98&#038;ssl=1\" alt=\"\" width=\"800\" height=\"98\" srcset=\"https:\/\/i0.wp.com\/politicosaldesnudo.com.mx\/wp-content\/uploads\/2025\/11\/FIRMA-EDITORIAL-PD-4.jpg?w=1024&amp;ssl=1 1024w, https:\/\/i0.wp.com\/politicosaldesnudo.com.mx\/wp-content\/uploads\/2025\/11\/FIRMA-EDITORIAL-PD-4.jpg?resize=300%2C37&amp;ssl=1 300w, https:\/\/i0.wp.com\/politicosaldesnudo.com.mx\/wp-content\/uploads\/2025\/11\/FIRMA-EDITORIAL-PD-4.jpg?resize=768%2C94&amp;ssl=1 768w\" sizes=\"auto, (max-width: 800px) 100vw, 800px\" \/><\/p>\n","protected":false},"excerpt":{"rendered":"<p>ALMA GRANDE Por \u00c1ngel \u00c1lvaro Pe\u00f1a Los l\u00edderes del PAN y el PRI saben que no pueden aglutinar mucha gente<\/p>\n","protected":false},"author":4,"featured_media":74846,"comment_status":"closed","ping_status":"closed","sticky":false,"template":"","format":"standard","meta":{"colormag_page_container_layout":"default_layout","colormag_page_sidebar_layout":"default_layout","_jetpack_memberships_contains_paid_content":false,"footnotes":"","jetpack_publicize_message":"","jetpack_publicize_feature_enabled":true,"jetpack_social_post_already_shared":true,"jetpack_social_options":{"image_generator_settings":{"template":"highway","default_image_id":0,"font":"","enabled":false},"version":2}},"categories":[26],"tags":[],"class_list":["post-74995","post","type-post","status-publish","format-standard","has-post-thumbnail","hentry","category-columnistas"],"jetpack_publicize_connections":[],"jetpack_featured_media_url":"https:\/\/i0.wp.com\/politicosaldesnudo.com.mx\/wp-content\/uploads\/2025\/11\/BANNER-LOPEZ-DORIGA-DIGITAL-2.jpg?fit=800%2C445&ssl=1","jetpack-related-posts":[],"jetpack_sharing_enabled":true,"_links":{"self":[{"href":"https:\/\/politicosaldesnudo.com.mx\/index.php\/wp-json\/wp\/v2\/posts\/74995","targetHints":{"allow":["GET"]}}],"collection":[{"href":"https:\/\/politicosaldesnudo.com.mx\/index.php\/wp-json\/wp\/v2\/posts"}],"about":[{"href":"https:\/\/politicosaldesnudo.com.mx\/index.php\/wp-json\/wp\/v2\/types\/post"}],"author":[{"embeddable":true,"href":"https:\/\/politicosaldesnudo.com.mx\/index.php\/wp-json\/wp\/v2\/users\/4"}],"replies":[{"embeddable":true,"href":"https:\/\/politicosaldesnudo.com.mx\/index.php\/wp-json\/wp\/v2\/comments?post=74995"}],"version-history":[{"count":0,"href":"https:\/\/politicosaldesnudo.com.mx\/index.php\/wp-json\/wp\/v2\/posts\/74995\/revisions"}],"wp:featuredmedia":[{"embeddable":true,"href":"https:\/\/politicosaldesnudo.com.mx\/index.php\/wp-json\/wp\/v2\/media\/74846"}],"wp:attachment":[{"href":"https:\/\/politicosaldesnudo.com.mx\/index.php\/wp-json\/wp\/v2\/media?parent=74995"}],"wp:term":[{"taxonomy":"category","embeddable":true,"href":"https:\/\/politicosaldesnudo.com.mx\/index.php\/wp-json\/wp\/v2\/categories?post=74995"},{"taxonomy":"post_tag","embeddable":true,"href":"https:\/\/politicosaldesnudo.com.mx\/index.php\/wp-json\/wp\/v2\/tags?post=74995"}],"curies":[{"name":"wp","href":"https:\/\/api.w.org\/{rel}","templated":true}]}}