{"id":75007,"date":"2025-11-17T19:00:32","date_gmt":"2025-11-18T01:00:32","guid":{"rendered":"https:\/\/politicosaldesnudo.com.mx\/?p=75007"},"modified":"2025-11-17T19:00:32","modified_gmt":"2025-11-18T01:00:32","slug":"juez-guerra","status":"publish","type":"post","link":"https:\/\/politicosaldesnudo.com.mx\/index.php\/2025\/11\/17\/juez-guerra\/","title":{"rendered":"\u00a1Juez guerra!"},"content":{"rendered":"<p>Si en alguna ocasi\u00f3n y por ingratitud borrara de mi memoria el nombre del excelent\u00edsimo juez de la Audiencia Nacional de Espa\u00f1a Don Jos\u00e9 Antonio Choclan Montalvo (penalista de prosapia), no por ello olvidar\u00eda sus grandes conocimientos que nos conducen al manejo de los conceptos que hoy expongo: \u201co los jueces de esta audiencia somos totalmente independientes o, en lugar de impartir justicia, la destruimos al cometer acciones il\u00edcitas, o la justicia es independiente del poder pol\u00edtico y econ\u00f3mico, o no es justicia\u201d.<\/p>\n<p>En efecto y dado a esos grandes conceptos expresados, hoy la Academia de Derecho Penal del Colegio Nacional de Abogados Foro de M\u00e9xico, puede afirmar, sin dubitaci\u00f3n alguna, que en la justicia sin una concreta y eficiente garant\u00eda de independencia, los jueces quedar\u00edan reducidos a la nada o se convertir\u00edan total y necesariamente en instrumentos miserables de la injusticia y corrupci\u00f3n.<\/p>\n<p>Albert Camus, gran fil\u00f3sofo franc\u00e9s cuyo pensar se desarrolla con base en el razonamiento, escribi\u00f3 en su obra \u201cel hombre rebelde\u201d, en la escena en la que el juez, harto de irreverencia y desacato de una mujer de la vida galante, un insult\u00f3 de manera poco ponderada grit\u00e1ndole<\/p>\n<p>\u00a1puta!. Habi\u00e9ndo respondido ella con mayor energ\u00eda !juez!. En esa obra el fil\u00f3sofo plante\u00f3 la duda de cu\u00e1l fue la ofensa m\u00e1s grave. Porque ser un juez dependiente como ense\u00f1ara el inigualable Jos\u00e9 Antonio Choclan Montalvo es ser un juez despreciable y la palabra \u00a1juez! cabe en ciertos casos a ser una denostaci\u00f3n.<\/p>\n<p>Nuestra Constituci\u00f3n Pol\u00edtica de los Estados Unidos Mexicanos, en el ayer hac\u00eda de la independencia una condici\u00f3n indispensable de la justicia. El rasgo sobresaliente de la toga de un juez, lo era el de ejercer su mandato jurisdiccional, es decir impartir justicia de forma independiente, sin actitud o condici\u00f3n ajena al &lt;imperio de la ley&gt; o contraria a la exigencia de imparcialidad y objetividad.<\/p>\n<p>En el M\u00e9xico de hoy y con Rafael Guerra Alvarez a la cabeza del Poder Judicial de la Ciudad de M\u00e9xico y, dada su dependencia de la pol\u00edtica, nuestra Capital de la Rep\u00fablica, carecer\u00e1 de la independencia que se requiere en el ejercicio del Poder Judicial y no quedar\u00e1n liberados los jueces de la servidumbre de los mandatos de otros Poderes de la Uni\u00f3n. Habr\u00e1 continuidad de presiones abiertas y directas de otros Poderes para dar continuidad a la impunidad de Guillermo Alejandro Sesma Su\u00e1rez<\/p>\n<p>(violador de la integridad sexual de sus tres menores hijos), su hermano Jes\u00fas Sesma Su\u00e1rez, importante y destacado pol\u00edtico de la Rep\u00fablica, propici\u00f3 esas reformas que lograron que Rafael Guerra \u00c1lvarez se reeligiera.<\/p>\n<p>Ahora, el \u00a1juez Guerra! est\u00e1 obligado a pagar el favor, dando continuidad a esa impunidad.<\/p>\n<p>Es cu\u00e1nto.<\/p>\n<p><img data-recalc-dims=\"1\" loading=\"lazy\" decoding=\"async\" class=\"aligncenter size-full wp-image-74978\" src=\"https:\/\/i0.wp.com\/politicosaldesnudo.com.mx\/wp-content\/uploads\/2025\/11\/FIRMA-EDITORIAL-PD-4.jpg?resize=800%2C98&#038;ssl=1\" alt=\"\" width=\"800\" height=\"98\" srcset=\"https:\/\/i0.wp.com\/politicosaldesnudo.com.mx\/wp-content\/uploads\/2025\/11\/FIRMA-EDITORIAL-PD-4.jpg?w=1024&amp;ssl=1 1024w, https:\/\/i0.wp.com\/politicosaldesnudo.com.mx\/wp-content\/uploads\/2025\/11\/FIRMA-EDITORIAL-PD-4.jpg?resize=300%2C37&amp;ssl=1 300w, https:\/\/i0.wp.com\/politicosaldesnudo.com.mx\/wp-content\/uploads\/2025\/11\/FIRMA-EDITORIAL-PD-4.jpg?resize=768%2C94&amp;ssl=1 768w\" sizes=\"auto, (max-width: 800px) 100vw, 800px\" \/><\/p>\n","protected":false},"excerpt":{"rendered":"<p>Si en alguna ocasi\u00f3n y por ingratitud borrara de mi memoria el nombre del excelent\u00edsimo juez de la Audiencia Nacional<\/p>\n","protected":false},"author":4,"featured_media":52149,"comment_status":"closed","ping_status":"closed","sticky":false,"template":"","format":"standard","meta":{"colormag_page_container_layout":"default_layout","colormag_page_sidebar_layout":"default_layout","_jetpack_memberships_contains_paid_content":false,"footnotes":"","jetpack_publicize_message":"","jetpack_publicize_feature_enabled":true,"jetpack_social_post_already_shared":true,"jetpack_social_options":{"image_generator_settings":{"template":"highway","default_image_id":0,"font":"","enabled":false},"version":2}},"categories":[26],"tags":[],"class_list":["post-75007","post","type-post","status-publish","format-standard","has-post-thumbnail","hentry","category-columnistas"],"jetpack_publicize_connections":[],"jetpack_featured_media_url":"https:\/\/i0.wp.com\/politicosaldesnudo.com.mx\/wp-content\/uploads\/2024\/12\/WOODLRICH.jpg?fit=800%2C445&ssl=1","jetpack-related-posts":[],"jetpack_sharing_enabled":true,"_links":{"self":[{"href":"https:\/\/politicosaldesnudo.com.mx\/index.php\/wp-json\/wp\/v2\/posts\/75007","targetHints":{"allow":["GET"]}}],"collection":[{"href":"https:\/\/politicosaldesnudo.com.mx\/index.php\/wp-json\/wp\/v2\/posts"}],"about":[{"href":"https:\/\/politicosaldesnudo.com.mx\/index.php\/wp-json\/wp\/v2\/types\/post"}],"author":[{"embeddable":true,"href":"https:\/\/politicosaldesnudo.com.mx\/index.php\/wp-json\/wp\/v2\/users\/4"}],"replies":[{"embeddable":true,"href":"https:\/\/politicosaldesnudo.com.mx\/index.php\/wp-json\/wp\/v2\/comments?post=75007"}],"version-history":[{"count":0,"href":"https:\/\/politicosaldesnudo.com.mx\/index.php\/wp-json\/wp\/v2\/posts\/75007\/revisions"}],"wp:featuredmedia":[{"embeddable":true,"href":"https:\/\/politicosaldesnudo.com.mx\/index.php\/wp-json\/wp\/v2\/media\/52149"}],"wp:attachment":[{"href":"https:\/\/politicosaldesnudo.com.mx\/index.php\/wp-json\/wp\/v2\/media?parent=75007"}],"wp:term":[{"taxonomy":"category","embeddable":true,"href":"https:\/\/politicosaldesnudo.com.mx\/index.php\/wp-json\/wp\/v2\/categories?post=75007"},{"taxonomy":"post_tag","embeddable":true,"href":"https:\/\/politicosaldesnudo.com.mx\/index.php\/wp-json\/wp\/v2\/tags?post=75007"}],"curies":[{"name":"wp","href":"https:\/\/api.w.org\/{rel}","templated":true}]}}