{"id":75056,"date":"2025-11-18T00:17:09","date_gmt":"2025-11-18T06:17:09","guid":{"rendered":"https:\/\/politicosaldesnudo.com.mx\/?p=75056"},"modified":"2025-11-17T20:02:34","modified_gmt":"2025-11-18T02:02:34","slug":"jeannette-jara-y-ultraderechista-jose-antonio-kast-reinician-campanas-en-chile-para-segunda-vuelta","status":"publish","type":"post","link":"https:\/\/politicosaldesnudo.com.mx\/index.php\/2025\/11\/18\/jeannette-jara-y-ultraderechista-jose-antonio-kast-reinician-campanas-en-chile-para-segunda-vuelta\/","title":{"rendered":"Jeannette Jara y ultraderechista Jos\u00e9 Antonio Kast reinician campa\u00f1as en Chile para segunda vuelta"},"content":{"rendered":"<p class=\"nota-justify\">No desperdiciaron un solo d\u00eda y, en una carrera contra el tiempo y que se augura \u00e1spera, la centroizquierdista Jeannette Jara (26.8 por ciento de los votos) y el ultraderechista Jos\u00e9 Antonio Kast (23.9), retomaron la campa\u00f1a tras los comicios del domingo, de cara a la segunda vuelta del 14 de diciembre, cuando se definir\u00e1 si ella o \u00e9l ser\u00e1 el pr\u00f3ximo gobernante de Chile.<\/p>\n<p class=\"nota-justify\">Jara tiene un dur\u00edsimo desaf\u00edo dada la sumatoria de votos de las tres candidaturas derechistas, que acumularon 50.3 por ciento de los sufragios. Y tambi\u00e9n los 19.7 puntos que obtuvo el populista Franco Parisi, del Partido de la Gente, quien contra pron\u00f3stico remat\u00f3 tercero y cuyos electores son una mezcla variopinta compleja.<\/p>\n<p class=\"nota-justify\">\u00c9l gan\u00f3 en las cuatro primeras regiones del norte, donde la actividad principal es la miner\u00eda, y por donde ingresan los migrantes irregulares, en el centro de la contienda.<\/p>\n<p class=\"nota-justify\">Jara retom\u00f3 el proselitismo en el modesto municipio de La Pintana, en el sur de la capital, donde ayer obtuvo casi 31 por ciento de las preferencias, seguida por Parisi con 26.7.<\/p>\n<p class=\"nota-justify\">Acompa\u00f1ada de la alcaldesa democristiana Claudia Pizarro, hizo un compromiso a los vecinos: \u201cEn mi gobierno la seguridad p\u00fablica va a ser una prioridad, no desde el eslogan de la mano dura, sino desde la realidad. Vamos a tener m\u00e1s carabineros en las calles, en las zonas populares donde hay muy pocos\u201d, dijo.<\/p>\n<p class=\"nota-justify\">Y es que la inseguridad est\u00e1 en el meollo de las urgencias, m\u00e1s para los vecinos de comunas pobres.<\/p>\n<p class=\"nota-justify\">La noche del domingo la oficialista hizo un gui\u00f1o a los electores de Parisi, afirm\u00f3 que recog\u00eda la propuesta de eliminar el impuesto de consumo del 19 por ciento a los medicamentos.<\/p>\n<p class=\"nota-justify\">Seg\u00fan el analista Cristi\u00e1n Fuentes, \u201ces un electorado vol\u00e1til, sin fronteras definidas. Tiene los electores del norte que son antiinmigrantes, pero hay tambi\u00e9n gente de sectores medios aspiracional, individualista. Son anti pol\u00edtica y antisistema, es dif\u00edcil ah\u00ed hacer un discurso general\u201d.<\/p>\n<p class=\"nota-justify\">Agrega que \u201cde entre los votantes de Evelyn Matthei, por ah\u00ed Jara puede captar votos de mujeres, porque Kast es sabido que es mis\u00f3gino\u201d.<\/p>\n<p class=\"nota-justify\">En cuanto al balotaje, \u201cesa es otra elecci\u00f3n, pero tiene ventaja la derecha. Por muy buena campa\u00f1a que haga Jara, va a ser muy dif\u00edcil\u201d.<\/p>\n<p class=\"nota-justify\">Kast viaj\u00f3 a La Araucan\u00eda, donde obtuvo con 32.5 puntos la primera mayor\u00eda, una regi\u00f3n capturada por el conflicto entre el pueblo Mapuche y el Estado, y que \u00e9l promete terminar mediante empleo de la fuerza.<\/p>\n<p class=\"nota-justify\">En la elecci\u00f3n parlamentaria, el bloque de Kast -Cambio por Chile, con los partidos Republicano, Nacional Libertario y Social Cristiano, alcanz\u00f3 42 diputados, 27 m\u00e1s que en la actual legislatura, lo que los convierte en la principal fuerza individual.<\/p>\n<p class=\"nota-justify\">Mientras que Chile Vamos \u2013la alianza hist\u00f3rica de los partidos Dem\u00f3crata Independiente (UDI), Renovaci\u00f3n Nacional (RN) y Evoluci\u00f3n Pol\u00edtica (Evopoli), pasa de 53 a 34 diputados.<\/p>\n<p class=\"nota-justify\">Y en el Senado, que renov\u00f3 la mitad de los 50 esca\u00f1os, Cambio por Chile eligi\u00f3 seis para totalizar siete; mientras que Chile Vamos perdi\u00f3 siete y qued\u00f3 con 18.<\/p>\n<p class=\"nota-justify\">\u201cChile Vamos tiene que replantearse, est\u00e1 en suelo y tiene que cambiar de nombre, entre otras cosas, el pi\u00f1erismo fue derrotado\u201d, dice el analista, para quien \u201cla derecha est\u00e1 por volver a las bases, que no es m\u00e1s que un neo pinochetismo\u201d.<\/p>\n<p class=\"nota-justify\">\u201cEl Congreso ser\u00e1 complejo, sobre todo la C\u00e1mara de Diputados muy fragmentada, con 14 diputados del PDG que se pueden ir para cualquier lado. Si el ganador es Kast, dijo que todo lo que pueda ser\u00e1 por decreto\u201d, dice Fuentes.<\/p>\n","protected":false},"excerpt":{"rendered":"<p>No desperdiciaron un solo d\u00eda y, en una carrera contra el tiempo y que se augura \u00e1spera, la centroizquierdista Jeannette<\/p>\n","protected":false},"author":4,"featured_media":75057,"comment_status":"closed","ping_status":"closed","sticky":false,"template":"","format":"standard","meta":{"colormag_page_container_layout":"default_layout","colormag_page_sidebar_layout":"default_layout","_jetpack_memberships_contains_paid_content":false,"footnotes":"","jetpack_publicize_message":"","jetpack_publicize_feature_enabled":true,"jetpack_social_post_already_shared":true,"jetpack_social_options":{"image_generator_settings":{"template":"highway","default_image_id":0,"font":"","enabled":false},"version":2}},"categories":[28],"tags":[],"class_list":["post-75056","post","type-post","status-publish","format-standard","has-post-thumbnail","hentry","category-internacional"],"jetpack_publicize_connections":[],"jetpack_featured_media_url":"https:\/\/i0.wp.com\/politicosaldesnudo.com.mx\/wp-content\/uploads\/2025\/11\/ENTOLA.jpg?fit=766%2C506&ssl=1","jetpack-related-posts":[],"jetpack_sharing_enabled":true,"_links":{"self":[{"href":"https:\/\/politicosaldesnudo.com.mx\/index.php\/wp-json\/wp\/v2\/posts\/75056","targetHints":{"allow":["GET"]}}],"collection":[{"href":"https:\/\/politicosaldesnudo.com.mx\/index.php\/wp-json\/wp\/v2\/posts"}],"about":[{"href":"https:\/\/politicosaldesnudo.com.mx\/index.php\/wp-json\/wp\/v2\/types\/post"}],"author":[{"embeddable":true,"href":"https:\/\/politicosaldesnudo.com.mx\/index.php\/wp-json\/wp\/v2\/users\/4"}],"replies":[{"embeddable":true,"href":"https:\/\/politicosaldesnudo.com.mx\/index.php\/wp-json\/wp\/v2\/comments?post=75056"}],"version-history":[{"count":0,"href":"https:\/\/politicosaldesnudo.com.mx\/index.php\/wp-json\/wp\/v2\/posts\/75056\/revisions"}],"wp:featuredmedia":[{"embeddable":true,"href":"https:\/\/politicosaldesnudo.com.mx\/index.php\/wp-json\/wp\/v2\/media\/75057"}],"wp:attachment":[{"href":"https:\/\/politicosaldesnudo.com.mx\/index.php\/wp-json\/wp\/v2\/media?parent=75056"}],"wp:term":[{"taxonomy":"category","embeddable":true,"href":"https:\/\/politicosaldesnudo.com.mx\/index.php\/wp-json\/wp\/v2\/categories?post=75056"},{"taxonomy":"post_tag","embeddable":true,"href":"https:\/\/politicosaldesnudo.com.mx\/index.php\/wp-json\/wp\/v2\/tags?post=75056"}],"curies":[{"name":"wp","href":"https:\/\/api.w.org\/{rel}","templated":true}]}}