{"id":75070,"date":"2025-11-17T23:10:54","date_gmt":"2025-11-18T05:10:54","guid":{"rendered":"https:\/\/politicosaldesnudo.com.mx\/?p=75070"},"modified":"2025-11-18T23:12:35","modified_gmt":"2025-11-19T05:12:35","slug":"raul-peimbert-cuando-el-merito-si-pesa-mas-que-el-ruido","status":"publish","type":"post","link":"https:\/\/politicosaldesnudo.com.mx\/index.php\/2025\/11\/17\/raul-peimbert-cuando-el-merito-si-pesa-mas-que-el-ruido\/","title":{"rendered":"Ra\u00fal Peimbert: cuando el m\u00e9rito s\u00ed pesa m\u00e1s que el ruido"},"content":{"rendered":"<p>En tiempos donde abundan los improvisados que confunden un celular o micr\u00f3fono con una varita m\u00e1gica y un set de televisi\u00f3n con una pasarela, resulta casi provocador que alguien gane premios por lo que deber\u00eda ser lo elemental:\u00a0<b>hacer bien su trabajo<\/b>. Y, sin embargo, eso hizo \u2014una vez m\u00e1s\u2014 Ra\u00fal Peimbert, el periodista veracruzano que este fin de semana sum\u00f3 tres nuevos Grammys a una vitrina que ya rebasa los 35 reconocimientos internacionales.<\/p>\n<p>Dicen que el m\u00e9rito no hace ruido. Pero hay trayectorias que, aun en silencio,\u00a0<b>retumban m\u00e1s que los discursos huecos de la pol\u00edtica criolla<\/b>. Con Peimbert tuve oportunidad de trabajar en la Coordinaci\u00f3n General de Comunicaci\u00f3n Social del Gobierno de Veracruz, en los a\u00f1os de Miguel Alem\u00e1n. Ah\u00ed pude ver de cerca que su disciplina no era pose, ni la seriedad una m\u00e1scara para la c\u00e1mara. Era \u2014y sigue siendo\u2014 un rigor aprendido desde temprano, cuando comenz\u00f3 como editor de noticias en Guadalajara antes de enfrentarse al reto de conducir noticiarios en Xalapa y en Veracruz.<\/p>\n<p>Muchos no recuerdan que, cuando la televisi\u00f3n local apenas intentaba profesionalizarse, Peimbert ya marcaba diferencia. No tard\u00f3 en cruzar fronteras: en 1991 se incorpor\u00f3 a Univisi\u00f3n y m\u00e1s tarde a Telemundo, donde condujo noticiarios y enfrent\u00f3 coberturas que requieren m\u00e1s que dicci\u00f3n clara y buena presencia: requieren criterio, temple y \u00e9tica. Es decir, aquello que escasea en la era del espect\u00e1culo disfrazado de periodismo.<\/p>\n<p>Su programa \u201cAm\u00e9rica Habla\u201d merece una menci\u00f3n aparte. No cualquiera logra sentarse frente a m\u00e1s de cuarenta presidentes latinoamericanos y mantener entrevistas de fondo sin caer en reverencias ni en pleites\u00edas. En una regi\u00f3n donde los mandatarios suelen confundir a los reporteros con corifeos, Peimbert hizo lo que debe hacer un periodista:\u00a0<b>preguntar con respeto, pero tambi\u00e9n con firmeza<\/b>. Calder\u00f3n, Fox, Menem, Fujimori, Ch\u00e1vez, Clinton\u2026 la lista es tan larga como variada, y habla m\u00e1s de su credibilidad que de cualquier galard\u00f3n.<\/p>\n<p>A eso se suma su cobertura de eventos que marcaron \u00e9poca: la muerte de Colosio, el terremoto de Los \u00c1ngeles, la explosi\u00f3n en Oklahoma, el atentado del 11 de septiembre, las inundaciones en Tabasco, el hurac\u00e1n Harvey. Periodismo en situaciones l\u00edmite, donde no hay ensayo ni segundas tomas.<\/p>\n<p>La Academia Nacional de Televisi\u00f3n, Artes y Ciencias no regala Emmys. Sus m\u00e1s de 28 premios no son ornamentos decorativos, sino testimonio de una carrera que ha combinado precisi\u00f3n profesional con compromiso c\u00edvico. Y no solo eso: su trabajo comunitario, reconocido con la \u201cManzana de Cristal\u201d y el premio \u201cDon Quijote\u201d, muestra que el periodismo tambi\u00e9n puede ser puente y no solo reflector.<\/p>\n<p>En tiempos donde la notoriedad se obtiene a golpe de esc\u00e1ndalo,\u00a0<b>Peimbert recuerda que el prestigio se construye a pulso, con a\u00f1os de coherencia y no minutos de viralidad<\/b>. Veracruz, tan acostumbrado a ver talentos que emigran por falta de condiciones dignas, encuentra en \u00e9l un recordatorio inc\u00f3modo pero necesario: cuando se apuesta por el profesionalismo, el mundo abre puertas.<\/p>\n<p>Ojal\u00e1 su historia sirva no para inflar egos \u2014que de eso estamos sobrados\u2014, sino para recordar que\u00a0<b>el periodismo serio a\u00fan puede romper fronteras sin perder la \u00e9tica en el camino<\/b>. Porque, a fin de cuentas, el verdadero reconocimiento no lo otorgan las academias, sino el tiempo. Y en ese terreno, Ra\u00fal Peimbert ya gan\u00f3 hace mucho.<\/p>\n<p><img data-recalc-dims=\"1\" loading=\"lazy\" decoding=\"async\" class=\"aligncenter size-full wp-image-74978\" src=\"https:\/\/i0.wp.com\/politicosaldesnudo.com.mx\/wp-content\/uploads\/2025\/11\/FIRMA-EDITORIAL-PD-4.jpg?resize=800%2C98&#038;ssl=1\" alt=\"\" width=\"800\" height=\"98\" srcset=\"https:\/\/i0.wp.com\/politicosaldesnudo.com.mx\/wp-content\/uploads\/2025\/11\/FIRMA-EDITORIAL-PD-4.jpg?w=1024&amp;ssl=1 1024w, https:\/\/i0.wp.com\/politicosaldesnudo.com.mx\/wp-content\/uploads\/2025\/11\/FIRMA-EDITORIAL-PD-4.jpg?resize=300%2C37&amp;ssl=1 300w, https:\/\/i0.wp.com\/politicosaldesnudo.com.mx\/wp-content\/uploads\/2025\/11\/FIRMA-EDITORIAL-PD-4.jpg?resize=768%2C94&amp;ssl=1 768w\" sizes=\"auto, (max-width: 800px) 100vw, 800px\" \/><\/p>\n","protected":false},"excerpt":{"rendered":"<p>En tiempos donde abundan los improvisados que confunden un celular o micr\u00f3fono con una varita m\u00e1gica y un set de<\/p>\n","protected":false},"author":4,"featured_media":45681,"comment_status":"closed","ping_status":"closed","sticky":false,"template":"","format":"standard","meta":{"colormag_page_container_layout":"default_layout","colormag_page_sidebar_layout":"default_layout","_jetpack_memberships_contains_paid_content":false,"footnotes":"","jetpack_publicize_message":"","jetpack_publicize_feature_enabled":true,"jetpack_social_post_already_shared":true,"jetpack_social_options":{"image_generator_settings":{"template":"highway","default_image_id":0,"font":"","enabled":false},"version":2}},"categories":[26],"tags":[],"class_list":["post-75070","post","type-post","status-publish","format-standard","has-post-thumbnail","hentry","category-columnistas"],"jetpack_publicize_connections":[],"jetpack_featured_media_url":"https:\/\/i0.wp.com\/politicosaldesnudo.com.mx\/wp-content\/uploads\/2024\/09\/CRISTIANI.jpg?fit=800%2C445&ssl=1","jetpack-related-posts":[],"jetpack_sharing_enabled":true,"_links":{"self":[{"href":"https:\/\/politicosaldesnudo.com.mx\/index.php\/wp-json\/wp\/v2\/posts\/75070","targetHints":{"allow":["GET"]}}],"collection":[{"href":"https:\/\/politicosaldesnudo.com.mx\/index.php\/wp-json\/wp\/v2\/posts"}],"about":[{"href":"https:\/\/politicosaldesnudo.com.mx\/index.php\/wp-json\/wp\/v2\/types\/post"}],"author":[{"embeddable":true,"href":"https:\/\/politicosaldesnudo.com.mx\/index.php\/wp-json\/wp\/v2\/users\/4"}],"replies":[{"embeddable":true,"href":"https:\/\/politicosaldesnudo.com.mx\/index.php\/wp-json\/wp\/v2\/comments?post=75070"}],"version-history":[{"count":0,"href":"https:\/\/politicosaldesnudo.com.mx\/index.php\/wp-json\/wp\/v2\/posts\/75070\/revisions"}],"wp:featuredmedia":[{"embeddable":true,"href":"https:\/\/politicosaldesnudo.com.mx\/index.php\/wp-json\/wp\/v2\/media\/45681"}],"wp:attachment":[{"href":"https:\/\/politicosaldesnudo.com.mx\/index.php\/wp-json\/wp\/v2\/media?parent=75070"}],"wp:term":[{"taxonomy":"category","embeddable":true,"href":"https:\/\/politicosaldesnudo.com.mx\/index.php\/wp-json\/wp\/v2\/categories?post=75070"},{"taxonomy":"post_tag","embeddable":true,"href":"https:\/\/politicosaldesnudo.com.mx\/index.php\/wp-json\/wp\/v2\/tags?post=75070"}],"curies":[{"name":"wp","href":"https:\/\/api.w.org\/{rel}","templated":true}]}}