{"id":75074,"date":"2025-11-17T23:16:04","date_gmt":"2025-11-18T05:16:04","guid":{"rendered":"https:\/\/politicosaldesnudo.com.mx\/?p=75074"},"modified":"2025-11-18T23:17:28","modified_gmt":"2025-11-19T05:17:28","slug":"la-deuda-saldada-y-la-guerra-de-lodo","status":"publish","type":"post","link":"https:\/\/politicosaldesnudo.com.mx\/index.php\/2025\/11\/17\/la-deuda-saldada-y-la-guerra-de-lodo\/","title":{"rendered":"La deuda saldada y la guerra de lodo"},"content":{"rendered":"<p style=\"font-weight: 400;\"><em>\u201cLas cosas no son dif\u00edciles de hacer; lo que es dif\u00edcil es ponerse en disposici\u00f3n de hacerlas\u201d. \u2013 Constantin Brancusi.<\/em><\/p>\n<p style=\"font-weight: 400;\"><strong>\u00a0<\/strong><\/p>\n<p style=\"font-weight: 400;\"><strong>En medio de la tormenta medi\u00e1tica, la desinformaci\u00f3n inducida y la estridencia de una oposici\u00f3n que a\u00fan no supera la derrota electoral, la gobernadora Roc\u00edo Nahle Garc\u00eda decidi\u00f3 responder no con discursos inflamados ni cadenas de desmentidos, sino con algo mucho m\u00e1s contundente: cifras. Y no cualquier cifras, sino las que acreditan que Veracruz logr\u00f3 una proeza que ni los gobiernos estatales de las \u00faltimas tres administraciones quisieron \u2014o pudieron\u2014 siquiera intentar: liquidar el adeudo hist\u00f3rico con el SAT, un monto que ascend\u00eda a 30 mil millones de pesos y que el estado arrastraba desde 2009, tiempos del Gobernador Fidel Herrera Beltr\u00e1n.<\/strong><\/p>\n<p style=\"font-weight: 400;\"><strong>Fue en una extensa entrevista con este reportero, en la primera Emisi\u00f3n del Noticiero En Contacto que la mandatar\u00eda veracruzana explic\u00f3 a detalle la informaci\u00f3n.<\/strong><\/p>\n<p style=\"font-weight: 400;\"><strong>El dato es fuerte por s\u00ed mismo. Pero su significado pol\u00edtico va a\u00fan m\u00e1s lejos. Nahle se\u00f1al\u00f3 que Veracruz es el \u00fanico estado del pa\u00eds que logr\u00f3 acogerse y cumplir al cien por ciento con el programa federal \u201cDeudor Cumplido\u201d.<\/strong><\/p>\n<p style=\"font-weight: 400;\"><strong>La deuda con la autoridad fiscal ahora est\u00e1 en cero. Cero. Una cifra que no admite interpretaciones, matices o ajustes ret\u00f3ricos. Simplemente se pag\u00f3 lo que nadie antes pag\u00f3, y que nos invita a cuestionarnos, \u00bfQu\u00e9 hicieron sus antecesores con el dinero de las y los veracruzanos?<\/strong><\/p>\n<p style=\"font-weight: 400;\"><strong>Y, sin embargo, lo que deber\u00eda ser materia de reconocimiento incluso entre adversarios se convierte autom\u00e1ticamente en combustible para la infodemia que circula en redes y espacios de comunicaci\u00f3n alineados a la oposici\u00f3n.<\/strong><\/p>\n<p style=\"font-weight: 400;\"><strong>Esa misma oposici\u00f3n que, desde hace meses, ha intentado construir una narrativa donde el caos financiero, la improvisaci\u00f3n y la incapacidad administrativa ser\u00edan los sellos del nuevo gobierno. No importa que las cifras oficiales digan lo contrario. No importa que los pasivos heredados fueran una bomba de tiempo que solo pod\u00eda desactivarse con una operaci\u00f3n financiera de gran escala. Lo que importa, para ellos, es sostener la ficci\u00f3n.<\/strong><\/p>\n<p style=\"font-weight: 400;\"><strong>Porque mientras se repiten rumores de quiebras, recortes, presuntas inconsistencias o \u201cdesv\u00edos\u201d inventados, la realidad presenta otras coordenadas: en apenas un a\u00f1o, la administraci\u00f3n estatal redujo de 119 mil millones de pesos las deudas bancarias e institucionales a 62 mil millones la deuda total, es decir, un 42 %. Y lo hizo sin frenar obra p\u00fablica, sin detener inversiones en seguridad, sin afectar la salud y sin sacrificar programas sociales, seg\u00fan subraya el informe oficial.<\/strong><\/p>\n<p style=\"font-weight: 400;\"><strong>Adem\u00e1s, el estado redujo de 25 mil a 11 mil millones el adeudo con el ISSSTE. Es cierto: a\u00fan queda pendiente resolver a fondo el tema de las cuentas individuales de los trabajadores y regularizar los dep\u00f3sitos hacia su futuro pensionario. Pero ser\u00eda intelectualmente deshonesto no reconocer que, en este tema, Veracruz no solo detuvo la ca\u00edda: comenz\u00f3 el ascenso.<\/strong><\/p>\n<p style=\"font-weight: 400;\"><strong>Una campa\u00f1a de gobierno puede inflar discursos, pero no puede inventar transferencias multimillonarias al SAT. Los n\u00fameros no se tuitean: se pagan. Y ese es justamente el punto que incomoda a quienes insisten en que el estado vive un desastre. La narrativa opositora se alimenta del desgaste, pero el problema para ellos es que Nahle no se desgasta: trabaja. Y con cada anuncio como este, les arruina la estrategia.<\/strong><\/p>\n<p style=\"font-weight: 400;\"><strong>La mandataria presume, adem\u00e1s, que la disciplina financiera no implic\u00f3 austeridad punitiva. Hubo adquisici\u00f3n de patrullas, uniformes, aumento salarial para polic\u00edas. Se compraron \u201cCamionetitas de la Salud\u201d, se fortalecieron los programas sociales, se cre\u00f3 un fideicomiso para modernizar el transporte p\u00fablico y se invirti\u00f3 en la tecnificaci\u00f3n del campo. \u00bfTodo eso es compatible con una supuesta crisis financiera? La oposici\u00f3n tendr\u00e1 que buscar una mejor ficci\u00f3n.<\/strong><\/p>\n<p style=\"font-weight: 400;\"><strong>Claro est\u00e1: tampoco se trata de cerrar los ojos ante los riesgos. La creaci\u00f3n de un fideicomiso siempre debe ser vigilada con lupa, y la continuidad de esta disciplina financiera depender\u00e1 de que el estado no caiga en la tentaci\u00f3n de endeudarse en a\u00f1os posteriores. La cr\u00edtica responsable no es negaci\u00f3n: es vigilancia.<\/strong><\/p>\n<p style=\"font-weight: 400;\"><strong>El 30 de noviembre, en Plaza Lerdo, la gobernadora hablar\u00e1 directamente a la ciudadan\u00eda. Y lo har\u00e1 con algo que, por m\u00e1s campa\u00f1as sucias que se elaboren en su contra, tiene m\u00e1s peso que cualquier rumor: resultados.<\/strong><\/p>\n<p style=\"font-weight: 400;\"><strong>Mientras otros levantan polvo, ella levanta n\u00fameros. Y aunque la infodemia grite, la realidad tiene la \u00faltima palabra\u2026 y esta vez viene en forma de deuda saldada.<\/strong><\/p>\n<p style=\"font-weight: 400;\"><strong>\u00a0<\/strong><\/p>\n<p style=\"font-weight: 400;\"><strong>Al tiempo.<\/strong><\/p>\n<p><img data-recalc-dims=\"1\" loading=\"lazy\" decoding=\"async\" class=\"aligncenter size-full wp-image-74978\" src=\"https:\/\/i0.wp.com\/politicosaldesnudo.com.mx\/wp-content\/uploads\/2025\/11\/FIRMA-EDITORIAL-PD-4.jpg?resize=800%2C98&#038;ssl=1\" alt=\"\" width=\"800\" height=\"98\" srcset=\"https:\/\/i0.wp.com\/politicosaldesnudo.com.mx\/wp-content\/uploads\/2025\/11\/FIRMA-EDITORIAL-PD-4.jpg?w=1024&amp;ssl=1 1024w, https:\/\/i0.wp.com\/politicosaldesnudo.com.mx\/wp-content\/uploads\/2025\/11\/FIRMA-EDITORIAL-PD-4.jpg?resize=300%2C37&amp;ssl=1 300w, https:\/\/i0.wp.com\/politicosaldesnudo.com.mx\/wp-content\/uploads\/2025\/11\/FIRMA-EDITORIAL-PD-4.jpg?resize=768%2C94&amp;ssl=1 768w\" sizes=\"auto, (max-width: 800px) 100vw, 800px\" \/><\/p>\n","protected":false},"excerpt":{"rendered":"<p>\u201cLas cosas no son dif\u00edciles de hacer; lo que es dif\u00edcil es ponerse en disposici\u00f3n de hacerlas\u201d. \u2013 Constantin Brancusi.<\/p>\n","protected":false},"author":4,"featured_media":36965,"comment_status":"closed","ping_status":"closed","sticky":false,"template":"","format":"standard","meta":{"colormag_page_container_layout":"default_layout","colormag_page_sidebar_layout":"default_layout","_jetpack_memberships_contains_paid_content":false,"footnotes":"","jetpack_publicize_message":"","jetpack_publicize_feature_enabled":true,"jetpack_social_post_already_shared":true,"jetpack_social_options":{"image_generator_settings":{"template":"highway","default_image_id":0,"font":"","enabled":false},"version":2}},"categories":[26],"tags":[],"class_list":["post-75074","post","type-post","status-publish","format-standard","has-post-thumbnail","hentry","category-columnistas"],"jetpack_publicize_connections":[],"jetpack_featured_media_url":"https:\/\/i0.wp.com\/politicosaldesnudo.com.mx\/wp-content\/uploads\/2024\/05\/LUIS-RAMIREZ-BAQUEIRO.jpg?fit=800%2C445&ssl=1","jetpack-related-posts":[],"jetpack_sharing_enabled":true,"_links":{"self":[{"href":"https:\/\/politicosaldesnudo.com.mx\/index.php\/wp-json\/wp\/v2\/posts\/75074","targetHints":{"allow":["GET"]}}],"collection":[{"href":"https:\/\/politicosaldesnudo.com.mx\/index.php\/wp-json\/wp\/v2\/posts"}],"about":[{"href":"https:\/\/politicosaldesnudo.com.mx\/index.php\/wp-json\/wp\/v2\/types\/post"}],"author":[{"embeddable":true,"href":"https:\/\/politicosaldesnudo.com.mx\/index.php\/wp-json\/wp\/v2\/users\/4"}],"replies":[{"embeddable":true,"href":"https:\/\/politicosaldesnudo.com.mx\/index.php\/wp-json\/wp\/v2\/comments?post=75074"}],"version-history":[{"count":0,"href":"https:\/\/politicosaldesnudo.com.mx\/index.php\/wp-json\/wp\/v2\/posts\/75074\/revisions"}],"wp:featuredmedia":[{"embeddable":true,"href":"https:\/\/politicosaldesnudo.com.mx\/index.php\/wp-json\/wp\/v2\/media\/36965"}],"wp:attachment":[{"href":"https:\/\/politicosaldesnudo.com.mx\/index.php\/wp-json\/wp\/v2\/media?parent=75074"}],"wp:term":[{"taxonomy":"category","embeddable":true,"href":"https:\/\/politicosaldesnudo.com.mx\/index.php\/wp-json\/wp\/v2\/categories?post=75074"},{"taxonomy":"post_tag","embeddable":true,"href":"https:\/\/politicosaldesnudo.com.mx\/index.php\/wp-json\/wp\/v2\/tags?post=75074"}],"curies":[{"name":"wp","href":"https:\/\/api.w.org\/{rel}","templated":true}]}}