{"id":7512,"date":"2022-07-09T07:14:00","date_gmt":"2022-07-09T12:14:00","guid":{"rendered":"https:\/\/politicosaldesnudo.com.mx\/?p=7512"},"modified":"2022-07-09T07:14:00","modified_gmt":"2022-07-09T12:14:00","slug":"un-analgesico-contra-la-violencia","status":"publish","type":"post","link":"https:\/\/politicosaldesnudo.com.mx\/index.php\/2022\/07\/09\/un-analgesico-contra-la-violencia\/","title":{"rendered":"Un analg\u00e9sico contra la violencia"},"content":{"rendered":"<p>&nbsp;<\/p>\n<p><span style=\"font-size: 18pt;\"><b>Por Ricardo Homs<\/b><\/span><\/p>\n<p class=\"p1\"><span style=\"font-size: 14pt;\">Que el origen de la violencia est\u00e1 en las graves desigualdades sociales, as\u00ed como en la falta de oportunidades, en el resentimiento derivado de las injusticias y muchas causas m\u00e1s, es entendible. Tiene raz\u00f3n el presidente L\u00f3pez Obrador en el diagn\u00f3stico.<\/span><\/p>\n<p class=\"p1\"><span style=\"font-size: 14pt;\">Sin embargo, quien es titular del Poder Ejecutivo tiene bajo su responsabilidad abocarse, -no s\u00f3lo a los diagn\u00f3sticos-, sino a la resoluci\u00f3n de los graves problemas del pa\u00eds, de los cuales, el m\u00e1s grave es la violencia derivada de la delincuencia.<\/span><\/p>\n<p class=\"p1\"><span style=\"font-size: 14pt;\">Negarse a utilizar los recursos jur\u00eddicos y el poder leg\u00edtimo del Estado Mexicano para combatir de frente a la delincuencia, representa una afrenta a las v\u00edctimas de la violencia, as\u00ed como a sus familias.<\/span><\/p>\n<p class=\"p1\"><span style=\"font-size: 14pt;\">La realidad actual de nuestro pa\u00eds es equiparable a la de un enfermo de c\u00e1ncer, -que aparentemente luce bien-, pero en su interior libra una batalla mortal, que le puede costar la vida.<\/span><\/p>\n<p class=\"p1\"><span style=\"font-size: 14pt;\">Los s\u00edntomas del c\u00e1ncer, -cuando avanza-, cada vez son m\u00e1s espectaculares y dolorosos.<\/span><\/p>\n<p class=\"p1\"><span style=\"font-size: 14pt;\">Esa es la situaci\u00f3n de M\u00e9xico: luce bien en una mirada superficial, pero internamente se est\u00e1 desmoronando el estado de derecho, que es la base del equilibrio que permite la convivencia.<\/span><\/p>\n<p class=\"p1\"><span style=\"font-size: 14pt;\">Imaginemos que este enfermo, -llamado \u201cPedro N\u201d-, va con el onc\u00f3logo, o sea el m\u00e9dico especialista en c\u00e1ncer.<\/span><\/p>\n<p class=\"p1\"><span style=\"font-size: 14pt;\">Este empieza a hablarle de un plan para reeducar sus malos h\u00e1bitos, que son los que propiciaron el deterioro de su salud. Le aclara\u2026 ni un cigarro m\u00e1s. Adem\u00e1s, nada de az\u00facar ni de sal. Eliminar el consumo de grasas y muy pocos carbohidratos. No beber bebidas carbonatadas azucaradas, -o sea-, refrescos embotellados. Cero estr\u00e9s\u2026 vida apacible\u2026 comida saludable \u00fanicamente, entre otras indicaciones para su tratamiento y lo despacha a su casa.<\/span><\/p>\n<p class=\"p1\"><span style=\"font-size: 14pt;\">\u00bfQu\u00e9 suceder\u00e1 con este enfermo, -al que denominaremos \u201cPedro N\u201d-, si solo sigue las indicaciones de este m\u00e9dico \u201chumanista\u201d? Pues seguramente en unos meses tendr\u00e1 met\u00e1stasis y el c\u00e1ncer le habr\u00e1 invadido otros \u00f3rganos, -que cuando tuvo su primera cita con el onc\u00f3logo-, a\u00fan estaban sanos.<\/span><\/p>\n<p class=\"p1\"><span style=\"font-size: 14pt;\">El tiempo perdido ya no ser\u00e1 recuperable.<\/span><\/p>\n<p class=\"p1\"><span style=\"font-size: 14pt;\">Mientras tanto, un amigo del primer paciente, quien ha llevado una vida similar a la de Pedro \u201cN\u201d, -al cual denominaremos \u201cPablo N\u201d-, visit\u00f3 otro m\u00e9dico onc\u00f3logo, que no se fue por las ramas.<\/span><\/p>\n<p class=\"p1\"><span style=\"font-size: 14pt;\">De inmediato \u201cPablo N\u201d fue sometido a \u201cterapia intensiva\u201d. De inicio fue objeto de una cirug\u00eda para extirparle un tumor. Despu\u00e9s de unos cuantos d\u00edas de reposo, llegaron las quimioterapias, tan agresivas que perdi\u00f3 peso, se le cay\u00f3 totalmente el cabello y su aspecto ya no era tan saludable como el de su amigo \u201cPedro N\u201d.<\/span><\/p>\n<p class=\"p1\"><span style=\"font-size: 14pt;\">Sin embargo, despu\u00e9s de este agresivo tratamiento sigui\u00f3 la recuperaci\u00f3n, lenta pero definitiva y fue dado de alta con un r\u00e9gimen alimenticio y cambio de h\u00e1bitos similar al de su amigo \u201cPedro N\u201d.<\/span><\/p>\n<p class=\"p1\"><span style=\"font-size: 14pt;\">Poco despu\u00e9s los papeles se intercambiaron. \u201cPedro N\u201d tuvo un deterioro veloz que se convirti\u00f3 en met\u00e1stasis y sobrevino una dolorosa muerte, mientras su m\u00e9dico segu\u00eda culp\u00e1ndolo de sus malos h\u00e1bitos como causantes del c\u00e1ncer y criticaba el salvaje tratamiento que a \u201cPablo N\u201d lo hab\u00eda sometido su m\u00e9dico.<\/span><\/p>\n<p class=\"p1\"><span style=\"font-size: 14pt;\">Cuando a \u00abPedro N\u00bb le lleg\u00f3 la met\u00e1stasis, -o sea que el c\u00e1ncer pas\u00f3 a otros \u00f3rganos-, la familia cambi\u00f3 de m\u00e9dico, mientras el m\u00e9dico charlat\u00e1n segu\u00eda defendiendo su tratamiento inicial y culpaba al paciente de haber llevado una vida desordenada.<\/span><br \/>\n<span style=\"font-size: 14pt;\">Sin embargo, el nuevo m\u00e9dico intent\u00f3 someterlo a una terapia intensiva, pero el deterioro era tal, y su debilidad tan atroz, que mejor prefiri\u00f3 dejarlo morir en paz.<\/span><\/p>\n<p class=\"p1\"><span style=\"font-size: 14pt;\">Durante el sepelio de su amigo, \u201cPablo N\u201d platicaba con la familia que \u00e9l hizo grandes esfuerzos para convencerlo de cambiar de m\u00e9dico, porque, -aunque el diagn\u00f3stico era correcto-, el tratamiento era inocuo. Sin embargo, el m\u00e9dico socarr\u00f3n era tan persuasivo y seductor que le impidi\u00f3 interpretar la realidad desde una visi\u00f3n objetiva.<\/span><\/p>\n<p class=\"p1\"><span style=\"font-size: 14pt;\">La familia lament\u00f3 la necedad del difunto y la nieta universitaria propuso demandar al m\u00e9dico charlat\u00e1n, al que le descubrieron que hab\u00eda sido p\u00e9simo estudiante, el peor de su generaci\u00f3n\u2026 ignorante y soberbio. Sin embargo, ninguna acci\u00f3n jur\u00eddica les regresar\u00eda al familiar perdido.<\/span><\/p>\n<p class=\"p1\"><span style=\"font-size: 14pt;\">Regresando al tema de la seguridad, podemos interpretar que pretender resolver este grave y urgente problema s\u00f3lo con estrategias preventivas, equivale a tratar de curar un c\u00e1ncer agresivo simplemente tomando analg\u00e9sicos.<\/span><\/p>\n<p class=\"p1\"><span style=\"font-size: 14pt;\">Sin embargo, este no es un tema menor, cuya soluci\u00f3n pueda ser aplazada, pues cada d\u00eda que pasa aumenta el n\u00famero de v\u00edctimas asesinadas, feminicidios, gente desaparecida y otros delitos de alto impacto que destruyen familias. Por ello es una irresponsabilidad no atacar de inmediato la violencia y enfrentar a los delincuentes con todo el poder del Estado Mexicano.<\/span><br \/>\n<span style=\"font-size: 14pt;\">De no actuar en contra de la violencia, cuando el pr\u00f3ximo presidente pretenda retomar el rumbo para someter al pa\u00eds a terapia intensiva, quiz\u00e1 sea muy tarde y los pol\u00edticos ya est\u00e9n recibiendo \u00f3rdenes del crimen organizado.<\/span><\/p>\n<p>&nbsp;<\/p>\n<p class=\"p1\"><span style=\"font-size: 18pt; color: #319eca;\"><strong>LA GOTA QUE DERRAMA EL VASO<\/strong><\/span><\/p>\n<p class=\"p1\"><span style=\"font-size: 14pt;\">El presidente ahora se ha enfilado contra los obispos que han criticado su estrategia de seguridad.<\/span><\/p>\n<p class=\"p1\"><span style=\"font-size: 14pt;\">Intenta confrontar a la Iglesia Cat\u00f3lica de M\u00e9xico con el Papa Francisco, pero\u2026 \u00bfQu\u00e9 pensar\u00e1 realmente el Papa respecto a la pol\u00edtica de seguridad del gobierno de la 4T?<\/span><\/p>\n<p class=\"p1\"><span style=\"font-size: 14pt;\">Muchos cl\u00e9rigos han sido agredidos a lo largo del territorio nacional y \u201chan aguantado vara\u201d. Sin embargo, la paciencia y la tolerancia cristiana tienen un l\u00edmite. La forma artera e innecesaria de matar a dos hombres indefensos que auxiliaban a un moribundo en la Sierra Tarahumara fue la gota que derram\u00f3 el vaso.<\/span><\/p>\n<p class=\"p1\"><span style=\"font-size: 14pt;\">Que ellos fueran jesuitas de avanzada edad, fue mucho m\u00e1s significativo.<\/span><\/p>\n<p class=\"p1\"><span style=\"font-size: 14pt;\">Seguramente la reacci\u00f3n contundente y firme de la alta jerarqu\u00eda de la Iglesia Cat\u00f3lica tiene que ver con la decepci\u00f3n al haber apostado al cambio de r\u00e9gimen, pues este gobierno lleg\u00f3 camuflajeado de una visi\u00f3n humanista.<\/span><\/p>\n<p class=\"p1\"><span style=\"font-size: 14pt;\">\u00bfC\u00f3mo olvidar que el movimiento 132 inici\u00f3 en la Ibero durante la campa\u00f1a presidencial del 2012? Fue el mismo rector de la Universidad Iberoamericana, -sacerdote jesuita, quien sin temer represalias del presidente Pe\u00f1a Nieto manifest\u00f3 el apoyo institucional de esa universidad al movimiento Yo soy 132, surgido en su campus.<\/span><\/p>\n<p class=\"p1\"><span style=\"font-size: 14pt;\">Quien capitaliz\u00f3 el apoyo de ese movimiento y de los jesuitas fue el candidato L\u00f3pez Obrador. Si embargo, este apoyo ha quedado en el olvido. Los aliados, -o simpatizantes de antes-, se han convertido en los cr\u00edticos de hoy.<\/span><\/p>\n<p>&nbsp;<\/p>\n<p class=\"p1\"><span style=\"font-size: 18pt;\"><strong>\u00bfA usted qu\u00e9 le parece?<\/strong><\/span><\/p>\n<p>&nbsp;<\/p>\n<p class=\"p1\"><span style=\"font-size: 18pt;\"><strong>Facebook:<a href=\"https:\/\/www.facebook.com\/Ricardo.Homs1\">@Ricardo.Homs1<\/a><\/strong><\/span><\/p>\n<p class=\"p1\"><span style=\"font-size: 18pt;\"><strong>Twitter:\u00a0<\/strong><a href=\"https:\/\/twitter.com\/homsricardo\"><strong>@homsricardo<\/strong><\/a><\/span><\/p>\n<p class=\"p1\"><span style=\"font-size: 18pt;\"><strong>Linkedin:\u00a0<a href=\"https:\/\/www.linkedin.com\/in\/ricardo-homs-3920449\/?originalSubdomain=mx\">RicardoHoms<\/a><\/strong><\/span><\/p>\n<p class=\"p1\"><span style=\"font-size: 18pt;\"><a href=\"https:\/\/ricardohoms.com\/\"><strong>www.ricardohoms.com<\/strong><\/a><\/span><\/p>\n<p>&nbsp;<\/p>\n<p><span style=\"font-size: 18pt; color: #319eca;\"><em><strong>**Las columnas firmadas en este medio son responsabilidad de quienes las firman**<\/strong><\/em><\/span><\/p>\n<p>&nbsp;<\/p>\n<p>&nbsp;<\/p>\n<p class=\"p1\">\n","protected":false},"excerpt":{"rendered":"<p>&nbsp; Por Ricardo Homs Que el origen de la violencia est\u00e1 en las graves desigualdades sociales, as\u00ed como en la<\/p>\n","protected":false},"author":4,"featured_media":3778,"comment_status":"closed","ping_status":"closed","sticky":false,"template":"","format":"standard","meta":{"colormag_page_container_layout":"default_layout","colormag_page_sidebar_layout":"default_layout","_jetpack_memberships_contains_paid_content":false,"footnotes":"","jetpack_publicize_message":"","jetpack_publicize_feature_enabled":true,"jetpack_social_post_already_shared":false,"jetpack_social_options":{"image_generator_settings":{"template":"highway","default_image_id":0,"font":"","enabled":false},"version":2}},"categories":[26],"tags":[],"class_list":["post-7512","post","type-post","status-publish","format-standard","has-post-thumbnail","hentry","category-columnistas"],"jetpack_publicize_connections":[],"jetpack_featured_media_url":"https:\/\/i0.wp.com\/politicosaldesnudo.com.mx\/wp-content\/uploads\/2022\/04\/RICARDO-HOMS.png?fit=1816%2C1016&ssl=1","jetpack-related-posts":[],"jetpack_sharing_enabled":true,"_links":{"self":[{"href":"https:\/\/politicosaldesnudo.com.mx\/index.php\/wp-json\/wp\/v2\/posts\/7512","targetHints":{"allow":["GET"]}}],"collection":[{"href":"https:\/\/politicosaldesnudo.com.mx\/index.php\/wp-json\/wp\/v2\/posts"}],"about":[{"href":"https:\/\/politicosaldesnudo.com.mx\/index.php\/wp-json\/wp\/v2\/types\/post"}],"author":[{"embeddable":true,"href":"https:\/\/politicosaldesnudo.com.mx\/index.php\/wp-json\/wp\/v2\/users\/4"}],"replies":[{"embeddable":true,"href":"https:\/\/politicosaldesnudo.com.mx\/index.php\/wp-json\/wp\/v2\/comments?post=7512"}],"version-history":[{"count":0,"href":"https:\/\/politicosaldesnudo.com.mx\/index.php\/wp-json\/wp\/v2\/posts\/7512\/revisions"}],"wp:featuredmedia":[{"embeddable":true,"href":"https:\/\/politicosaldesnudo.com.mx\/index.php\/wp-json\/wp\/v2\/media\/3778"}],"wp:attachment":[{"href":"https:\/\/politicosaldesnudo.com.mx\/index.php\/wp-json\/wp\/v2\/media?parent=7512"}],"wp:term":[{"taxonomy":"category","embeddable":true,"href":"https:\/\/politicosaldesnudo.com.mx\/index.php\/wp-json\/wp\/v2\/categories?post=7512"},{"taxonomy":"post_tag","embeddable":true,"href":"https:\/\/politicosaldesnudo.com.mx\/index.php\/wp-json\/wp\/v2\/tags?post=7512"}],"curies":[{"name":"wp","href":"https:\/\/api.w.org\/{rel}","templated":true}]}}