{"id":75129,"date":"2025-11-19T01:08:10","date_gmt":"2025-11-19T07:08:10","guid":{"rendered":"https:\/\/politicosaldesnudo.com.mx\/?p=75129"},"modified":"2025-11-19T01:08:10","modified_gmt":"2025-11-19T07:08:10","slug":"justicia-argentina-ordena-decomiso-de-bienes-a-ex-presidenta-cristina-fernandez","status":"publish","type":"post","link":"https:\/\/politicosaldesnudo.com.mx\/index.php\/2025\/11\/19\/justicia-argentina-ordena-decomiso-de-bienes-a-ex-presidenta-cristina-fernandez\/","title":{"rendered":"Justicia argentina ordena decomiso de bienes a ex presidenta Cristina Fern\u00e1ndez"},"content":{"rendered":"<div id=\"article-content-tts\" class=\"nota-contenido mb-5\">\n<div id=\"content_nitf\">\n<p class=\"nota-justify\">El Tribunal Oral en lo Criminal Federal 2 (TOF2) de Buenos Aires orden\u00f3 este martes el decomiso total de los bienes de la expresidenta argentina, Cristina Fern\u00e1ndez, (2007-2015), por un valor actualizado de 490 millones de d\u00f3lares, en una medida que tambi\u00e9n alcanza a sus hijos, M\u00e1ximo y Florencia, y el empresario L\u00e1zaro B\u00e1ez, todos condenados en la causa Vialidad.<\/p>\n<p class=\"nota-justify\">El pasado 10 de junio qued\u00f3 firme la sentencia que encontr\u00f3 culpable a la ex mandataria por irregularidades y corrupci\u00f3n en la adjudicaci\u00f3n de obras p\u00fablicas viales en la provincia de Santa Cruz (sur) durante su Gobierno y el de su marido, el fallecido N\u00e9stor Kirchner (2003-2007).<\/p>\n<p class=\"nota-justify\">Al ratificar la sentencia del TOF2, la Corte Suprema hab\u00eda fijado en m\u00e1s de 60 millones de d\u00f3lares el monto a incautar, pero luego orden\u00f3 la intervenci\u00f3n de peritos oficiales y fiscales, junto con el Cuerpo de Peritos Contadores del m\u00e1ximo tribunal, y actualiz\u00f3 el monto.<\/p>\n<p class=\"nota-justify\">El decomiso ordenado en la tarde noche del martes incluye bienes inmuebles de Austral Construcciones SA, Kank y Costilla SA, Gotti Hnos. SA, Loscalzo y Del Curto SRL, as\u00ed como propiedades cedidas a M\u00e1ximo y Florencia Kirchner.<\/p>\n<p class=\"nota-justify\">El 10 de junio, la Corte Suprema de Argentina ratific\u00f3 por unanimidad la condena en doble instancia contra Fern\u00e1ndez, que fue condenada a seis a\u00f1os de prisi\u00f3n e inhabilitaci\u00f3n perpetua para ejercer cargos p\u00fablicos por corrupci\u00f3n en obra p\u00fablica.<\/p>\n<\/div>\n<\/div>\n<div class=\"notas-relacionadas\"><\/div>\n<div class=\"nota-tags\"><\/div>\n","protected":false},"excerpt":{"rendered":"<p>El Tribunal Oral en lo Criminal Federal 2 (TOF2) de Buenos Aires orden\u00f3 este martes el decomiso total de los<\/p>\n","protected":false},"author":4,"featured_media":75130,"comment_status":"closed","ping_status":"closed","sticky":false,"template":"","format":"standard","meta":{"colormag_page_container_layout":"default_layout","colormag_page_sidebar_layout":"default_layout","_jetpack_memberships_contains_paid_content":false,"footnotes":"","jetpack_publicize_message":"","jetpack_publicize_feature_enabled":true,"jetpack_social_post_already_shared":true,"jetpack_social_options":{"image_generator_settings":{"template":"highway","default_image_id":0,"font":"","enabled":false},"version":2}},"categories":[28],"tags":[],"class_list":["post-75129","post","type-post","status-publish","format-standard","has-post-thumbnail","hentry","category-internacional"],"jetpack_publicize_connections":[],"jetpack_featured_media_url":"https:\/\/i0.wp.com\/politicosaldesnudo.com.mx\/wp-content\/uploads\/2025\/11\/PERRMO.jpg?fit=724%2C500&ssl=1","jetpack-related-posts":[],"jetpack_sharing_enabled":true,"_links":{"self":[{"href":"https:\/\/politicosaldesnudo.com.mx\/index.php\/wp-json\/wp\/v2\/posts\/75129","targetHints":{"allow":["GET"]}}],"collection":[{"href":"https:\/\/politicosaldesnudo.com.mx\/index.php\/wp-json\/wp\/v2\/posts"}],"about":[{"href":"https:\/\/politicosaldesnudo.com.mx\/index.php\/wp-json\/wp\/v2\/types\/post"}],"author":[{"embeddable":true,"href":"https:\/\/politicosaldesnudo.com.mx\/index.php\/wp-json\/wp\/v2\/users\/4"}],"replies":[{"embeddable":true,"href":"https:\/\/politicosaldesnudo.com.mx\/index.php\/wp-json\/wp\/v2\/comments?post=75129"}],"version-history":[{"count":0,"href":"https:\/\/politicosaldesnudo.com.mx\/index.php\/wp-json\/wp\/v2\/posts\/75129\/revisions"}],"wp:featuredmedia":[{"embeddable":true,"href":"https:\/\/politicosaldesnudo.com.mx\/index.php\/wp-json\/wp\/v2\/media\/75130"}],"wp:attachment":[{"href":"https:\/\/politicosaldesnudo.com.mx\/index.php\/wp-json\/wp\/v2\/media?parent=75129"}],"wp:term":[{"taxonomy":"category","embeddable":true,"href":"https:\/\/politicosaldesnudo.com.mx\/index.php\/wp-json\/wp\/v2\/categories?post=75129"},{"taxonomy":"post_tag","embeddable":true,"href":"https:\/\/politicosaldesnudo.com.mx\/index.php\/wp-json\/wp\/v2\/tags?post=75129"}],"curies":[{"name":"wp","href":"https:\/\/api.w.org\/{rel}","templated":true}]}}