{"id":75132,"date":"2025-11-19T01:10:06","date_gmt":"2025-11-19T07:10:06","guid":{"rendered":"https:\/\/politicosaldesnudo.com.mx\/?p=75132"},"modified":"2025-11-19T01:10:06","modified_gmt":"2025-11-19T07:10:06","slug":"desplome-de-la-izquierda-chilena-abre-debate-sobre-su-futuro-politico","status":"publish","type":"post","link":"https:\/\/politicosaldesnudo.com.mx\/index.php\/2025\/11\/19\/desplome-de-la-izquierda-chilena-abre-debate-sobre-su-futuro-politico\/","title":{"rendered":"Desplome de la izquierda chilena abre debate sobre su futuro pol\u00edtico"},"content":{"rendered":"<p class=\"nota-justify\">Los m\u00ednimos d\u00edas transcurridos desde las elecciones del pasado domingo en Chile, y con la segunda vuelta presidencial del 14 de diciembre a la vuelta de la esquina, no han impedido un incipiente debate en torno a la suerte de la izquierda y las causales de porqu\u00e9 obtuvo lo que se describe como el peor rendimiento electoral en d\u00e9cadas.<\/p>\n<p class=\"nota-justify\">Los 26.85 puntos de Jeannette Jara ser\u00edan el menor porcentaje de sufragios de una coalici\u00f3n que va desde la democracia cristiana por el centro hasta el Partido Comunista.<\/p>\n<p class=\"nota-justify\">Se comienza a hablar del fin de un ciclo pol\u00edtico donde la izquierda institucional queda reducida a una m\u00ednima expresi\u00f3n.<\/p>\n<p class=\"nota-justify\">En la publicaci\u00f3n digital El Porte\u00f1o (<u>www.elporte\u00f1o.cl<\/u>), que se auto describe como una \u201crevista de izquierda\u201d, su director, Gustavo Vargas, public\u00f3 que \u201cla primera vuelta ha dejado un escenario que expresa crudamente la magnitud del desplome: la extrema derecha \u2014representativa, en conjunto, de casi 70 por ciento del electorado\u2014 se inscribe sin matices como la fuerza institucional dominante, mientras el oficialismo apenas logra una votaci\u00f3n que lo relega a la condici\u00f3n de fuerza subsidiaria\u201d.<\/p>\n<p class=\"nota-justify\">Agrega que en el Parlamento, \u201cel oficialismo sufre un desfonde hist\u00f3rico que liquida toda posibilidad de ejercer alg\u00fan contrapeso y que, en t\u00e9rminos pol\u00edticos, lo convierte en un espectador irrelevante del proceso abierto\u201d.<\/p>\n<p class=\"nota-justify\">En la C\u00e1mara de Diputados, de 155 miembros, la extrema derecha y la derecha hist\u00f3rica totalizan 76; la centroizquierda 64 y el Partido de la Gente (PDG), una fuerza populista \u201cantisistema\u201d que compiti\u00f3 por segunda vez, se qued\u00f3 con 14; lo cual la convierte en una \u201cbisagra de oro\u201d para dirimir.<\/p>\n<p class=\"nota-justify\">Se plantea que lo sucedido ser\u00eda una \u201cpasada de cuenta\u201d a la presidencia de Gabriel Boric, dice el polit\u00f3logo Cristi\u00e1n Fuentes.<\/p>\n<p class=\"nota-justify\">\u201cEl gobierno fracas\u00f3 en muchas de las cosas que se propuso, hubo una mala administraci\u00f3n, no termina bien. Ahora, para ser precisos, desde 2010, o sea, la primera presidencia de Michelle Bachelet, nunca se ha repetido un gobierno de id\u00e9ntico signo, ning\u00fan presidente le ha dado la banda a alguien de su propio bando y parece que va a pasar lo mismo\u201d, se\u00f1ala.<\/p>\n<p class=\"nota-justify\">En cuanto al futuro de la izquierda, plantea que \u201ctiene que establecer qui\u00e9nes son sus representados, porque no sabe, los perdi\u00f3 de vista. Antes hab\u00eda un discurso y un proyecto de clase, eso no est\u00e1 claro ahora\u201d.<\/p>\n<p class=\"nota-justify\">El soci\u00f3logo Axel Call\u00eds dice que \u201cen Chile lo que ha sucedido es un poco lo que ha pasado en Francia: los sectores vulnerables, obreros y de mayor fragilidad econ\u00f3mica, han abandonado a la izquierda, a este gobierno. Los sectores que sostienen a Boric es la clase media y media alta, no son los pobres. Y ese es un gran problema porque si el sujeto pol\u00edtico de la izquierda y la centroizquierda es la clase media y la clase media alta, hay un serio problema de coherencia pol\u00edtica\u201d.<\/p>\n<p class=\"nota-justify\">Agrega que \u201cante todas las indefiniciones de la izquierda, la derecha aparece con definiciones bastante claras que le hacen mucho sentido a una parte importante de la ciudadan\u00eda\u201d y que la falta de proyecto \u201ces el gran problema que tienen la izquierda y la centroizquierda en Chile\u201d.<\/p>\n<p class=\"nota-justify\">Las izquierdas, a\u00f1ade, \u201cvan a tener que aprender a trabajar en unidad porque tienen un adversario que es mucho m\u00e1s potente y en sinton\u00eda con la ciudadan\u00eda, mucho m\u00e1s sensible a los cambios que est\u00e1n sucediendo en Chile y en el mundo\u201d.<\/p>\n","protected":false},"excerpt":{"rendered":"<p>Los m\u00ednimos d\u00edas transcurridos desde las elecciones del pasado domingo en Chile, y con la segunda vuelta presidencial del 14<\/p>\n","protected":false},"author":4,"featured_media":75133,"comment_status":"closed","ping_status":"closed","sticky":false,"template":"","format":"standard","meta":{"colormag_page_container_layout":"default_layout","colormag_page_sidebar_layout":"default_layout","_jetpack_memberships_contains_paid_content":false,"footnotes":"","jetpack_publicize_message":"","jetpack_publicize_feature_enabled":true,"jetpack_social_post_already_shared":true,"jetpack_social_options":{"image_generator_settings":{"template":"highway","default_image_id":0,"font":"","enabled":false},"version":2}},"categories":[28],"tags":[],"class_list":["post-75132","post","type-post","status-publish","format-standard","has-post-thumbnail","hentry","category-internacional"],"jetpack_publicize_connections":[],"jetpack_featured_media_url":"https:\/\/i0.wp.com\/politicosaldesnudo.com.mx\/wp-content\/uploads\/2025\/11\/CHIL.jpg?fit=746%2C465&ssl=1","jetpack-related-posts":[],"jetpack_sharing_enabled":true,"_links":{"self":[{"href":"https:\/\/politicosaldesnudo.com.mx\/index.php\/wp-json\/wp\/v2\/posts\/75132","targetHints":{"allow":["GET"]}}],"collection":[{"href":"https:\/\/politicosaldesnudo.com.mx\/index.php\/wp-json\/wp\/v2\/posts"}],"about":[{"href":"https:\/\/politicosaldesnudo.com.mx\/index.php\/wp-json\/wp\/v2\/types\/post"}],"author":[{"embeddable":true,"href":"https:\/\/politicosaldesnudo.com.mx\/index.php\/wp-json\/wp\/v2\/users\/4"}],"replies":[{"embeddable":true,"href":"https:\/\/politicosaldesnudo.com.mx\/index.php\/wp-json\/wp\/v2\/comments?post=75132"}],"version-history":[{"count":0,"href":"https:\/\/politicosaldesnudo.com.mx\/index.php\/wp-json\/wp\/v2\/posts\/75132\/revisions"}],"wp:featuredmedia":[{"embeddable":true,"href":"https:\/\/politicosaldesnudo.com.mx\/index.php\/wp-json\/wp\/v2\/media\/75133"}],"wp:attachment":[{"href":"https:\/\/politicosaldesnudo.com.mx\/index.php\/wp-json\/wp\/v2\/media?parent=75132"}],"wp:term":[{"taxonomy":"category","embeddable":true,"href":"https:\/\/politicosaldesnudo.com.mx\/index.php\/wp-json\/wp\/v2\/categories?post=75132"},{"taxonomy":"post_tag","embeddable":true,"href":"https:\/\/politicosaldesnudo.com.mx\/index.php\/wp-json\/wp\/v2\/tags?post=75132"}],"curies":[{"name":"wp","href":"https:\/\/api.w.org\/{rel}","templated":true}]}}