{"id":75155,"date":"2025-11-20T00:04:00","date_gmt":"2025-11-20T06:04:00","guid":{"rendered":"https:\/\/politicosaldesnudo.com.mx\/?p=75155"},"modified":"2025-11-19T21:29:46","modified_gmt":"2025-11-20T03:29:46","slug":"promueven-salud-bucal","status":"publish","type":"post","link":"https:\/\/politicosaldesnudo.com.mx\/index.php\/2025\/11\/20\/promueven-salud-bucal\/","title":{"rendered":"Promueven salud bucal"},"content":{"rendered":"<p>El Hospital Militar Regional llev\u00f3 a cabo una jornada de prevenci\u00f3n y promoci\u00f3n de la salud bucal en la Escuela Primaria \u201cMiguel Hidalgo y Costilla\u201d, con el objetivo de acercar informaci\u00f3n \u00fatil a ni\u00f1as, ni\u00f1os y maestras sobre la importancia de una higiene oral adecuada.<\/p>\n<p>Personal del \u00e1rea de Sanidad visit\u00f3 el plantel para impartir una conferencia educativa enfocada en el cuidado de los dientes y la prevenci\u00f3n de enfermedades bucales desde la infancia. La pl\u00e1tica fue dirigida por un especialista en Odontolog\u00eda del propio hospital, quien explic\u00f3 de forma sencilla y din\u00e1mica c\u00f3mo mantener una boca sana.<\/p>\n<p>Durante la sesi\u00f3n se abordaron temas como t\u00e9cnicas correctas de cepillado, la influencia de la alimentaci\u00f3n en la salud dental, y la importancia de las visitas peri\u00f3dicas con el dentista y el uso del fl\u00faor para evitar caries.<\/p>\n<p>La actividad gener\u00f3 gran inter\u00e9s entre los alumnos, quienes participaron activamente con preguntas y ejercicios pr\u00e1cticos, consolidando el mensaje de que la prevenci\u00f3n es fundamental para evitar afectaciones mayores\u00a0en\u00a0el\u00a0futuro.<\/p>\n","protected":false},"excerpt":{"rendered":"<p>El Hospital Militar Regional llev\u00f3 a cabo una jornada de prevenci\u00f3n y promoci\u00f3n de la salud bucal en la Escuela<\/p>\n","protected":false},"author":4,"featured_media":75156,"comment_status":"closed","ping_status":"closed","sticky":false,"template":"","format":"standard","meta":{"colormag_page_container_layout":"default_layout","colormag_page_sidebar_layout":"default_layout","_jetpack_memberships_contains_paid_content":false,"footnotes":"","jetpack_publicize_message":"","jetpack_publicize_feature_enabled":true,"jetpack_social_post_already_shared":true,"jetpack_social_options":{"image_generator_settings":{"template":"highway","default_image_id":0,"font":"","enabled":false},"version":2}},"categories":[1082],"tags":[],"class_list":["post-75155","post","type-post","status-publish","format-standard","has-post-thumbnail","hentry","category-tuxpan"],"jetpack_publicize_connections":[],"jetpack_featured_media_url":"https:\/\/i0.wp.com\/politicosaldesnudo.com.mx\/wp-content\/uploads\/2025\/11\/sabu.jpg?fit=1200%2C900&ssl=1","jetpack-related-posts":[],"jetpack_sharing_enabled":true,"_links":{"self":[{"href":"https:\/\/politicosaldesnudo.com.mx\/index.php\/wp-json\/wp\/v2\/posts\/75155","targetHints":{"allow":["GET"]}}],"collection":[{"href":"https:\/\/politicosaldesnudo.com.mx\/index.php\/wp-json\/wp\/v2\/posts"}],"about":[{"href":"https:\/\/politicosaldesnudo.com.mx\/index.php\/wp-json\/wp\/v2\/types\/post"}],"author":[{"embeddable":true,"href":"https:\/\/politicosaldesnudo.com.mx\/index.php\/wp-json\/wp\/v2\/users\/4"}],"replies":[{"embeddable":true,"href":"https:\/\/politicosaldesnudo.com.mx\/index.php\/wp-json\/wp\/v2\/comments?post=75155"}],"version-history":[{"count":0,"href":"https:\/\/politicosaldesnudo.com.mx\/index.php\/wp-json\/wp\/v2\/posts\/75155\/revisions"}],"wp:featuredmedia":[{"embeddable":true,"href":"https:\/\/politicosaldesnudo.com.mx\/index.php\/wp-json\/wp\/v2\/media\/75156"}],"wp:attachment":[{"href":"https:\/\/politicosaldesnudo.com.mx\/index.php\/wp-json\/wp\/v2\/media?parent=75155"}],"wp:term":[{"taxonomy":"category","embeddable":true,"href":"https:\/\/politicosaldesnudo.com.mx\/index.php\/wp-json\/wp\/v2\/categories?post=75155"},{"taxonomy":"post_tag","embeddable":true,"href":"https:\/\/politicosaldesnudo.com.mx\/index.php\/wp-json\/wp\/v2\/tags?post=75155"}],"curies":[{"name":"wp","href":"https:\/\/api.w.org\/{rel}","templated":true}]}}