{"id":75170,"date":"2025-11-20T00:09:22","date_gmt":"2025-11-20T06:09:22","guid":{"rendered":"https:\/\/politicosaldesnudo.com.mx\/?p=75170"},"modified":"2025-11-19T21:55:36","modified_gmt":"2025-11-20T03:55:36","slug":"promete-ebrard-reanudar-exploracion-minera-a-mayor-escala-en-2026","status":"publish","type":"post","link":"https:\/\/politicosaldesnudo.com.mx\/index.php\/2025\/11\/20\/promete-ebrard-reanudar-exploracion-minera-a-mayor-escala-en-2026\/","title":{"rendered":"Promete Ebrard reanudar exploraci\u00f3n minera a mayor escala en 2026"},"content":{"rendered":"<p class=\"nota-justify\" dir=\"ltr\">El secretario de Econom\u00eda, Marcelo Ebrard Casaub\u00f3n, anunci\u00f3 que en 2026 se reanudar\u00e1 la exploraci\u00f3n minera a mayor escala en M\u00e9xico, se acelerar\u00e1n los permisos pendientes y se acortar\u00e1n tiempos para facilitar la inversi\u00f3n, con el fin de garantizar la seguridad de la cadena de suministro del pa\u00eds ante la creciente tensi\u00f3n geopol\u00edtica global.<\/p>\n<p class=\"nota-justify\" dir=\"ltr\">\u201cEl acceso a los minerales y a su procesamiento va a determinar en buena medida no s\u00f3lo nuestra competitividad, sino la seguridad de nuestra cadena de suministro\u201d, subray\u00f3 el titular de Econom\u00eda en la inauguraci\u00f3n de la XXXVI Convenci\u00f3n Internacional de Miner\u00eda, al enfatizar que los proyectos mineros tienen largos tiempos de maduraci\u00f3n.<\/p>\n<p class=\"nota-justify\" dir=\"ltr\">Celebr\u00f3 que, tras un prolongado estancamiento, se han logrado los primeros tres permisos ambientales a la industria minera: \u201cpor fin, Pedro (Rivero), ya logramos creo que los primeros tres\u201d permisos pendientes\u201d.<\/p>\n<p class=\"nota-justify\" dir=\"ltr\">Ebrard destac\u00f3 la cercan\u00eda de trabajo con la C\u00e1mara Minera y los ingenieros mineros durante todo el a\u00f1o en temas de agua, regulaciones y permisos, as\u00ed como la solidaridad del sector con Acapulco tras el hurac\u00e1n Otis y en distintas regiones del pa\u00eds.<\/p>\n<p class=\"nota-justify\" dir=\"ltr\">Resalt\u00f3 que gobierno y miner\u00eda comparten compromisos en sustentabilidad y responsabilidad laboral y ambiental, y que el Plan M\u00e9xico requiere de una industria minera fuerte para fortalecer la competitividad nacional.<\/p>\n<p class=\"nota-justify\" dir=\"ltr\">\u201cVengo a entregarles ese reconocimiento por mi conducto, de su presidenta, Claudia Sheinbaum. Gracias por lo que hacen. Y segundo, a compartirles una invitaci\u00f3n para que el a\u00f1o 2026, 2027, 2028, 2029 y 2030, juntos le demos a M\u00e9xico lo que necesita en miner\u00eda, ingenier\u00eda y procesamiento, lo que necesita para garantizar la seguridad de su cadena de suministro y el bienestar de nuestra naci\u00f3n\u201d, concluy\u00f3.<\/p>\n","protected":false},"excerpt":{"rendered":"<p>El secretario de Econom\u00eda, Marcelo Ebrard Casaub\u00f3n, anunci\u00f3 que en 2026 se reanudar\u00e1 la exploraci\u00f3n minera a mayor escala en<\/p>\n","protected":false},"author":4,"featured_media":75171,"comment_status":"closed","ping_status":"closed","sticky":false,"template":"","format":"standard","meta":{"colormag_page_container_layout":"default_layout","colormag_page_sidebar_layout":"default_layout","_jetpack_memberships_contains_paid_content":false,"footnotes":"","jetpack_publicize_message":"","jetpack_publicize_feature_enabled":true,"jetpack_social_post_already_shared":true,"jetpack_social_options":{"image_generator_settings":{"template":"highway","default_image_id":0,"font":"","enabled":false},"version":2}},"categories":[2050],"tags":[],"class_list":["post-75170","post","type-post","status-publish","format-standard","has-post-thumbnail","hentry","category-economia"],"jetpack_publicize_connections":[],"jetpack_featured_media_url":"https:\/\/i0.wp.com\/politicosaldesnudo.com.mx\/wp-content\/uploads\/2025\/11\/MARCE.jpg?fit=781%2C518&ssl=1","jetpack-related-posts":[],"jetpack_sharing_enabled":true,"_links":{"self":[{"href":"https:\/\/politicosaldesnudo.com.mx\/index.php\/wp-json\/wp\/v2\/posts\/75170","targetHints":{"allow":["GET"]}}],"collection":[{"href":"https:\/\/politicosaldesnudo.com.mx\/index.php\/wp-json\/wp\/v2\/posts"}],"about":[{"href":"https:\/\/politicosaldesnudo.com.mx\/index.php\/wp-json\/wp\/v2\/types\/post"}],"author":[{"embeddable":true,"href":"https:\/\/politicosaldesnudo.com.mx\/index.php\/wp-json\/wp\/v2\/users\/4"}],"replies":[{"embeddable":true,"href":"https:\/\/politicosaldesnudo.com.mx\/index.php\/wp-json\/wp\/v2\/comments?post=75170"}],"version-history":[{"count":0,"href":"https:\/\/politicosaldesnudo.com.mx\/index.php\/wp-json\/wp\/v2\/posts\/75170\/revisions"}],"wp:featuredmedia":[{"embeddable":true,"href":"https:\/\/politicosaldesnudo.com.mx\/index.php\/wp-json\/wp\/v2\/media\/75171"}],"wp:attachment":[{"href":"https:\/\/politicosaldesnudo.com.mx\/index.php\/wp-json\/wp\/v2\/media?parent=75170"}],"wp:term":[{"taxonomy":"category","embeddable":true,"href":"https:\/\/politicosaldesnudo.com.mx\/index.php\/wp-json\/wp\/v2\/categories?post=75170"},{"taxonomy":"post_tag","embeddable":true,"href":"https:\/\/politicosaldesnudo.com.mx\/index.php\/wp-json\/wp\/v2\/tags?post=75170"}],"curies":[{"name":"wp","href":"https:\/\/api.w.org\/{rel}","templated":true}]}}