{"id":75173,"date":"2025-11-20T00:10:12","date_gmt":"2025-11-20T06:10:12","guid":{"rendered":"https:\/\/politicosaldesnudo.com.mx\/?p=75173"},"modified":"2025-11-19T21:58:11","modified_gmt":"2025-11-20T03:58:11","slug":"observa-moodys-perspectiva-estable-para-empresas-no-financieras-de-al","status":"publish","type":"post","link":"https:\/\/politicosaldesnudo.com.mx\/index.php\/2025\/11\/20\/observa-moodys-perspectiva-estable-para-empresas-no-financieras-de-al\/","title":{"rendered":"Observa Moody\u2019s perspectiva estable para empresas no financieras de AL"},"content":{"rendered":"<p class=\"nota-justify\" dir=\"ltr\">La perspectiva de las empresas no financieras en Am\u00e9rica Latina y el Caribe es estable para el 2026, pese a un entorno de crecimiento econ\u00f3mico moderado, sostuvo hoy la calificadora Moody\u2019s en un an\u00e1lisis.<\/p>\n<p class=\"nota-justify\" dir=\"ltr\">Dijo que cuatro temas globales determinar\u00e1n las condiciones crediticias de la regi\u00f3n. Primero, la polarizaci\u00f3n pol\u00edtica y pr\u00f3ximas elecciones en Chile, Per\u00fa, Colombia y Brasil, que podr\u00edan impulsar cambios regulatorios y fiscales.<\/p>\n<p class=\"nota-justify\" dir=\"ltr\">\u201cM\u00e9xico no entrar\u00e1 en un ciclo electoral en 2026, pero la confianza empresarial y las decisiones de inversi\u00f3n siguen estancadas mientras los inversores esperan la revisi\u00f3n del T-MEC, que comenzar\u00e1 en julio de 2026. Los inversores siguen dudando sobre los cambios en los organismos judiciales y reguladores de M\u00e9xico, lo que representa un obst\u00e1culo para los esfuerzos corporativos por buscar inversiones extranjeras\u201d, coment\u00f3 la firma.<\/p>\n<p class=\"nota-justify\" dir=\"ltr\">En segundo lugar, los cambios en el panorama financiero a medida que los bancos centrales enfrentan un margen limitado para flexibilizar la pol\u00edtica monetaria frente a las presiones inflacionarias\u201d, asegur\u00f3.<\/p>\n<p class=\"nota-justify\" dir=\"ltr\">Como tercera condici\u00f3n, se encuentra la disrupci\u00f3n digital, que est\u00e1 redefiniendo el comportamiento del consumidor y fomentando la inversi\u00f3n en infraestructura de datos, con nuevas oportunidades generadas por la inteligencia artificial.<\/p>\n<p class=\"nota-justify\" dir=\"ltr\">Moody\u2019s dijo que con la r\u00e1pida evoluci\u00f3n de la tecnolog\u00eda digital, la mayor competencia entre las empresas latinoamericanas que dependen del comercio electr\u00f3nico fomentar\u00e1 una adaptaci\u00f3n m\u00e1s r\u00e1pida de los servicios basados principalmente en la nube en 2026 y los servicios impulsados por Inteligencia Artificial (IA).<\/p>\n<p class=\"nota-justify\" dir=\"ltr\">\u201cM\u00e9xico, el segundo mercado m\u00e1s grande, se beneficia de su proximidad a EE. UU., zonas econ\u00f3micas especiales y el aumento en inversiones a hiperescala en el estado central de Quer\u00e9taro\u201d, mencion\u00f3.<\/p>\n<p class=\"nota-justify\" dir=\"ltr\">En el an\u00e1lisis realizado por Barbara Mattos, Adrian Garza, Marcos Schmidt y Marianna Waltz, se menciona que la disrupci\u00f3n digital representa un riesgo menor para los sectores minorista y de centros comerciales en Am\u00e9rica Latina que en los mercados m\u00e1s desarrollados, y los cuellos de botella en infraestructura dificultan la adopci\u00f3n m\u00e1s amplia del comercio minorista digital.<\/p>\n<p class=\"nota-justify\" dir=\"ltr\">En tanto, los desastres naturales costosos son el cuarto factor, que presenta riesgos para las operaciones, la log\u00edstica y la planificaci\u00f3n financiera de las empresas no financieras.<\/p>\n<p class=\"nota-justify\" dir=\"ltr\">Moody\u2019s dijo que la perspectiva estable podr\u00eda cambiar a negativa a causa del aumento de la inflaci\u00f3n, una pol\u00edtica monetaria m\u00e1s restrictiva o un acceso limitado al financiamiento de largo plazo.<\/p>\n<p class=\"nota-justify\" dir=\"ltr\">Por el contrario, una perspectiva positiva implicar\u00eda una disminuci\u00f3n de la inflaci\u00f3n, tasas de inter\u00e9s m\u00e1s bajas, un crecimiento m\u00e1s s\u00f3lido y una mejora en la capacidad de generaci\u00f3n de ingresos.<\/p>\n","protected":false},"excerpt":{"rendered":"<p>La perspectiva de las empresas no financieras en Am\u00e9rica Latina y el Caribe es estable para el 2026, pese a<\/p>\n","protected":false},"author":4,"featured_media":75174,"comment_status":"closed","ping_status":"closed","sticky":false,"template":"","format":"standard","meta":{"colormag_page_container_layout":"default_layout","colormag_page_sidebar_layout":"default_layout","_jetpack_memberships_contains_paid_content":false,"footnotes":"","jetpack_publicize_message":"","jetpack_publicize_feature_enabled":true,"jetpack_social_post_already_shared":true,"jetpack_social_options":{"image_generator_settings":{"template":"highway","default_image_id":0,"font":"","enabled":false},"version":2}},"categories":[2050],"tags":[],"class_list":["post-75173","post","type-post","status-publish","format-standard","has-post-thumbnail","hentry","category-economia"],"jetpack_publicize_connections":[],"jetpack_featured_media_url":"https:\/\/i0.wp.com\/politicosaldesnudo.com.mx\/wp-content\/uploads\/2025\/11\/BMOO.jpg?fit=755%2C395&ssl=1","jetpack-related-posts":[],"jetpack_sharing_enabled":true,"_links":{"self":[{"href":"https:\/\/politicosaldesnudo.com.mx\/index.php\/wp-json\/wp\/v2\/posts\/75173","targetHints":{"allow":["GET"]}}],"collection":[{"href":"https:\/\/politicosaldesnudo.com.mx\/index.php\/wp-json\/wp\/v2\/posts"}],"about":[{"href":"https:\/\/politicosaldesnudo.com.mx\/index.php\/wp-json\/wp\/v2\/types\/post"}],"author":[{"embeddable":true,"href":"https:\/\/politicosaldesnudo.com.mx\/index.php\/wp-json\/wp\/v2\/users\/4"}],"replies":[{"embeddable":true,"href":"https:\/\/politicosaldesnudo.com.mx\/index.php\/wp-json\/wp\/v2\/comments?post=75173"}],"version-history":[{"count":0,"href":"https:\/\/politicosaldesnudo.com.mx\/index.php\/wp-json\/wp\/v2\/posts\/75173\/revisions"}],"wp:featuredmedia":[{"embeddable":true,"href":"https:\/\/politicosaldesnudo.com.mx\/index.php\/wp-json\/wp\/v2\/media\/75174"}],"wp:attachment":[{"href":"https:\/\/politicosaldesnudo.com.mx\/index.php\/wp-json\/wp\/v2\/media?parent=75173"}],"wp:term":[{"taxonomy":"category","embeddable":true,"href":"https:\/\/politicosaldesnudo.com.mx\/index.php\/wp-json\/wp\/v2\/categories?post=75173"},{"taxonomy":"post_tag","embeddable":true,"href":"https:\/\/politicosaldesnudo.com.mx\/index.php\/wp-json\/wp\/v2\/tags?post=75173"}],"curies":[{"name":"wp","href":"https:\/\/api.w.org\/{rel}","templated":true}]}}