{"id":7519,"date":"2022-07-09T08:02:38","date_gmt":"2022-07-09T13:02:38","guid":{"rendered":"https:\/\/politicosaldesnudo.com.mx\/?p=7519"},"modified":"2022-07-09T08:05:03","modified_gmt":"2022-07-09T13:05:03","slug":"espectacular-inicio-de-la-feria-de-santiago-de-la-pena-2022","status":"publish","type":"post","link":"https:\/\/politicosaldesnudo.com.mx\/index.php\/2022\/07\/09\/espectacular-inicio-de-la-feria-de-santiago-de-la-pena-2022\/","title":{"rendered":"Espectacular inicio de la \u201cFeria de Santiago de la Pe\u00f1a 2022\u201d"},"content":{"rendered":"<p>&nbsp;<\/p>\n<p class=\"p1\"><span style=\"font-size: 18pt;\"><strong><span style=\"color: #319eca;\">&lt;&lt;<\/span> El alcalde Jos\u00e9 Manuel Pozos coron\u00f3 a la reina Estefan\u00eda 1\u00aa<span style=\"color: #319eca;\"> &gt;&gt;<\/span><\/strong><\/span><\/p>\n<p>&nbsp;<\/p>\n<p class=\"p1\"><span style=\"font-size: 14pt;\"><em><strong>TUXPAN, Ver.<\/strong> <\/em>El<span class=\"Apple-converted-space\">\u00a0 <\/span><strong>Alcalde Jos\u00e9 Manuel Pozos Castro inaugur\u00f3 la Feria de Santiago de la Pe\u00f1a 2022 y coron\u00f3 a la reina Estefan\u00eda 1\u00aa<\/strong>, marcando el inicio de esta fiesta popular llena de tradici\u00f3n y mucha alegr\u00eda.<\/span><\/p>\n<p class=\"p1\"><span style=\"font-size: 14pt;\">En este evento, el alcalde estuvo acompa\u00f1ado de las regidoras Anah\u00ed Aguilar L\u00f3pez y Lucero Res\u00e9ndis Ambrocio. Tambi\u00e9n del regidor Axel Bernal Herrera, as\u00ed como del Agente Municipal, MVZ. Juan Rojas Garc\u00eda y directores del ayuntamiento.<\/span><\/p>\n<p>&nbsp;<\/p>\n<p><img data-recalc-dims=\"1\" loading=\"lazy\" decoding=\"async\" class=\"aligncenter wp-image-7523 size-large\" src=\"https:\/\/i0.wp.com\/politicosaldesnudo.com.mx\/wp-content\/uploads\/2022\/07\/P-TUXPAN-FERIASANTIAGO4-1024x573.png?resize=800%2C448&#038;ssl=1\" alt=\"\" width=\"800\" height=\"448\" srcset=\"https:\/\/i0.wp.com\/politicosaldesnudo.com.mx\/wp-content\/uploads\/2022\/07\/P-TUXPAN-FERIASANTIAGO4.png?resize=1024%2C573&amp;ssl=1 1024w, https:\/\/i0.wp.com\/politicosaldesnudo.com.mx\/wp-content\/uploads\/2022\/07\/P-TUXPAN-FERIASANTIAGO4.png?resize=300%2C168&amp;ssl=1 300w, https:\/\/i0.wp.com\/politicosaldesnudo.com.mx\/wp-content\/uploads\/2022\/07\/P-TUXPAN-FERIASANTIAGO4.png?resize=768%2C430&amp;ssl=1 768w, https:\/\/i0.wp.com\/politicosaldesnudo.com.mx\/wp-content\/uploads\/2022\/07\/P-TUXPAN-FERIASANTIAGO4.png?resize=1536%2C859&amp;ssl=1 1536w, https:\/\/i0.wp.com\/politicosaldesnudo.com.mx\/wp-content\/uploads\/2022\/07\/P-TUXPAN-FERIASANTIAGO4.png?w=1816&amp;ssl=1 1816w, https:\/\/i0.wp.com\/politicosaldesnudo.com.mx\/wp-content\/uploads\/2022\/07\/P-TUXPAN-FERIASANTIAGO4.png?w=1600&amp;ssl=1 1600w\" sizes=\"auto, (max-width: 800px) 100vw, 800px\" \/><\/p>\n<p>&nbsp;<\/p>\n<p class=\"p1\"><span style=\"font-size: 18pt;\"><strong>Esta gran celebraci\u00f3n, denominada \u201cEl reencuentro con la Fiesta\u201d, es una realidad gracias a la suma de esfuerzos entre el Gobierno de Tuxpan y la Agencia Municipal.<\/strong><\/span><\/p>\n<p>&nbsp;<\/p>\n<p><img data-recalc-dims=\"1\" loading=\"lazy\" decoding=\"async\" class=\"aligncenter wp-image-7522 size-large\" src=\"https:\/\/i0.wp.com\/politicosaldesnudo.com.mx\/wp-content\/uploads\/2022\/07\/P-TUXPAN-FERIASANTIAGO3-1024x573.png?resize=800%2C448&#038;ssl=1\" alt=\"\" width=\"800\" height=\"448\" srcset=\"https:\/\/i0.wp.com\/politicosaldesnudo.com.mx\/wp-content\/uploads\/2022\/07\/P-TUXPAN-FERIASANTIAGO3.png?resize=1024%2C573&amp;ssl=1 1024w, https:\/\/i0.wp.com\/politicosaldesnudo.com.mx\/wp-content\/uploads\/2022\/07\/P-TUXPAN-FERIASANTIAGO3.png?resize=300%2C168&amp;ssl=1 300w, https:\/\/i0.wp.com\/politicosaldesnudo.com.mx\/wp-content\/uploads\/2022\/07\/P-TUXPAN-FERIASANTIAGO3.png?resize=768%2C430&amp;ssl=1 768w, https:\/\/i0.wp.com\/politicosaldesnudo.com.mx\/wp-content\/uploads\/2022\/07\/P-TUXPAN-FERIASANTIAGO3.png?resize=1536%2C859&amp;ssl=1 1536w, https:\/\/i0.wp.com\/politicosaldesnudo.com.mx\/wp-content\/uploads\/2022\/07\/P-TUXPAN-FERIASANTIAGO3.png?w=1816&amp;ssl=1 1816w, https:\/\/i0.wp.com\/politicosaldesnudo.com.mx\/wp-content\/uploads\/2022\/07\/P-TUXPAN-FERIASANTIAGO3.png?w=1600&amp;ssl=1 1600w\" sizes=\"auto, (max-width: 800px) 100vw, 800px\" \/><\/p>\n<p>&nbsp;<\/p>\n<p><span style=\"font-size: 18pt;\"><strong>El alcalde Jos\u00e9 Manuel Pozos Castro anunci\u00f3 que, todos los ingresos por impuestos municipales que se recauden, se quedar\u00e1n en el patronato.<\/strong><\/span><\/p>\n<blockquote>\n<p class=\"p1\"><span style=\"font-size: 14pt;\">Hoy puedo ver a muchas familias que ya disfrutan de este evento, y eso es lo que nos debe llenar de orgullo, porque, ante todo, se busca fomentar la convivencia y la unidad familiar\u201d, se\u00f1al\u00f3<\/span><\/p>\n<\/blockquote>\n<p class=\"p1\"><span style=\"font-size: 14pt;\">Asimismo reconoci\u00f3 el trabajo realizado por la Agencia Municipal y el Comit\u00e9 Organizador de esta feria, quienes realizaron un gran esfuerzo para planificar esta festividad en tan poco tiempo.<\/span><\/p>\n<blockquote>\n<p class=\"p1\"><span style=\"font-size: 14pt;\">La gran Fiesta de Santiago de la Pe\u00f1a est\u00e1 de regreso con toda su alegr\u00eda y diversi\u00f3n, y estoy seguro de que ser\u00e1 todo un \u00e9xito\u201d, expres\u00f3 el alcalde<\/span><\/p>\n<\/blockquote>\n<p class=\"p1\"><span style=\"font-size: 18pt;\"><strong>Por su parte, el Agente Municipal, MVZ. Juan Rojas Garc\u00eda, agradeci\u00f3 al Gobierno de Tuxpan por el respaldo y las facilidades otorgadas para la realizaci\u00f3n de esta festividad que hab\u00eda sido suspendida por dos a\u00f1os debido a la pandemia.<span class=\"Apple-converted-space\">\u00a0<\/span><\/strong><\/span><\/p>\n<p class=\"p1\"><span style=\"font-size: 14pt;\">El evento estuvo amenizado por n\u00fameros musicales presentados por la Academia de Danza The King\u2019s, y el cantante Chabelo Meza y su hija Reyna Elena.<\/span><\/p>\n<p class=\"p1\"><span style=\"font-size: 14pt;\">Santiago de la Pe\u00f1a recibir\u00e1 a miles de visitantes, quienes podr\u00e1n disfrutar de un sinf\u00edn de actividades recreativas, culturales, art\u00edsticas,<span class=\"Apple-converted-space\">\u00a0 <\/span>gastron\u00f3micas, as\u00ed como de los juegos mec\u00e1nicos que se instalaron alrededor del parque central.<\/span><\/p>\n<p>&nbsp;<\/p>\n<p><img data-recalc-dims=\"1\" loading=\"lazy\" decoding=\"async\" class=\"aligncenter wp-image-7520 size-large\" src=\"https:\/\/i0.wp.com\/politicosaldesnudo.com.mx\/wp-content\/uploads\/2022\/07\/P-TUXPAN-FERIASANTIAGO1-1024x573.png?resize=800%2C448&#038;ssl=1\" alt=\"\" width=\"800\" height=\"448\" srcset=\"https:\/\/i0.wp.com\/politicosaldesnudo.com.mx\/wp-content\/uploads\/2022\/07\/P-TUXPAN-FERIASANTIAGO1.png?resize=1024%2C573&amp;ssl=1 1024w, https:\/\/i0.wp.com\/politicosaldesnudo.com.mx\/wp-content\/uploads\/2022\/07\/P-TUXPAN-FERIASANTIAGO1.png?resize=300%2C168&amp;ssl=1 300w, https:\/\/i0.wp.com\/politicosaldesnudo.com.mx\/wp-content\/uploads\/2022\/07\/P-TUXPAN-FERIASANTIAGO1.png?resize=768%2C430&amp;ssl=1 768w, https:\/\/i0.wp.com\/politicosaldesnudo.com.mx\/wp-content\/uploads\/2022\/07\/P-TUXPAN-FERIASANTIAGO1.png?resize=1536%2C859&amp;ssl=1 1536w, https:\/\/i0.wp.com\/politicosaldesnudo.com.mx\/wp-content\/uploads\/2022\/07\/P-TUXPAN-FERIASANTIAGO1.png?w=1816&amp;ssl=1 1816w, https:\/\/i0.wp.com\/politicosaldesnudo.com.mx\/wp-content\/uploads\/2022\/07\/P-TUXPAN-FERIASANTIAGO1.png?w=1600&amp;ssl=1 1600w\" sizes=\"auto, (max-width: 800px) 100vw, 800px\" \/><\/p>\n<p>&nbsp;<\/p>\n<p>&nbsp;<\/p>\n<p>&nbsp;<\/p>\n<p>&nbsp;<\/p>\n<p>&nbsp;<\/p>\n<p>&nbsp;<\/p>\n","protected":false},"excerpt":{"rendered":"<p>&nbsp; &lt;&lt; El alcalde Jos\u00e9 Manuel Pozos coron\u00f3 a la reina Estefan\u00eda 1\u00aa &gt;&gt; &nbsp; TUXPAN, Ver. El\u00a0 Alcalde Jos\u00e9<\/p>\n","protected":false},"author":4,"featured_media":7521,"comment_status":"closed","ping_status":"closed","sticky":false,"template":"","format":"standard","meta":{"colormag_page_container_layout":"default_layout","colormag_page_sidebar_layout":"default_layout","_jetpack_memberships_contains_paid_content":false,"footnotes":"","jetpack_publicize_message":"","jetpack_publicize_feature_enabled":true,"jetpack_social_post_already_shared":false,"jetpack_social_options":{"image_generator_settings":{"template":"highway","default_image_id":0,"font":"","enabled":false},"version":2}},"categories":[1082],"tags":[1106,576,70,100],"class_list":["post-7519","post","type-post","status-publish","format-standard","has-post-thumbnail","hentry","category-tuxpan","tag-feria-de-santiago-de-la-pena-2022","tag-jose-manuel-pozos","tag-tuxpan","tag-veracruz"],"jetpack_publicize_connections":[],"jetpack_featured_media_url":"https:\/\/i0.wp.com\/politicosaldesnudo.com.mx\/wp-content\/uploads\/2022\/07\/P-TUXPAN-FERIASANTIAGO2.png?fit=1816%2C1016&ssl=1","jetpack-related-posts":[],"jetpack_sharing_enabled":true,"_links":{"self":[{"href":"https:\/\/politicosaldesnudo.com.mx\/index.php\/wp-json\/wp\/v2\/posts\/7519","targetHints":{"allow":["GET"]}}],"collection":[{"href":"https:\/\/politicosaldesnudo.com.mx\/index.php\/wp-json\/wp\/v2\/posts"}],"about":[{"href":"https:\/\/politicosaldesnudo.com.mx\/index.php\/wp-json\/wp\/v2\/types\/post"}],"author":[{"embeddable":true,"href":"https:\/\/politicosaldesnudo.com.mx\/index.php\/wp-json\/wp\/v2\/users\/4"}],"replies":[{"embeddable":true,"href":"https:\/\/politicosaldesnudo.com.mx\/index.php\/wp-json\/wp\/v2\/comments?post=7519"}],"version-history":[{"count":0,"href":"https:\/\/politicosaldesnudo.com.mx\/index.php\/wp-json\/wp\/v2\/posts\/7519\/revisions"}],"wp:featuredmedia":[{"embeddable":true,"href":"https:\/\/politicosaldesnudo.com.mx\/index.php\/wp-json\/wp\/v2\/media\/7521"}],"wp:attachment":[{"href":"https:\/\/politicosaldesnudo.com.mx\/index.php\/wp-json\/wp\/v2\/media?parent=7519"}],"wp:term":[{"taxonomy":"category","embeddable":true,"href":"https:\/\/politicosaldesnudo.com.mx\/index.php\/wp-json\/wp\/v2\/categories?post=7519"},{"taxonomy":"post_tag","embeddable":true,"href":"https:\/\/politicosaldesnudo.com.mx\/index.php\/wp-json\/wp\/v2\/tags?post=7519"}],"curies":[{"name":"wp","href":"https:\/\/api.w.org\/{rel}","templated":true}]}}