{"id":75200,"date":"2025-11-20T00:19:12","date_gmt":"2025-11-20T06:19:12","guid":{"rendered":"https:\/\/politicosaldesnudo.com.mx\/?p=75200"},"modified":"2025-11-19T22:19:27","modified_gmt":"2025-11-20T04:19:27","slug":"fracasa-intento-de-inhabilitacion-politica-de-ex-primera-ministra-peruana-asilada-por-mexico","status":"publish","type":"post","link":"https:\/\/politicosaldesnudo.com.mx\/index.php\/2025\/11\/20\/fracasa-intento-de-inhabilitacion-politica-de-ex-primera-ministra-peruana-asilada-por-mexico\/","title":{"rendered":"Fracasa intento de inhabilitaci\u00f3n pol\u00edtica de ex primera ministra peruana asilada por M\u00e9xico"},"content":{"rendered":"<div id=\"article-content-tts\" class=\"nota-contenido mb-5\">\n<div id=\"content_nitf\">\n<p class=\"nota-justify\">El intento de la mayor\u00eda conservadora del Parlamento de inhabilitar a la ex primera ministra peruana, Betssy Ch\u00e1vez, asilada en la Embajada de M\u00e9xico, fracas\u00f3 este mi\u00e9rcoles al no alcanzar los votos necesarios para el efecto.<\/p>\n<p class=\"nota-justify\">Sin embargo, legisladores de extrema derecha pidieron reconsiderar el voto, es decir volver a someter a una nueva votaci\u00f3n su af\u00e1n de inhabilitarla para el ejercicio de cargos en el aparato estatal durante diez a\u00f1os.<\/p>\n<p class=\"nota-justify\">La medida exig\u00eda el respaldo de dos tercios (68) de los legisladores habilitados para votar, pero s\u00f3lo alcanz\u00f3 63 frente a 13 votos en contra y cuatro abstenciones, tras un intenso debate iniciado con la exposici\u00f3n del abogado de Ch\u00e1vez, Ra\u00fal Noblecilla.<\/p>\n<p class=\"nota-justify\">El letrado advirti\u00f3 que iba a ejercer una defensa pol\u00edtica, porque, sostuvo, la pretendida inhabilitaci\u00f3n pol\u00edtica de Ch\u00e1vez era una medida de persecuci\u00f3n pol\u00edtica y descalific\u00f3 a la mayor\u00eda congresal al acusarla de servir a las \u00e9lites econ\u00f3micas y ser racista y discriminadora y ejercer una dictadura.<\/p>\n<p class=\"nota-justify\">Se pregunt\u00f3 porqu\u00e9 se lanzan contra la ex primera ministra si la desprecian con t\u00e9rminos ofensivos que utilizan los poderosos y los acus\u00f3 de incurrir en traici\u00f3n a la patria por lo que los llam\u00f3 traidores a la democracia y al pueblo.<\/p>\n<p class=\"nota-justify\">Posteriormente, la congresista Patricia Benavides sustent\u00f3 la acusaci\u00f3n que seg\u00fan declar\u00f3 amerita la inhabilitaci\u00f3n, porque Ch\u00e1vez particip\u00f3 en la coordinaci\u00f3n del mensaje televisivo en el que el presidente Pedro Castillo dispuso la disoluci\u00f3n del Congreso, lo que no fue acatado por las Fuerzas Armadas y la Polic\u00eda detuvo al mandatario y lo encarcel\u00f3 y el Congreso lo destituy\u00f3.<\/p>\n<p class=\"nota-justify\">Durante el juicio en su contra, la ex primera ministra declar\u00f3 que no conoc\u00eda el contenido del mensaje de Castillo, pese a lo cual es acusada de c\u00f3mplice de un golpe de Estado fallido.<\/p>\n<\/div>\n<\/div>\n<div class=\"notas-relacionadas\"><\/div>\n<div class=\"nota-tags\"><\/div>\n","protected":false},"excerpt":{"rendered":"<p>El intento de la mayor\u00eda conservadora del Parlamento de inhabilitar a la ex primera ministra peruana, Betssy Ch\u00e1vez, asilada en<\/p>\n","protected":false},"author":4,"featured_media":75201,"comment_status":"closed","ping_status":"closed","sticky":false,"template":"","format":"standard","meta":{"colormag_page_container_layout":"default_layout","colormag_page_sidebar_layout":"default_layout","_jetpack_memberships_contains_paid_content":false,"footnotes":"","jetpack_publicize_message":"","jetpack_publicize_feature_enabled":true,"jetpack_social_post_already_shared":true,"jetpack_social_options":{"image_generator_settings":{"template":"highway","default_image_id":0,"font":"","enabled":false},"version":2}},"categories":[28],"tags":[],"class_list":["post-75200","post","type-post","status-publish","format-standard","has-post-thumbnail","hentry","category-internacional"],"jetpack_publicize_connections":[],"jetpack_featured_media_url":"https:\/\/i0.wp.com\/politicosaldesnudo.com.mx\/wp-content\/uploads\/2025\/11\/YALIT.jpg?fit=711%2C483&ssl=1","jetpack-related-posts":[],"jetpack_sharing_enabled":true,"_links":{"self":[{"href":"https:\/\/politicosaldesnudo.com.mx\/index.php\/wp-json\/wp\/v2\/posts\/75200","targetHints":{"allow":["GET"]}}],"collection":[{"href":"https:\/\/politicosaldesnudo.com.mx\/index.php\/wp-json\/wp\/v2\/posts"}],"about":[{"href":"https:\/\/politicosaldesnudo.com.mx\/index.php\/wp-json\/wp\/v2\/types\/post"}],"author":[{"embeddable":true,"href":"https:\/\/politicosaldesnudo.com.mx\/index.php\/wp-json\/wp\/v2\/users\/4"}],"replies":[{"embeddable":true,"href":"https:\/\/politicosaldesnudo.com.mx\/index.php\/wp-json\/wp\/v2\/comments?post=75200"}],"version-history":[{"count":0,"href":"https:\/\/politicosaldesnudo.com.mx\/index.php\/wp-json\/wp\/v2\/posts\/75200\/revisions"}],"wp:featuredmedia":[{"embeddable":true,"href":"https:\/\/politicosaldesnudo.com.mx\/index.php\/wp-json\/wp\/v2\/media\/75201"}],"wp:attachment":[{"href":"https:\/\/politicosaldesnudo.com.mx\/index.php\/wp-json\/wp\/v2\/media?parent=75200"}],"wp:term":[{"taxonomy":"category","embeddable":true,"href":"https:\/\/politicosaldesnudo.com.mx\/index.php\/wp-json\/wp\/v2\/categories?post=75200"},{"taxonomy":"post_tag","embeddable":true,"href":"https:\/\/politicosaldesnudo.com.mx\/index.php\/wp-json\/wp\/v2\/tags?post=75200"}],"curies":[{"name":"wp","href":"https:\/\/api.w.org\/{rel}","templated":true}]}}