{"id":75206,"date":"2025-11-19T22:25:44","date_gmt":"2025-11-20T04:25:44","guid":{"rendered":"https:\/\/politicosaldesnudo.com.mx\/?p=75206"},"modified":"2025-11-19T22:25:44","modified_gmt":"2025-11-20T04:25:44","slug":"9-anos-despues-la-novena-de-mahler-en-xalapa-osx","status":"publish","type":"post","link":"https:\/\/politicosaldesnudo.com.mx\/index.php\/2025\/11\/19\/9-anos-despues-la-novena-de-mahler-en-xalapa-osx\/","title":{"rendered":"9 a\u00f1os despu\u00e9s, la Novena de Mahler en Xalapa OSX"},"content":{"rendered":"<ul>\n<li>M\u00e1s de 100 ejecutantes en escena<\/li>\n<li>Martin Lebel, director titular\n<p>Xalapa, Ver. 18 de noviembre de 2025. La Orquesta Sinf\u00f3nica de Xalapa de la UV, interpretar\u00e1 por primera vez en nueve a\u00f1os, la Sinfon\u00eda n.\u00b0 9 de Gustav Mahler. Una de las obras m\u00e1s profundas y emotivas del compositor austr\u00edaco, llega a Tlaqn\u00e1 con un elenco de m\u00e1s de 100 m\u00fasicos ejecutantes en una \u00fanica presentaci\u00f3n, que sin duda cautivar\u00e1 a quienes tengan la oportunidad de presenciarla. Bajo la batuta de Martin Lebel, director titular.<\/li>\n<\/ul>\n<p><img data-recalc-dims=\"1\" loading=\"lazy\" decoding=\"async\" class=\"aligncenter size-large wp-image-75207\" src=\"https:\/\/i0.wp.com\/politicosaldesnudo.com.mx\/wp-content\/uploads\/2025\/11\/EVENTO_NOV_21-1024x538.png?resize=800%2C420&#038;ssl=1\" alt=\"\" width=\"800\" height=\"420\" srcset=\"https:\/\/i0.wp.com\/politicosaldesnudo.com.mx\/wp-content\/uploads\/2025\/11\/EVENTO_NOV_21-scaled.png?resize=1024%2C538&amp;ssl=1 1024w, https:\/\/i0.wp.com\/politicosaldesnudo.com.mx\/wp-content\/uploads\/2025\/11\/EVENTO_NOV_21-scaled.png?resize=300%2C158&amp;ssl=1 300w, https:\/\/i0.wp.com\/politicosaldesnudo.com.mx\/wp-content\/uploads\/2025\/11\/EVENTO_NOV_21-scaled.png?resize=768%2C403&amp;ssl=1 768w, https:\/\/i0.wp.com\/politicosaldesnudo.com.mx\/wp-content\/uploads\/2025\/11\/EVENTO_NOV_21-scaled.png?resize=1536%2C806&amp;ssl=1 1536w, https:\/\/i0.wp.com\/politicosaldesnudo.com.mx\/wp-content\/uploads\/2025\/11\/EVENTO_NOV_21-scaled.png?resize=2048%2C1075&amp;ssl=1 2048w, https:\/\/i0.wp.com\/politicosaldesnudo.com.mx\/wp-content\/uploads\/2025\/11\/EVENTO_NOV_21-scaled.png?resize=390%2C205&amp;ssl=1 390w, https:\/\/i0.wp.com\/politicosaldesnudo.com.mx\/wp-content\/uploads\/2025\/11\/EVENTO_NOV_21-scaled.png?w=1600&amp;ssl=1 1600w, https:\/\/i0.wp.com\/politicosaldesnudo.com.mx\/wp-content\/uploads\/2025\/11\/EVENTO_NOV_21-scaled.png?w=2400&amp;ssl=1 2400w\" sizes=\"auto, (max-width: 800px) 100vw, 800px\" \/><\/p>\n<p>Este concierto se realizar\u00e1 el viernes 21 de noviembre a las 20:00 h desde Tlaqn\u00e1, Centro Cultural.<\/p>\n<p>&nbsp;<\/p>\n<p>Gustav Mahler pensaba en la muerte cuando compuso la Novena. Su hija de cuatro a\u00f1os hab\u00eda muerto en 1907, traumatizando al compositor. Se establecieron en Toblach (Dobbiaco) en la regi\u00f3n monta\u00f1osa del Tirol en la frontera austro-italiana. En ese mismo a\u00f1o, se le diagn\u00f3stico la enfermedad card\u00edaca que lo matar\u00eda cuatro a\u00f1os despu\u00e9s.<\/p>\n<p>Pero Mahler no vio la Novena como su obra final, la D\u00e9cima, gran parte de la cual complet\u00f3 antes de morir, termin\u00f3 siendo eso. Simplemente se enfrentaba a las mismas cuestiones de vida o muerte que en gran parte de su m\u00fasica. Gustav fue el \u00faltimo en una l\u00ednea de 150 a\u00f1os de compositores austro-alemanes que se remonta a la \u00e9poca de Mozart y Haydn para escribir sinfon\u00edas, y llev\u00f3 las formas b\u00e1sicas del g\u00e9nero a sus l\u00edmites. Desde el anhelo por la vida y la naturaleza en el primer movimiento, hasta una atm\u00f3sfera ferviente, reflexiva y en tono de despedida en el movimiento final; la vasta riqueza y notable envergadura del trabajo sinf\u00f3nico de Mahler se traducen en una despedida pac\u00edfica que enaltece su \u00faltimo trabajo completo en este plano terrenal.<\/p>\n<p>&nbsp;<\/p>\n<p>Previo al concierto, la OSX invita a formar parte de la Charla de Concierto, presentada por el Mtro. Arturo Cuevas, el viernes 21 de noviembre, a las 19:00 h, en el mezzanine de Tlaqn\u00e1, Centro Cultural.<\/p>\n<p>&nbsp;<\/p>\n<p>Puedes comprar tus boletos en l\u00ednea en www.orquestasinfonicadexalapa.com, Tienda UV, Tienda UV Museo de Antropolog\u00eda y Taquilla Tlaqn\u00e1.<\/p>\n<p>Correo electr\u00f3nico: mercadotecnia.osx@gmail.com.<\/p>\n","protected":false},"excerpt":{"rendered":"<p>M\u00e1s de 100 ejecutantes en escena Martin Lebel, director titular Xalapa, Ver. 18 de noviembre de 2025. La Orquesta Sinf\u00f3nica<\/p>\n","protected":false},"author":4,"featured_media":75208,"comment_status":"closed","ping_status":"closed","sticky":false,"template":"","format":"standard","meta":{"colormag_page_container_layout":"default_layout","colormag_page_sidebar_layout":"default_layout","_jetpack_memberships_contains_paid_content":false,"footnotes":"","jetpack_publicize_message":"","jetpack_publicize_feature_enabled":true,"jetpack_social_post_already_shared":true,"jetpack_social_options":{"image_generator_settings":{"template":"highway","default_image_id":0,"font":"","enabled":false},"version":2}},"categories":[474,30],"tags":[],"class_list":["post-75206","post","type-post","status-publish","format-standard","has-post-thumbnail","hentry","category-cultura","category-estados"],"jetpack_publicize_connections":[],"jetpack_featured_media_url":"https:\/\/i0.wp.com\/politicosaldesnudo.com.mx\/wp-content\/uploads\/2025\/11\/FOTO-OSX-3-scaled.jpg?fit=2560%2C1707&ssl=1","jetpack-related-posts":[],"jetpack_sharing_enabled":true,"_links":{"self":[{"href":"https:\/\/politicosaldesnudo.com.mx\/index.php\/wp-json\/wp\/v2\/posts\/75206","targetHints":{"allow":["GET"]}}],"collection":[{"href":"https:\/\/politicosaldesnudo.com.mx\/index.php\/wp-json\/wp\/v2\/posts"}],"about":[{"href":"https:\/\/politicosaldesnudo.com.mx\/index.php\/wp-json\/wp\/v2\/types\/post"}],"author":[{"embeddable":true,"href":"https:\/\/politicosaldesnudo.com.mx\/index.php\/wp-json\/wp\/v2\/users\/4"}],"replies":[{"embeddable":true,"href":"https:\/\/politicosaldesnudo.com.mx\/index.php\/wp-json\/wp\/v2\/comments?post=75206"}],"version-history":[{"count":0,"href":"https:\/\/politicosaldesnudo.com.mx\/index.php\/wp-json\/wp\/v2\/posts\/75206\/revisions"}],"wp:featuredmedia":[{"embeddable":true,"href":"https:\/\/politicosaldesnudo.com.mx\/index.php\/wp-json\/wp\/v2\/media\/75208"}],"wp:attachment":[{"href":"https:\/\/politicosaldesnudo.com.mx\/index.php\/wp-json\/wp\/v2\/media?parent=75206"}],"wp:term":[{"taxonomy":"category","embeddable":true,"href":"https:\/\/politicosaldesnudo.com.mx\/index.php\/wp-json\/wp\/v2\/categories?post=75206"},{"taxonomy":"post_tag","embeddable":true,"href":"https:\/\/politicosaldesnudo.com.mx\/index.php\/wp-json\/wp\/v2\/tags?post=75206"}],"curies":[{"name":"wp","href":"https:\/\/api.w.org\/{rel}","templated":true}]}}