{"id":75245,"date":"2025-11-21T00:01:20","date_gmt":"2025-11-21T06:01:20","guid":{"rendered":"https:\/\/politicosaldesnudo.com.mx\/?p=75245"},"modified":"2025-11-20T23:51:04","modified_gmt":"2025-11-21T05:51:04","slug":"daniel-cortina-asiste-a-comparecencias-de-sefiplan-y-sectur","status":"publish","type":"post","link":"https:\/\/politicosaldesnudo.com.mx\/index.php\/2025\/11\/21\/daniel-cortina-asiste-a-comparecencias-de-sefiplan-y-sectur\/","title":{"rendered":"Daniel Cortina asiste a comparecencias de SEFIPLAN y SECTUR"},"content":{"rendered":"<p>Este d\u00eda, el diputado local por el Distrito III Daniel Cortina, asisti\u00f3 a las comparecencias de la Secretar\u00eda de Finanzas y Planeaci\u00f3n (SEFIPLAN) y de la Secretar\u00eda de Turismo (SECTUR), realizadas como parte del ejercicio de rendici\u00f3n de cuentas del Gobierno del Estado de Veracruz. Espacios en los que se presentaron los avances y resultados derivados de un a\u00f1o de trabajo sostenido, realizado con transparencia, responsabilidad y compromiso por la entidad.<\/p>\n<p>El legislador se\u00f1al\u00f3 que la rendici\u00f3n de cuentas es esencial para fortalecer la confianza ciudadana, pues informar cada acci\u00f3n permite demostrar el trabajo realizado por el bienestar de las y los veracruzanos.<\/p>\n<p>Durante la presentaci\u00f3n del informe por parte del titular de SEFIPLAN, Miguel Santiago Reyes Hern\u00e1ndez, se destac\u00f3 la reducci\u00f3n de la deuda en un 41.6% en tan solo un a\u00f1o, as\u00ed como la disminuci\u00f3n de adeudos hist\u00f3ricos ante el ISSSTE y el SAT.<\/p>\n<p>En materia tur\u00edstica, el Secretario Igor Roji, ante la Comisi\u00f3n de Turismo, expuso los avances derivados del impulso y la promoci\u00f3n del turismo en el estado, acciones que contin\u00faan posicionando a Veracruz con mayor fuerza.<\/p>\n","protected":false},"excerpt":{"rendered":"<p>Este d\u00eda, el diputado local por el Distrito III Daniel Cortina, asisti\u00f3 a las comparecencias de la Secretar\u00eda de Finanzas<\/p>\n","protected":false},"author":4,"featured_media":75246,"comment_status":"closed","ping_status":"closed","sticky":false,"template":"","format":"standard","meta":{"colormag_page_container_layout":"default_layout","colormag_page_sidebar_layout":"default_layout","_jetpack_memberships_contains_paid_content":false,"footnotes":"","jetpack_publicize_message":"","jetpack_publicize_feature_enabled":true,"jetpack_social_post_already_shared":true,"jetpack_social_options":{"image_generator_settings":{"template":"highway","default_image_id":0,"font":"","enabled":false},"version":2}},"categories":[1082],"tags":[],"class_list":["post-75245","post","type-post","status-publish","format-standard","has-post-thumbnail","hentry","category-tuxpan"],"jetpack_publicize_connections":[],"jetpack_featured_media_url":"https:\/\/i0.wp.com\/politicosaldesnudo.com.mx\/wp-content\/uploads\/2025\/11\/WhatsApp-Image-2025-11-19-at-21.09.16.jpeg?fit=1600%2C1066&ssl=1","jetpack-related-posts":[],"jetpack_sharing_enabled":true,"_links":{"self":[{"href":"https:\/\/politicosaldesnudo.com.mx\/index.php\/wp-json\/wp\/v2\/posts\/75245","targetHints":{"allow":["GET"]}}],"collection":[{"href":"https:\/\/politicosaldesnudo.com.mx\/index.php\/wp-json\/wp\/v2\/posts"}],"about":[{"href":"https:\/\/politicosaldesnudo.com.mx\/index.php\/wp-json\/wp\/v2\/types\/post"}],"author":[{"embeddable":true,"href":"https:\/\/politicosaldesnudo.com.mx\/index.php\/wp-json\/wp\/v2\/users\/4"}],"replies":[{"embeddable":true,"href":"https:\/\/politicosaldesnudo.com.mx\/index.php\/wp-json\/wp\/v2\/comments?post=75245"}],"version-history":[{"count":0,"href":"https:\/\/politicosaldesnudo.com.mx\/index.php\/wp-json\/wp\/v2\/posts\/75245\/revisions"}],"wp:featuredmedia":[{"embeddable":true,"href":"https:\/\/politicosaldesnudo.com.mx\/index.php\/wp-json\/wp\/v2\/media\/75246"}],"wp:attachment":[{"href":"https:\/\/politicosaldesnudo.com.mx\/index.php\/wp-json\/wp\/v2\/media?parent=75245"}],"wp:term":[{"taxonomy":"category","embeddable":true,"href":"https:\/\/politicosaldesnudo.com.mx\/index.php\/wp-json\/wp\/v2\/categories?post=75245"},{"taxonomy":"post_tag","embeddable":true,"href":"https:\/\/politicosaldesnudo.com.mx\/index.php\/wp-json\/wp\/v2\/tags?post=75245"}],"curies":[{"name":"wp","href":"https:\/\/api.w.org\/{rel}","templated":true}]}}