{"id":75248,"date":"2025-11-21T00:02:31","date_gmt":"2025-11-21T06:02:31","guid":{"rendered":"https:\/\/politicosaldesnudo.com.mx\/?p=75248"},"modified":"2025-11-20T23:51:59","modified_gmt":"2025-11-21T05:51:59","slug":"usuarios-se-quedan-sin-transporte","status":"publish","type":"post","link":"https:\/\/politicosaldesnudo.com.mx\/index.php\/2025\/11\/21\/usuarios-se-quedan-sin-transporte\/","title":{"rendered":"Usuarios se quedan sin Transporte"},"content":{"rendered":"<p>El tradicional desfile conmemorativo de la Revoluci\u00f3n Mexicana gener\u00f3 una ola de molestia y frustraci\u00f3n entre los habitantes de Tuxpan, quienes se vieron afectados por el cierre vial en el primer cuadro de la ciudad.<br \/>\nLa interrupci\u00f3n del tr\u00e1fico provoc\u00f3 una severa escasez de transporte p\u00fablico, dejando a cientos de ciudadanos varados.<\/p>\n<p>Desde las primeras horas de la ma\u00f1ana del jueves, y mientras se desarrollaba el evento c\u00edvico, tanto el servicio de taxis como el de autobuses suspendi\u00f3 o modific\u00f3 dr\u00e1sticamente sus rutas.<br \/>\nEsta medida, aunque necesaria para la seguridad del desfile, no fue compensada con alternativas de movilidad efectivas, seg\u00fan la queja generalizada de los afectados.<br \/>\nTestimonios recabados en puntos clave del centro indican que los ciudadanos tuvieron que esperar hasta m\u00e1s de cuatro horas para que el servicio de transporte se restableciera completamente.<\/p>\n","protected":false},"excerpt":{"rendered":"<p>El tradicional desfile conmemorativo de la Revoluci\u00f3n Mexicana gener\u00f3 una ola de molestia y frustraci\u00f3n entre los habitantes de Tuxpan,<\/p>\n","protected":false},"author":4,"featured_media":75249,"comment_status":"closed","ping_status":"closed","sticky":false,"template":"","format":"standard","meta":{"colormag_page_container_layout":"default_layout","colormag_page_sidebar_layout":"default_layout","_jetpack_memberships_contains_paid_content":false,"footnotes":"","jetpack_publicize_message":"","jetpack_publicize_feature_enabled":true,"jetpack_social_post_already_shared":true,"jetpack_social_options":{"image_generator_settings":{"template":"highway","default_image_id":0,"font":"","enabled":false},"version":2}},"categories":[1082],"tags":[],"class_list":["post-75248","post","type-post","status-publish","format-standard","has-post-thumbnail","hentry","category-tuxpan"],"jetpack_publicize_connections":[],"jetpack_featured_media_url":"https:\/\/i0.wp.com\/politicosaldesnudo.com.mx\/wp-content\/uploads\/2025\/11\/WhatsApp-Image-2025-11-20-at-14.14.59-2.jpeg?fit=1280%2C580&ssl=1","jetpack-related-posts":[],"jetpack_sharing_enabled":true,"_links":{"self":[{"href":"https:\/\/politicosaldesnudo.com.mx\/index.php\/wp-json\/wp\/v2\/posts\/75248","targetHints":{"allow":["GET"]}}],"collection":[{"href":"https:\/\/politicosaldesnudo.com.mx\/index.php\/wp-json\/wp\/v2\/posts"}],"about":[{"href":"https:\/\/politicosaldesnudo.com.mx\/index.php\/wp-json\/wp\/v2\/types\/post"}],"author":[{"embeddable":true,"href":"https:\/\/politicosaldesnudo.com.mx\/index.php\/wp-json\/wp\/v2\/users\/4"}],"replies":[{"embeddable":true,"href":"https:\/\/politicosaldesnudo.com.mx\/index.php\/wp-json\/wp\/v2\/comments?post=75248"}],"version-history":[{"count":0,"href":"https:\/\/politicosaldesnudo.com.mx\/index.php\/wp-json\/wp\/v2\/posts\/75248\/revisions"}],"wp:featuredmedia":[{"embeddable":true,"href":"https:\/\/politicosaldesnudo.com.mx\/index.php\/wp-json\/wp\/v2\/media\/75249"}],"wp:attachment":[{"href":"https:\/\/politicosaldesnudo.com.mx\/index.php\/wp-json\/wp\/v2\/media?parent=75248"}],"wp:term":[{"taxonomy":"category","embeddable":true,"href":"https:\/\/politicosaldesnudo.com.mx\/index.php\/wp-json\/wp\/v2\/categories?post=75248"},{"taxonomy":"post_tag","embeddable":true,"href":"https:\/\/politicosaldesnudo.com.mx\/index.php\/wp-json\/wp\/v2\/tags?post=75248"}],"curies":[{"name":"wp","href":"https:\/\/api.w.org\/{rel}","templated":true}]}}