{"id":75257,"date":"2025-11-21T00:21:55","date_gmt":"2025-11-21T06:21:55","guid":{"rendered":"https:\/\/politicosaldesnudo.com.mx\/?p=75257"},"modified":"2025-11-21T00:21:55","modified_gmt":"2025-11-21T06:21:55","slug":"taddei-alerta-sobre-el-avance-de-la-violencia-digital-contra-mujeres-en-politica","status":"publish","type":"post","link":"https:\/\/politicosaldesnudo.com.mx\/index.php\/2025\/11\/21\/taddei-alerta-sobre-el-avance-de-la-violencia-digital-contra-mujeres-en-politica\/","title":{"rendered":"Taddei alerta sobre el avance de la violencia digital contra mujeres en pol\u00edtica"},"content":{"rendered":"<p class=\"nota-justify\">La presidenta del Instituto Nacional Electoral (INE), Guadalupe Taddei, advirti\u00f3 del recrudecimiento de la violencia digital, sobre todo en perjuicio de las mujeres que participan en pol\u00edtica.<\/p>\n<p class=\"nota-justify\">\u201cLa violencia digital que cada d\u00eda escala conductas m\u00e1s agresivas est\u00e1 mostrando un crecimiento sostenido; se alimenta de la normalizaci\u00f3n social y se convierte en un fen\u00f3meno que vulnera derechos, limita la participaci\u00f3n y genera un entorno hostil para las mujeres y personas de grupos vulnerables\u201d, dijo.<\/p>\n<p class=\"nota-justify\">Este jueves fue instalado el Observatorio de Participaci\u00f3n Pol\u00edtica de las Mujeres, mismo que presidir\u00e1 Taddei. Acudieron a la sesi\u00f3n realizada en el auditorio del INE funcionarios electorales y gubernamentales de nivel local y federal, as\u00ed como representantes de organismos como la Comisi\u00f3n Nacional de Derechos Humanos y de ONU Mujeres, y grupos de la sociedad civil.<\/p>\n<p class=\"nota-justify\">La consejera presidenta se\u00f1al\u00f3 que si bien hay avances para garantizar la paridad en la funci\u00f3n p\u00fablica, persisten rezagos, marcadamente a nivel municipal, que afectan la participaci\u00f3n digna y en condiciones de igualdad de las mujeres.<\/p>\n<p class=\"nota-justify\">\u201cLa paridad todav\u00eda no se ve reflejada en todos los espacios de decisi\u00f3n y mucho menos en condiciones libres de violencia\u201d, indic\u00f3.<\/p>\n<p class=\"nota-justify\">En ese contexto pidi\u00f3 que el Observatorio impulse acciones para garantizar la participaci\u00f3n pol\u00edtica para mujeres en situaci\u00f3n de vulnerabilidad como ind\u00edgenas, afromexicanas, discapacitadas, mujeres de la diversidad sexual y de g\u00e9nero, as\u00ed como de las zonas rurales.<\/p>\n<p class=\"nota-justify\">Antes, el presidente del Tribunal Electoral del Poder Judicial de la Federaci\u00f3n (TEPJF), Gilberto Batiz, dijo que la perspectiva de g\u00e9nero no es una opci\u00f3n sino una obligaci\u00f3n judicial para eliminar desigualdades estructurales.<\/p>\n<p class=\"nota-justify\">Se\u00f1al\u00f3 que la democracia mexicana ser\u00e1 s\u00f3lida en la medida que sea m\u00e1s igualitaria y donde las mujeres ejerzan el poder en libertad, sin violencia, sin simulaciones.<\/p>\n<p class=\"nota-justify\">Este Observatorio surgi\u00f3 en 2014 a iniciativa del Instituto Nacional de las Mujeres, hoy Secretar\u00eda de las Mujeres, as\u00ed como de \u00f3rganos electorales, con el objetivo de promover la participaci\u00f3n de las mujeres en todos los \u00e1mbitos p\u00fablicos.<\/p>\n","protected":false},"excerpt":{"rendered":"<p>La presidenta del Instituto Nacional Electoral (INE), Guadalupe Taddei, advirti\u00f3 del recrudecimiento de la violencia digital, sobre todo en perjuicio<\/p>\n","protected":false},"author":4,"featured_media":75258,"comment_status":"closed","ping_status":"closed","sticky":false,"template":"","format":"standard","meta":{"colormag_page_container_layout":"default_layout","colormag_page_sidebar_layout":"default_layout","_jetpack_memberships_contains_paid_content":false,"footnotes":"","jetpack_publicize_message":"","jetpack_publicize_feature_enabled":true,"jetpack_social_post_already_shared":true,"jetpack_social_options":{"image_generator_settings":{"template":"highway","default_image_id":0,"font":"","enabled":false},"version":2}},"categories":[33],"tags":[],"class_list":["post-75257","post","type-post","status-publish","format-standard","has-post-thumbnail","hentry","category-nacional"],"jetpack_publicize_connections":[],"jetpack_featured_media_url":"https:\/\/i0.wp.com\/politicosaldesnudo.com.mx\/wp-content\/uploads\/2025\/11\/ted.jpg?fit=825%2C569&ssl=1","jetpack-related-posts":[],"jetpack_sharing_enabled":true,"_links":{"self":[{"href":"https:\/\/politicosaldesnudo.com.mx\/index.php\/wp-json\/wp\/v2\/posts\/75257","targetHints":{"allow":["GET"]}}],"collection":[{"href":"https:\/\/politicosaldesnudo.com.mx\/index.php\/wp-json\/wp\/v2\/posts"}],"about":[{"href":"https:\/\/politicosaldesnudo.com.mx\/index.php\/wp-json\/wp\/v2\/types\/post"}],"author":[{"embeddable":true,"href":"https:\/\/politicosaldesnudo.com.mx\/index.php\/wp-json\/wp\/v2\/users\/4"}],"replies":[{"embeddable":true,"href":"https:\/\/politicosaldesnudo.com.mx\/index.php\/wp-json\/wp\/v2\/comments?post=75257"}],"version-history":[{"count":0,"href":"https:\/\/politicosaldesnudo.com.mx\/index.php\/wp-json\/wp\/v2\/posts\/75257\/revisions"}],"wp:featuredmedia":[{"embeddable":true,"href":"https:\/\/politicosaldesnudo.com.mx\/index.php\/wp-json\/wp\/v2\/media\/75258"}],"wp:attachment":[{"href":"https:\/\/politicosaldesnudo.com.mx\/index.php\/wp-json\/wp\/v2\/media?parent=75257"}],"wp:term":[{"taxonomy":"category","embeddable":true,"href":"https:\/\/politicosaldesnudo.com.mx\/index.php\/wp-json\/wp\/v2\/categories?post=75257"},{"taxonomy":"post_tag","embeddable":true,"href":"https:\/\/politicosaldesnudo.com.mx\/index.php\/wp-json\/wp\/v2\/tags?post=75257"}],"curies":[{"name":"wp","href":"https:\/\/api.w.org\/{rel}","templated":true}]}}