{"id":75263,"date":"2025-11-21T00:25:45","date_gmt":"2025-11-21T06:25:45","guid":{"rendered":"https:\/\/politicosaldesnudo.com.mx\/?p=75263"},"modified":"2025-11-21T00:25:45","modified_gmt":"2025-11-21T06:25:45","slug":"legisladores-de-la-4t-ratifican-su-lealtad-a-la-presidenta-sheinbaum","status":"publish","type":"post","link":"https:\/\/politicosaldesnudo.com.mx\/index.php\/2025\/11\/21\/legisladores-de-la-4t-ratifican-su-lealtad-a-la-presidenta-sheinbaum\/","title":{"rendered":"Legisladores de la 4T ratifican su \u00ablealtad\u00bb a la presidenta Sheinbaum"},"content":{"rendered":"<p class=\"nota-justify\">Los legisladores del movimiento de transformaci\u00f3n ratificaron su \u201clealtad\u201d a la presidenta Claudia Sheinbaum Pardo y al proyecto de naci\u00f3n de la 4T.<\/p>\n<p class=\"nota-justify\">Esta tarde, la mandataria federal se reuni\u00f3 con diputados y senadores de la alianza que la llev\u00f3 al cargo (Morena. PT y Partido Verde) con quienes dialog\u00f3 de los procesos legislativos para el cierre de a\u00f1o y de 2026.<\/p>\n<p class=\"nota-justify\">Los congresistas le dieron su respaldo y reafirmaron su unidad ante los intentos de la oposici\u00f3n de desestabilizar el proyecto de la cuarta transformaci\u00f3n.<\/p>\n<p class=\"nota-justify\">Al salir del recinto hist\u00f3rico, el coordinador de los senadores de Morena, Ad\u00e1n Augusto L\u00f3pez, se\u00f1al\u00f3 que durante el encuentro se dialogo en torno a los pendientes legislativos y se manifest\u00f3 \u201cmucha solidaridad y lealtad con la presidenta\u201d.<\/p>\n<p class=\"nota-justify\">El senador morenista Ignacio Mier afirm\u00f3 que adem\u00e1s de confirmar la alianza entre los partidos del movimiento de transformaci\u00f3n, en la reuni\u00f3n se brind\u00f3 \u201cla unidad en torno a la presidenta de la Rep\u00fablica y por el proyecto por el que votaron los mexicanos\u201d.<\/p>\n<p class=\"nota-justify\">El legislador dijo que la mandataria federal les coment\u00f3 que hay gobernabilidad en el pa\u00eds y que las recientes expresiones que se han dado en algunos sectores equiparan a \u201cque una golondrina hace verano\u201d.<\/p>\n<p class=\"nota-justify\">Refiri\u00f3 que se les convoc\u00f3 a la movilizaci\u00f3n de respaldo a la presidenta y de festejo por los siete a\u00f1os de gobiernos de la transformaci\u00f3n que se realizar\u00e1 el 6 de diciembre.<\/p>\n<p class=\"nota-justify\">El diputado Sergio Guti\u00e9rrez Luna se\u00f1al\u00f3 que los legisladores expresaron \u201csin ambig\u00fcedades y con contundencia que estamos con ella\u201d.<\/p>\n<p class=\"nota-justify\">Agreg\u00f3: \u201cNos invit\u00f3 a la concentraci\u00f3n del Z\u00f3calo (el 6 de diciembre). Nos dijo de la importancia que expliquemos a las personas lo que ha ocurrido en estos \u00faltimos tiempos, que tiene que ver b\u00e1sicamente con resabios de resistencia de grupos que no quieren la transformaci\u00f3n que hemos venido dando, b\u00e1sicamente de la reforma al Poder Judicial que s\u00ed impact\u00f3 en muchos sectores y que ha generado estas reacciones\u201d.<\/p>\n<p class=\"nota-justify\">En ese marco, apunt\u00f3 el legislador, tambi\u00e9n se fortalecieron los lazos entre los tres partidos y la jefa del Ejecutivo destac\u00f3 la relevancia de reformas como la de agua, la de reducci\u00f3n de la jornada laboral a 40 horas semanales \u2014de la que pronto se enviar\u00e1 la iniciativa\u2014, derechos de jornaleros, entre otras.<\/p>\n","protected":false},"excerpt":{"rendered":"<p>Los legisladores del movimiento de transformaci\u00f3n ratificaron su \u201clealtad\u201d a la presidenta Claudia Sheinbaum Pardo y al proyecto de naci\u00f3n<\/p>\n","protected":false},"author":4,"featured_media":75264,"comment_status":"closed","ping_status":"closed","sticky":false,"template":"","format":"standard","meta":{"colormag_page_container_layout":"default_layout","colormag_page_sidebar_layout":"default_layout","_jetpack_memberships_contains_paid_content":false,"footnotes":"","jetpack_publicize_message":"","jetpack_publicize_feature_enabled":true,"jetpack_social_post_already_shared":true,"jetpack_social_options":{"image_generator_settings":{"template":"highway","default_image_id":0,"font":"","enabled":false},"version":2}},"categories":[33],"tags":[],"class_list":["post-75263","post","type-post","status-publish","format-standard","has-post-thumbnail","hentry","category-nacional"],"jetpack_publicize_connections":[],"jetpack_featured_media_url":"https:\/\/i0.wp.com\/politicosaldesnudo.com.mx\/wp-content\/uploads\/2025\/11\/palrs.jpg?fit=825%2C569&ssl=1","jetpack-related-posts":[],"jetpack_sharing_enabled":true,"_links":{"self":[{"href":"https:\/\/politicosaldesnudo.com.mx\/index.php\/wp-json\/wp\/v2\/posts\/75263","targetHints":{"allow":["GET"]}}],"collection":[{"href":"https:\/\/politicosaldesnudo.com.mx\/index.php\/wp-json\/wp\/v2\/posts"}],"about":[{"href":"https:\/\/politicosaldesnudo.com.mx\/index.php\/wp-json\/wp\/v2\/types\/post"}],"author":[{"embeddable":true,"href":"https:\/\/politicosaldesnudo.com.mx\/index.php\/wp-json\/wp\/v2\/users\/4"}],"replies":[{"embeddable":true,"href":"https:\/\/politicosaldesnudo.com.mx\/index.php\/wp-json\/wp\/v2\/comments?post=75263"}],"version-history":[{"count":0,"href":"https:\/\/politicosaldesnudo.com.mx\/index.php\/wp-json\/wp\/v2\/posts\/75263\/revisions"}],"wp:featuredmedia":[{"embeddable":true,"href":"https:\/\/politicosaldesnudo.com.mx\/index.php\/wp-json\/wp\/v2\/media\/75264"}],"wp:attachment":[{"href":"https:\/\/politicosaldesnudo.com.mx\/index.php\/wp-json\/wp\/v2\/media?parent=75263"}],"wp:term":[{"taxonomy":"category","embeddable":true,"href":"https:\/\/politicosaldesnudo.com.mx\/index.php\/wp-json\/wp\/v2\/categories?post=75263"},{"taxonomy":"post_tag","embeddable":true,"href":"https:\/\/politicosaldesnudo.com.mx\/index.php\/wp-json\/wp\/v2\/tags?post=75263"}],"curies":[{"name":"wp","href":"https:\/\/api.w.org\/{rel}","templated":true}]}}