{"id":7550,"date":"2022-07-11T00:39:16","date_gmt":"2022-07-11T05:39:16","guid":{"rendered":"https:\/\/politicosaldesnudo.com.mx\/?p=7550"},"modified":"2022-07-11T00:40:21","modified_gmt":"2022-07-11T05:40:21","slug":"otorgan-certeza-juridica-y-justicia-social-a-campesinos-del-norte-de-veracruz","status":"publish","type":"post","link":"https:\/\/politicosaldesnudo.com.mx\/index.php\/2022\/07\/11\/otorgan-certeza-juridica-y-justicia-social-a-campesinos-del-norte-de-veracruz\/","title":{"rendered":"Otorgan certeza jur\u00eddica y justicia social a campesinos del norte de Veracruz"},"content":{"rendered":"<p>&nbsp;<\/p>\n<p class=\"p1\"><span style=\"font-size: 18pt;\"><strong>&lt;&lt; Se cumplieron las instrucciones del presidente Andr\u00e9s Manuel L\u00f3pez Obrador\u00a0 y del Gobernador Cuitl\u00e1huac Garc\u00eda&gt;&gt;<\/strong><\/span><\/p>\n<p>&nbsp;<\/p>\n<p class=\"p1\"><span style=\"font-size: 14pt;\"><em><strong>TUXPAN, Ver.<span class=\"Apple-converted-space\">\u00a0 <\/span><\/strong><\/em>Se hace la entrega de <strong>Documentos Agrarios a campesinos de Tuxpan<\/strong>, <strong>Tihuatl\u00e1n, \u00c1lamo, Chicontepec e Ixhuatl\u00e1n de Madero<\/strong>; un programa que realiz\u00f3 el Registro Agracio Nacional, la Procuradur\u00eda Agraria y Tribunales Agrarios, en colaboraci\u00f3n con el <strong>Ayuntamiento de Tuxpan<\/strong>.<\/span><\/p>\n<p class=\"p1\"><span style=\"font-size: 14pt;\">El evento estuvo encabezado por el alcalde Jos\u00e9 Manuel Pozos Castro; la S\u00edndica \u00danica, Mtra. Beatriz Pi\u00f1a Vergara; el Ing. Vinicio Zamudio Figueroa, representante de la Procuradur\u00eda Agraria de Veracruz; el Ing. Javier Sandoval Garc\u00eda, representante del Registro Agrario Nacional en Veracruz.<span class=\"Apple-converted-space\">\u00a0<\/span><\/span><\/p>\n<p class=\"p1\"><span style=\"font-size: 14pt;\">Tambi\u00e9n la Lic. Mar\u00eda de los \u00c1ngeles Le\u00f3n Maldonado, Magistrada del Tribunal Unitario Agrario Distrito 32 de Tuxpan; el Lic. Jos\u00e9 L\u00f3pez Beltr\u00e1n, delegado de Pol\u00edtica Regional, representante del Gobierno del Estado de Veracruz.<\/span><\/p>\n<p>&nbsp;<\/p>\n<p><img data-recalc-dims=\"1\" loading=\"lazy\" decoding=\"async\" class=\"aligncenter wp-image-7554 size-large\" src=\"https:\/\/i0.wp.com\/politicosaldesnudo.com.mx\/wp-content\/uploads\/2022\/07\/P-CERTIFICADOSAGRARIOS4-1024x573.png?resize=800%2C448&#038;ssl=1\" alt=\"\" width=\"800\" height=\"448\" srcset=\"https:\/\/i0.wp.com\/politicosaldesnudo.com.mx\/wp-content\/uploads\/2022\/07\/P-CERTIFICADOSAGRARIOS4.png?resize=1024%2C573&amp;ssl=1 1024w, https:\/\/i0.wp.com\/politicosaldesnudo.com.mx\/wp-content\/uploads\/2022\/07\/P-CERTIFICADOSAGRARIOS4.png?resize=300%2C168&amp;ssl=1 300w, https:\/\/i0.wp.com\/politicosaldesnudo.com.mx\/wp-content\/uploads\/2022\/07\/P-CERTIFICADOSAGRARIOS4.png?resize=768%2C430&amp;ssl=1 768w, https:\/\/i0.wp.com\/politicosaldesnudo.com.mx\/wp-content\/uploads\/2022\/07\/P-CERTIFICADOSAGRARIOS4.png?resize=1536%2C859&amp;ssl=1 1536w, https:\/\/i0.wp.com\/politicosaldesnudo.com.mx\/wp-content\/uploads\/2022\/07\/P-CERTIFICADOSAGRARIOS4.png?w=1816&amp;ssl=1 1816w, https:\/\/i0.wp.com\/politicosaldesnudo.com.mx\/wp-content\/uploads\/2022\/07\/P-CERTIFICADOSAGRARIOS4.png?w=1600&amp;ssl=1 1600w\" sizes=\"auto, (max-width: 800px) 100vw, 800px\" \/><\/p>\n<p>&nbsp;<\/p>\n<p class=\"p1\"><span style=\"font-size: 18pt;\"><strong>El alcalde Jos\u00e9 Manuel Pozos Castro se\u00f1al\u00f3 en su mensaje que la entrega de estos documentos es un verdadero acto de justicia social para los campesinos del Norte de Veracruz porque, despu\u00e9s de a\u00f1os de espera, regresar\u00e1n a casa con sus Certificados Agrarios.<\/strong><\/span><\/p>\n<blockquote>\n<p class=\"p1\"><span style=\"font-size: 14pt;\">Para quienes han dedicado su vida cultivando sus parcelas y tierras de uso com\u00fan, un certificado parcelario representa la certeza jur\u00eddica que da claridad al futuro de sus familias\u201d<\/span><\/p>\n<\/blockquote>\n<p class=\"p1\"><span style=\"font-size: 14pt;\">Destac\u00f3 que, de esto se trata la gran transformaci\u00f3n del campo mexicano que impulsan el presidente de la Rep\u00fablica Andr\u00e9s Manuel L\u00f3pez Obrador y en Veracruz el amigo de los campesinos, el gobernador Cuitl\u00e1huac Garc\u00eda Jim\u00e9nez.<\/span><\/p>\n<blockquote>\n<p class=\"p1\"><span style=\"font-size: 14pt;\">Aqu\u00ed se est\u00e1n cumpliendo las instrucciones de nuestro presidente L\u00f3pez Obrador, de entregar apoyos y beneficios de manera directa y sin intermediarios, se acab\u00f3 la etapa de intermediarios que a todos nos ha costado mucho\u201d<\/span><\/p>\n<\/blockquote>\n<p class=\"p1\"><span style=\"font-size: 14pt;\">Recalc\u00f3 que la certificaci\u00f3n sobre las tierras es un reconocimiento a los ejidatarios, comuneros y peque\u00f1os productores, porque son quienes producen los alimentos que necesita el pa\u00eds.<\/span><\/p>\n<p><img data-recalc-dims=\"1\" loading=\"lazy\" decoding=\"async\" class=\"aligncenter wp-image-7552 size-large\" src=\"https:\/\/i0.wp.com\/politicosaldesnudo.com.mx\/wp-content\/uploads\/2022\/07\/P-CERTIFICADOSAGRARIOS2-1024x573.png?resize=800%2C448&#038;ssl=1\" alt=\"\" width=\"800\" height=\"448\" srcset=\"https:\/\/i0.wp.com\/politicosaldesnudo.com.mx\/wp-content\/uploads\/2022\/07\/P-CERTIFICADOSAGRARIOS2.png?resize=1024%2C573&amp;ssl=1 1024w, https:\/\/i0.wp.com\/politicosaldesnudo.com.mx\/wp-content\/uploads\/2022\/07\/P-CERTIFICADOSAGRARIOS2.png?resize=300%2C168&amp;ssl=1 300w, https:\/\/i0.wp.com\/politicosaldesnudo.com.mx\/wp-content\/uploads\/2022\/07\/P-CERTIFICADOSAGRARIOS2.png?resize=768%2C430&amp;ssl=1 768w, https:\/\/i0.wp.com\/politicosaldesnudo.com.mx\/wp-content\/uploads\/2022\/07\/P-CERTIFICADOSAGRARIOS2.png?resize=1536%2C859&amp;ssl=1 1536w, https:\/\/i0.wp.com\/politicosaldesnudo.com.mx\/wp-content\/uploads\/2022\/07\/P-CERTIFICADOSAGRARIOS2.png?w=1816&amp;ssl=1 1816w, https:\/\/i0.wp.com\/politicosaldesnudo.com.mx\/wp-content\/uploads\/2022\/07\/P-CERTIFICADOSAGRARIOS2.png?w=1600&amp;ssl=1 1600w\" sizes=\"auto, (max-width: 800px) 100vw, 800px\" \/><\/p>\n<p>&nbsp;<\/p>\n<blockquote>\n<p class=\"p1\"><span style=\"font-size: 14pt;\">En Tuxpan, como en todo Veracruz y M\u00e9xico, se est\u00e1n generando condiciones de igualdad para un desarrollo territorial de inclusi\u00f3n y justicia para todos\u201d<\/span><\/p>\n<\/blockquote>\n<p class=\"p1\"><span style=\"font-size: 18pt;\"><strong>Pozos Castro reconoci\u00f3 excelente la labor de la Secretar\u00eda de Desarrollo Agrario, Territorial y Urbano (Sedatu), al Registro Agrario Nacional (RAN), a las Procuradur\u00edas Agrarias y los a Tribunales Unitarios Agrarios, por servir y atender a los campesinos.<\/strong><\/span><\/p>\n<p class=\"p1\"><span style=\"font-size: 14pt;\">Por su parte, el Ing. Vinicio Zamudio Figueroa explic\u00f3 en qu\u00e9 consisten las funciones de la Procuradur\u00eda Agraria, as\u00ed como la importancia de generar estos certificados agrarios ya que, a trav\u00e9s de ellos, la naci\u00f3n entrega certeza jur\u00eddica.<\/span><\/p>\n<p class=\"p1\"><span style=\"font-size: 14pt;\">El Ing. Javier Sandoval Garc\u00eda agradeci\u00f3 al gobierno de Tuxpan por el apoyo y respaldo para que el evento pudiera llevarse a cabo en este municipio, y se\u00f1al\u00f3 que se entregar\u00edan 1066 Certificados Agrarios.<span class=\"Apple-converted-space\">\u00a0<\/span><\/span><\/p>\n<p class=\"p1\"><span style=\"font-size: 14pt;\">Asimismo, hizo hincapi\u00e9 en que esta certificaci\u00f3n es totalmente gratuita, de la misma manera que resto de los tr\u00e1mites que realiza el personal del gobierno federal, estatal y municipal.<\/span><\/p>\n<p class=\"p1\"><span style=\"font-size: 18pt;\"><strong>Visiblemente emocionada, la Lic. Mar\u00eda de los \u00c1ngeles Le\u00f3n Maldonado, Magistrada del Tribunal Unitario Agrario Distrito 32 de Tuxpan, dijo que no hab\u00eda mejor manera de festejar los 30 a\u00f1os de los Tribunales Agrarios y agradeci\u00f3 a las autoridades municipales, pero principalmente a la gente del campo.<\/strong><\/span><\/p>\n<p>&nbsp;<\/p>\n<p><img data-recalc-dims=\"1\" loading=\"lazy\" decoding=\"async\" class=\"aligncenter wp-image-7553 size-large\" src=\"https:\/\/i0.wp.com\/politicosaldesnudo.com.mx\/wp-content\/uploads\/2022\/07\/P-CERTIFICADOSAGRARIOS3-1024x573.png?resize=800%2C448&#038;ssl=1\" alt=\"\" width=\"800\" height=\"448\" srcset=\"https:\/\/i0.wp.com\/politicosaldesnudo.com.mx\/wp-content\/uploads\/2022\/07\/P-CERTIFICADOSAGRARIOS3.png?resize=1024%2C573&amp;ssl=1 1024w, https:\/\/i0.wp.com\/politicosaldesnudo.com.mx\/wp-content\/uploads\/2022\/07\/P-CERTIFICADOSAGRARIOS3.png?resize=300%2C168&amp;ssl=1 300w, https:\/\/i0.wp.com\/politicosaldesnudo.com.mx\/wp-content\/uploads\/2022\/07\/P-CERTIFICADOSAGRARIOS3.png?resize=768%2C430&amp;ssl=1 768w, https:\/\/i0.wp.com\/politicosaldesnudo.com.mx\/wp-content\/uploads\/2022\/07\/P-CERTIFICADOSAGRARIOS3.png?resize=1536%2C859&amp;ssl=1 1536w, https:\/\/i0.wp.com\/politicosaldesnudo.com.mx\/wp-content\/uploads\/2022\/07\/P-CERTIFICADOSAGRARIOS3.png?w=1816&amp;ssl=1 1816w, https:\/\/i0.wp.com\/politicosaldesnudo.com.mx\/wp-content\/uploads\/2022\/07\/P-CERTIFICADOSAGRARIOS3.png?w=1600&amp;ssl=1 1600w\" sizes=\"auto, (max-width: 800px) 100vw, 800px\" \/><\/p>\n<p>&nbsp;<\/p>\n<blockquote>\n<p class=\"p1\"><span style=\"font-size: 14pt;\">Estamos dando buenas cuentas, gracias a todos ustedes por estar aqu\u00ed, porque si no estuvieran presentes no sirve de nada nuestro trabajo, gracias\u201d<\/span><\/p>\n<\/blockquote>\n<p class=\"p1\"><span style=\"font-size: 14pt;\">En esta entrega tambi\u00e9n estuvieron presentes al General de Brigada Diplomado de Estado Mayor Gaudencio Garc\u00eda Rodr\u00edguez, comandante de la 19 Zona Militar; el Contralmirante Cuerpo General Diplomado de Estado Mayor Juan Carlos Vera Salinas, comandante del Sector Naval en Tuxpan; as\u00ed como alcaldes, alcaldesas, regidoras y regidores de otros municipios.<\/span><\/p>\n<p>&nbsp;<\/p>\n<p>&nbsp;<\/p>\n<p>&nbsp;<\/p>\n<p>&nbsp;<\/p>\n","protected":false},"excerpt":{"rendered":"<p>&nbsp; &lt;&lt; Se cumplieron las instrucciones del presidente Andr\u00e9s Manuel L\u00f3pez Obrador\u00a0 y del Gobernador Cuitl\u00e1huac Garc\u00eda&gt;&gt; &nbsp; TUXPAN, Ver.\u00a0<\/p>\n","protected":false},"author":4,"featured_media":7551,"comment_status":"closed","ping_status":"closed","sticky":false,"template":"","format":"standard","meta":{"colormag_page_container_layout":"default_layout","colormag_page_sidebar_layout":"default_layout","_jetpack_memberships_contains_paid_content":false,"footnotes":"","jetpack_publicize_message":"","jetpack_publicize_feature_enabled":true,"jetpack_social_post_already_shared":false,"jetpack_social_options":{"image_generator_settings":{"template":"highway","default_image_id":0,"font":"","enabled":false},"version":2}},"categories":[1082],"tags":[1109,308,70,100],"class_list":["post-7550","post","type-post","status-publish","format-standard","has-post-thumbnail","hentry","category-tuxpan","tag-campesinos","tag-jose-manuel-pozos-castro","tag-tuxpan","tag-veracruz"],"jetpack_publicize_connections":[],"jetpack_featured_media_url":"https:\/\/i0.wp.com\/politicosaldesnudo.com.mx\/wp-content\/uploads\/2022\/07\/P-CERTIFICADOSAGRARIOS1.png?fit=1816%2C1016&ssl=1","jetpack-related-posts":[],"jetpack_sharing_enabled":true,"_links":{"self":[{"href":"https:\/\/politicosaldesnudo.com.mx\/index.php\/wp-json\/wp\/v2\/posts\/7550","targetHints":{"allow":["GET"]}}],"collection":[{"href":"https:\/\/politicosaldesnudo.com.mx\/index.php\/wp-json\/wp\/v2\/posts"}],"about":[{"href":"https:\/\/politicosaldesnudo.com.mx\/index.php\/wp-json\/wp\/v2\/types\/post"}],"author":[{"embeddable":true,"href":"https:\/\/politicosaldesnudo.com.mx\/index.php\/wp-json\/wp\/v2\/users\/4"}],"replies":[{"embeddable":true,"href":"https:\/\/politicosaldesnudo.com.mx\/index.php\/wp-json\/wp\/v2\/comments?post=7550"}],"version-history":[{"count":0,"href":"https:\/\/politicosaldesnudo.com.mx\/index.php\/wp-json\/wp\/v2\/posts\/7550\/revisions"}],"wp:featuredmedia":[{"embeddable":true,"href":"https:\/\/politicosaldesnudo.com.mx\/index.php\/wp-json\/wp\/v2\/media\/7551"}],"wp:attachment":[{"href":"https:\/\/politicosaldesnudo.com.mx\/index.php\/wp-json\/wp\/v2\/media?parent=7550"}],"wp:term":[{"taxonomy":"category","embeddable":true,"href":"https:\/\/politicosaldesnudo.com.mx\/index.php\/wp-json\/wp\/v2\/categories?post=7550"},{"taxonomy":"post_tag","embeddable":true,"href":"https:\/\/politicosaldesnudo.com.mx\/index.php\/wp-json\/wp\/v2\/tags?post=7550"}],"curies":[{"name":"wp","href":"https:\/\/api.w.org\/{rel}","templated":true}]}}