{"id":75534,"date":"2025-11-26T00:01:45","date_gmt":"2025-11-26T06:01:45","guid":{"rendered":"https:\/\/politicosaldesnudo.com.mx\/?p=75534"},"modified":"2025-11-25T21:57:25","modified_gmt":"2025-11-26T03:57:25","slug":"continua-la-entrega-de-apoyos-por-parte-de-adav-a-c","status":"publish","type":"post","link":"https:\/\/politicosaldesnudo.com.mx\/index.php\/2025\/11\/26\/continua-la-entrega-de-apoyos-por-parte-de-adav-a-c\/","title":{"rendered":"Contin\u00faa la entrega de apoyos por parte de ADAV A.C."},"content":{"rendered":"<p>La primera jornada de entrega del programa social Leche para el Bienestar result\u00f3 ser un gran \u00e9xito en en este municipio, superando las expectativas iniciales y llevando este apoyo nutricional a un significativo n\u00famero de beneficiarios.<br \/>\nLa informaci\u00f3n fue confirmada por el Coordinador Regional, Pedro Bautista Barrales, quien destac\u00f3 la eficiente organizaci\u00f3n y la positiva respuesta de la comunidad en esta primera fase. La distribuci\u00f3n se llev\u00f3 a cabo a trav\u00e9s de la organizaci\u00f3n ADAV A.C. Veracruz, pieza clave en la log\u00edstica para garantizar que el producto llegara a las manos de quienes m\u00e1s lo necesitan.<br \/>\n\u00abHa sido un gran \u00e9xito la primer entrega de leche para el bienestar a trav\u00e9s de ADAV A.C. Veracruz, este programa es un compromiso firme con la nutrici\u00f3n y el bienestar de las familias veracruzanas, y ver la alegr\u00eda de la gente es la mayor recompensa\u00bb coment\u00f3.<\/p>\n<p>El programa tiene como objetivo principal combatir la carencia alimentaria, proporcionando leche de alta calidad como un complemento esencial en la dieta diaria de sectores vulnerables de la poblaci\u00f3n.<br \/>\nSe espera que tras este positivo arranque, las entregas se realicen de manera peri\u00f3dica, ampliando la cobertura y el n\u00famero de comunidades atendidas en la regi\u00f3n. ADAV A.C. y la coordinaci\u00f3n regional se preparan ya para la siguiente jornada, fortaleciendo la infraestructura para mantener el alto est\u00e1ndar de eficiencia logrado en esta primera entrega.<br \/>\nAsimismo asegur\u00f3 que seguir\u00e1n fortaleciendo sus apoyos y programas para seguir beneficiando a m\u00e1s familias, con entregas como huevo, pescado, pollo y ahora leche.<\/p>\n","protected":false},"excerpt":{"rendered":"<p>La primera jornada de entrega del programa social Leche para el Bienestar result\u00f3 ser un gran \u00e9xito en en este<\/p>\n","protected":false},"author":4,"featured_media":75535,"comment_status":"closed","ping_status":"closed","sticky":false,"template":"","format":"standard","meta":{"colormag_page_container_layout":"default_layout","colormag_page_sidebar_layout":"default_layout","_jetpack_memberships_contains_paid_content":false,"footnotes":"","jetpack_publicize_message":"","jetpack_publicize_feature_enabled":true,"jetpack_social_post_already_shared":true,"jetpack_social_options":{"image_generator_settings":{"template":"highway","default_image_id":0,"font":"","enabled":false},"version":2}},"categories":[1082],"tags":[],"class_list":["post-75534","post","type-post","status-publish","format-standard","has-post-thumbnail","hentry","category-tuxpan"],"jetpack_publicize_connections":[],"jetpack_featured_media_url":"https:\/\/i0.wp.com\/politicosaldesnudo.com.mx\/wp-content\/uploads\/2025\/11\/WhatsApp-Image-2025-11-25-at-16.36.26-1.jpg?fit=1600%2C725&ssl=1","jetpack-related-posts":[],"jetpack_sharing_enabled":true,"_links":{"self":[{"href":"https:\/\/politicosaldesnudo.com.mx\/index.php\/wp-json\/wp\/v2\/posts\/75534","targetHints":{"allow":["GET"]}}],"collection":[{"href":"https:\/\/politicosaldesnudo.com.mx\/index.php\/wp-json\/wp\/v2\/posts"}],"about":[{"href":"https:\/\/politicosaldesnudo.com.mx\/index.php\/wp-json\/wp\/v2\/types\/post"}],"author":[{"embeddable":true,"href":"https:\/\/politicosaldesnudo.com.mx\/index.php\/wp-json\/wp\/v2\/users\/4"}],"replies":[{"embeddable":true,"href":"https:\/\/politicosaldesnudo.com.mx\/index.php\/wp-json\/wp\/v2\/comments?post=75534"}],"version-history":[{"count":0,"href":"https:\/\/politicosaldesnudo.com.mx\/index.php\/wp-json\/wp\/v2\/posts\/75534\/revisions"}],"wp:featuredmedia":[{"embeddable":true,"href":"https:\/\/politicosaldesnudo.com.mx\/index.php\/wp-json\/wp\/v2\/media\/75535"}],"wp:attachment":[{"href":"https:\/\/politicosaldesnudo.com.mx\/index.php\/wp-json\/wp\/v2\/media?parent=75534"}],"wp:term":[{"taxonomy":"category","embeddable":true,"href":"https:\/\/politicosaldesnudo.com.mx\/index.php\/wp-json\/wp\/v2\/categories?post=75534"},{"taxonomy":"post_tag","embeddable":true,"href":"https:\/\/politicosaldesnudo.com.mx\/index.php\/wp-json\/wp\/v2\/tags?post=75534"}],"curies":[{"name":"wp","href":"https:\/\/api.w.org\/{rel}","templated":true}]}}