{"id":75537,"date":"2025-11-26T00:02:55","date_gmt":"2025-11-26T06:02:55","guid":{"rendered":"https:\/\/politicosaldesnudo.com.mx\/?p=75537"},"modified":"2025-11-25T21:58:23","modified_gmt":"2025-11-26T03:58:23","slug":"listos-los-nuevos-regidores-para-asumir-el-cargo-en-tuxpan","status":"publish","type":"post","link":"https:\/\/politicosaldesnudo.com.mx\/index.php\/2025\/11\/26\/listos-los-nuevos-regidores-para-asumir-el-cargo-en-tuxpan\/","title":{"rendered":"Listos los Nuevos Regidores para asumir el cargo en Tuxpan"},"content":{"rendered":"<p>Los reci\u00e9n electos regidores del Ayuntamiento de Tuxpan se declaran listos y llenos de entusiasmo para asumir su nueva responsabilidad, marcando el inicio de la pr\u00f3xima administraci\u00f3n municipal.<br \/>\nLos ediles manifestaron su compromiso inquebrantable de seguir trabajando por la \u00abTransformaci\u00f3n de Tuxpan\u00bb, asegurando que pondr\u00e1n todo su esfuerzo y dedicaci\u00f3n al servicio de la ciudadan\u00eda desde los primeros minutos del 1 de enero de 2026.<br \/>\nLa expectativa de los regidores electos es alta, pues buscan que la gesti\u00f3n que encabezar\u00e1 el actual diputado Daniel Cortina Mart\u00ednez sea recordada como la mejor de los \u00faltimos a\u00f1os en el municipio. Con un enfoque en el progreso y la atenci\u00f3n social, el cuerpo edilicio se prepara para colaborar estrechamente con el alcalde electo, con la firme convicci\u00f3n de impulsar un cambio significativo y palpable en la vida de los tuxpe\u00f1os.<br \/>\nEn este contexto, el regidor electo Ren\u00e9 Cruz Cort\u00e9s comparti\u00f3 su optimismo y compromiso. Se\u00f1al\u00f3 que tanto \u00e9l como sus compa\u00f1eros se encuentran \u00abentusiastas y comprometidos\u00bb con el arduo trabajo que les espera. Destacando su trayectoria de servicio social, Cruz Cort\u00e9s asegur\u00f3 que el equipo estar\u00e1 laborando intensamente de la mano con el alcalde Daniel Cortina para brindar el apoyo necesario y responder a las demandas de la comunidad.<br \/>\nCon la mira puesta en el a\u00f1o nuevo, los nuevos regidores de Tuxpan reafirman su disposici\u00f3n a enfocar su labor en el servicio y la transformaci\u00f3n municipal. Su meta es consolidar un gobierno local que se distinga por su eficiencia y su cercan\u00eda con la gente, haciendo de la administraci\u00f3n de Daniel Cortina Mart\u00ednez un referente de \u00e9xito y bienestar para todos los habitantes de la ciudad.<\/p>\n","protected":false},"excerpt":{"rendered":"<p>Los reci\u00e9n electos regidores del Ayuntamiento de Tuxpan se declaran listos y llenos de entusiasmo para asumir su nueva responsabilidad,<\/p>\n","protected":false},"author":4,"featured_media":75538,"comment_status":"closed","ping_status":"closed","sticky":false,"template":"","format":"standard","meta":{"colormag_page_container_layout":"default_layout","colormag_page_sidebar_layout":"default_layout","_jetpack_memberships_contains_paid_content":false,"footnotes":"","jetpack_publicize_message":"","jetpack_publicize_feature_enabled":true,"jetpack_social_post_already_shared":true,"jetpack_social_options":{"image_generator_settings":{"template":"highway","default_image_id":0,"font":"","enabled":false},"version":2}},"categories":[1082],"tags":[],"class_list":["post-75537","post","type-post","status-publish","format-standard","has-post-thumbnail","hentry","category-tuxpan"],"jetpack_publicize_connections":[],"jetpack_featured_media_url":"https:\/\/i0.wp.com\/politicosaldesnudo.com.mx\/wp-content\/uploads\/2025\/11\/WhatsApp-Image-2025-11-25-at-16.36.25.jpg?fit=940%2C788&ssl=1","jetpack-related-posts":[],"jetpack_sharing_enabled":true,"_links":{"self":[{"href":"https:\/\/politicosaldesnudo.com.mx\/index.php\/wp-json\/wp\/v2\/posts\/75537","targetHints":{"allow":["GET"]}}],"collection":[{"href":"https:\/\/politicosaldesnudo.com.mx\/index.php\/wp-json\/wp\/v2\/posts"}],"about":[{"href":"https:\/\/politicosaldesnudo.com.mx\/index.php\/wp-json\/wp\/v2\/types\/post"}],"author":[{"embeddable":true,"href":"https:\/\/politicosaldesnudo.com.mx\/index.php\/wp-json\/wp\/v2\/users\/4"}],"replies":[{"embeddable":true,"href":"https:\/\/politicosaldesnudo.com.mx\/index.php\/wp-json\/wp\/v2\/comments?post=75537"}],"version-history":[{"count":0,"href":"https:\/\/politicosaldesnudo.com.mx\/index.php\/wp-json\/wp\/v2\/posts\/75537\/revisions"}],"wp:featuredmedia":[{"embeddable":true,"href":"https:\/\/politicosaldesnudo.com.mx\/index.php\/wp-json\/wp\/v2\/media\/75538"}],"wp:attachment":[{"href":"https:\/\/politicosaldesnudo.com.mx\/index.php\/wp-json\/wp\/v2\/media?parent=75537"}],"wp:term":[{"taxonomy":"category","embeddable":true,"href":"https:\/\/politicosaldesnudo.com.mx\/index.php\/wp-json\/wp\/v2\/categories?post=75537"},{"taxonomy":"post_tag","embeddable":true,"href":"https:\/\/politicosaldesnudo.com.mx\/index.php\/wp-json\/wp\/v2\/tags?post=75537"}],"curies":[{"name":"wp","href":"https:\/\/api.w.org\/{rel}","templated":true}]}}