{"id":75540,"date":"2025-11-26T00:03:45","date_gmt":"2025-11-26T06:03:45","guid":{"rendered":"https:\/\/politicosaldesnudo.com.mx\/?p=75540"},"modified":"2025-11-25T21:59:15","modified_gmt":"2025-11-26T03:59:15","slug":"restablecen-las-rutas-de-limpia-publica","status":"publish","type":"post","link":"https:\/\/politicosaldesnudo.com.mx\/index.php\/2025\/11\/26\/restablecen-las-rutas-de-limpia-publica\/","title":{"rendered":"Restablecen las rutas de Limpia P\u00fablica"},"content":{"rendered":"<p>El parque vehicular de Limpia P\u00fablica que estaba fuera de operaci\u00f3n se reincorpor\u00f3 al servicio desde esta semana, por lo que ya se est\u00e1n atendiendo las rutas prestablecidas y en un lapso de 48 a 72 horas la recolecci\u00f3n se habr\u00e1 de normalizar.<br \/>\nEl presidente municipal, Jes\u00fas Fomperoza Torres orden\u00f3 a la Direcci\u00f3n de Limpia P\u00fablica dar celeridad al servicio, para que en el menor tiempo posible quede regularizada la cobertura en zona urbana y suburbana.<br \/>\nDesde la madrugada de este lunes la flotilla completa de camiones compactadores fue desplegada en diferentes colonias para las tareas de recolecci\u00f3n. Asimismo, los traslados al centro de confinamiento fueron incesantes.<br \/>\nEste mi\u00e9rcoles se continuar\u00e1 trabajando con el mismo ritmo para atender con prontitud las colonias que quedaron pendientes este lunes.<br \/>\nUna vez que se logre la cobertura total, las rutas quedar\u00e1n como previamente ven\u00edan operando.<br \/>\nEn forma paralela se continuar\u00e1 trabajando con personal, camiones y maquinaria de Obras P\u00fablicas en la recolecci\u00f3n de residuos s\u00f3lidos dom\u00e9sticos, en zonas afectadas por la inundaci\u00f3n.<\/p>\n","protected":false},"excerpt":{"rendered":"<p>El parque vehicular de Limpia P\u00fablica que estaba fuera de operaci\u00f3n se reincorpor\u00f3 al servicio desde esta semana, por lo<\/p>\n","protected":false},"author":4,"featured_media":75541,"comment_status":"closed","ping_status":"closed","sticky":false,"template":"","format":"standard","meta":{"colormag_page_container_layout":"default_layout","colormag_page_sidebar_layout":"default_layout","_jetpack_memberships_contains_paid_content":false,"footnotes":"","jetpack_publicize_message":"","jetpack_publicize_feature_enabled":true,"jetpack_social_post_already_shared":true,"jetpack_social_options":{"image_generator_settings":{"template":"highway","default_image_id":0,"font":"","enabled":false},"version":2}},"categories":[1082],"tags":[],"class_list":["post-75540","post","type-post","status-publish","format-standard","has-post-thumbnail","hentry","category-tuxpan"],"jetpack_publicize_connections":[],"jetpack_featured_media_url":"https:\/\/i0.wp.com\/politicosaldesnudo.com.mx\/wp-content\/uploads\/2025\/11\/WhatsApp-Image-2025-11-25-at-16.36.27-2.jpg?fit=1280%2C720&ssl=1","jetpack-related-posts":[],"jetpack_sharing_enabled":true,"_links":{"self":[{"href":"https:\/\/politicosaldesnudo.com.mx\/index.php\/wp-json\/wp\/v2\/posts\/75540","targetHints":{"allow":["GET"]}}],"collection":[{"href":"https:\/\/politicosaldesnudo.com.mx\/index.php\/wp-json\/wp\/v2\/posts"}],"about":[{"href":"https:\/\/politicosaldesnudo.com.mx\/index.php\/wp-json\/wp\/v2\/types\/post"}],"author":[{"embeddable":true,"href":"https:\/\/politicosaldesnudo.com.mx\/index.php\/wp-json\/wp\/v2\/users\/4"}],"replies":[{"embeddable":true,"href":"https:\/\/politicosaldesnudo.com.mx\/index.php\/wp-json\/wp\/v2\/comments?post=75540"}],"version-history":[{"count":0,"href":"https:\/\/politicosaldesnudo.com.mx\/index.php\/wp-json\/wp\/v2\/posts\/75540\/revisions"}],"wp:featuredmedia":[{"embeddable":true,"href":"https:\/\/politicosaldesnudo.com.mx\/index.php\/wp-json\/wp\/v2\/media\/75541"}],"wp:attachment":[{"href":"https:\/\/politicosaldesnudo.com.mx\/index.php\/wp-json\/wp\/v2\/media?parent=75540"}],"wp:term":[{"taxonomy":"category","embeddable":true,"href":"https:\/\/politicosaldesnudo.com.mx\/index.php\/wp-json\/wp\/v2\/categories?post=75540"},{"taxonomy":"post_tag","embeddable":true,"href":"https:\/\/politicosaldesnudo.com.mx\/index.php\/wp-json\/wp\/v2\/tags?post=75540"}],"curies":[{"name":"wp","href":"https:\/\/api.w.org\/{rel}","templated":true}]}}