{"id":75546,"date":"2025-11-26T00:05:08","date_gmt":"2025-11-26T06:05:08","guid":{"rendered":"https:\/\/politicosaldesnudo.com.mx\/?p=75546"},"modified":"2025-11-25T22:16:25","modified_gmt":"2025-11-26T04:16:25","slug":"transportistas-y-agricultores-reanudan-dialogo-con-autoridades-en-gobernacion","status":"publish","type":"post","link":"https:\/\/politicosaldesnudo.com.mx\/index.php\/2025\/11\/26\/transportistas-y-agricultores-reanudan-dialogo-con-autoridades-en-gobernacion\/","title":{"rendered":"Transportistas y agricultores reanudan di\u00e1logo con autoridades en Gobernaci\u00f3n"},"content":{"rendered":"<p class=\"nota-justify\">Un par de horas despu\u00e9s de que los representantes de la Asociaci\u00f3n Nacional de Transportistas (Antac) y del Frente Nacional para el Rescate del Campo Mexicano (Fnrcm), dejaron el di\u00e1logo con autoridades federales que sosten\u00edan en la Secretar\u00eda de Gobernaci\u00f3n (SG), sin llegar a acuerdos, regresaron a la dependencia poco antes de las 9 de la noche, dijeron, esperanzados de que sean recibidos con \u201c\u00e1nimos diferentes\u201d y reiniciaron las conversaciones.<\/p>\n<p class=\"nota-justify\">Por la tarde acudieron a una mesa de trabajo que se prolong\u00f3 por m\u00e1s de cuatro horas, luego de que ambas agrupaciones iniciaron bloqueos en carreteras, casetas y una aduana fronteriza desde el lunes, en protesta por la inseguridad en las carreteras, mejores precios para los productos del campo, as\u00ed como ajustes a la Ley de Aguas que analizar\u00e1 en el Congreso de la Uni\u00f3n. No obstante, despu\u00e9s de las 6 de la tarde salieron de la sede la SG.<\/p>\n<p class=\"nota-justify\">Explicaron que las autoridades, encabezados por el subsecretario de Gobernaci\u00f3n, C\u00e9sar Y\u00e1\u00f1ez, y el Secretario de Agricultura y Desarrollo Rural, Julio Berdegu\u00e9 Sacrist\u00e1n, les pidieron concluir los bloqueos para continuar con las conversaciones, ante lo cual, exigieron a cambio una serie de compromisos. Sin acuerdos ante ello, concluy\u00f3.<\/p>\n<p class=\"nota-justify\">A su regreso por la noche a la SG, David Estevez Gamboa, l\u00edder de la Antac, indic\u00f3: \u201cEstamos ya preparando el cierre de la Ciudad de M\u00e9xico en todas sus entradas, yo creo que va a haber soluci\u00f3n ahorita. Creo que nos van a recibir y con un \u00e1nimo diferente. (Ser\u00eda) Hoy, ya dos o tres horas m\u00e1ximo estaremos convocando ahorita, en todas las entradas de la Ciudad pero espero que haya un di\u00e1logo respetuoso, serio\u201d.<\/p>\n<p class=\"nota-justify\">Sostuvo que \u201cen dos o tres horas nos organizamos, pero yo espero que no suceda. De verdad espero que no suceda porque la idea es que haya soluci\u00f3n a las demandas que son justas\u201d.<\/p>\n<p class=\"nota-justify\">Por separado, el Subsecretario Y\u00e1\u00f1ez explic\u00f3 que, debido a que se retiraron por la tarde ambas agrupaciones, no pudieron escuchar las propuestas que ten\u00edan a su demandas. Entre ellas, el Secretario de Agricultura dijo que desde este mi\u00e9rcoles buscar\u00e1n atender a los productores directamente en cada una de las entidades. Y\u00e1\u00f1ez detall\u00f3 que hoy se registraron 31 bloqueos en al menos once estados.<\/p>\n<p class=\"nota-justify\">En tanto, por medio de un comunicado, emitido antes del regreso de los l\u00edderes de ambas agrupaciones, la SG reiter\u00f3 su exhorto a productores agr\u00edcolas y transportistas \u201ca sentarse a dialogar en una mesa de trabajo para lograr acuerdos y evitar afectaciones a la poblaci\u00f3n\u201d.<\/p>\n<p class=\"nota-justify\">Expuso que \u201cel cierre de vialidades impide el ejercicio del derecho al libre tr\u00e1nsito de la ciudadan\u00eda y afecta gravemente el paso de servicios y productos necesarios para la vida y econom\u00eda de las comunidades. La autoridad reconoce la obligaci\u00f3n que tiene de atender a toda la poblaci\u00f3n, escuchar sus demandas y buscar alternativas de soluci\u00f3n; pero tambi\u00e9n tiene claro que quienes se manifiestan deben actuar con responsabilidad y evitar da\u00f1ar la vida y actividades de la ciudadan\u00eda\u201d.<\/p>\n<p class=\"nota-justify\">La afectaci\u00f3n a terceros, dijo la SG, no es la v\u00eda para lograr una soluci\u00f3n. A la par, indic\u00f3 que la Comisi\u00f3n Nacional del Agua (Conagua) los llam\u00f3 a asistir a la mesa de trabajo en la C\u00e1mara de Diputados, donde se discute la Ley General de Aguas.<\/p>\n","protected":false},"excerpt":{"rendered":"<p>Un par de horas despu\u00e9s de que los representantes de la Asociaci\u00f3n Nacional de Transportistas (Antac) y del Frente Nacional<\/p>\n","protected":false},"author":4,"featured_media":75547,"comment_status":"closed","ping_status":"closed","sticky":false,"template":"","format":"standard","meta":{"colormag_page_container_layout":"default_layout","colormag_page_sidebar_layout":"default_layout","_jetpack_memberships_contains_paid_content":false,"footnotes":"","jetpack_publicize_message":"","jetpack_publicize_feature_enabled":true,"jetpack_social_post_already_shared":true,"jetpack_social_options":{"image_generator_settings":{"template":"highway","default_image_id":0,"font":"","enabled":false},"version":2}},"categories":[33],"tags":[],"class_list":["post-75546","post","type-post","status-publish","format-standard","has-post-thumbnail","hentry","category-nacional"],"jetpack_publicize_connections":[],"jetpack_featured_media_url":"https:\/\/i0.wp.com\/politicosaldesnudo.com.mx\/wp-content\/uploads\/2025\/11\/AGRI-1.jpg?fit=1200%2C675&ssl=1","jetpack-related-posts":[],"jetpack_sharing_enabled":true,"_links":{"self":[{"href":"https:\/\/politicosaldesnudo.com.mx\/index.php\/wp-json\/wp\/v2\/posts\/75546","targetHints":{"allow":["GET"]}}],"collection":[{"href":"https:\/\/politicosaldesnudo.com.mx\/index.php\/wp-json\/wp\/v2\/posts"}],"about":[{"href":"https:\/\/politicosaldesnudo.com.mx\/index.php\/wp-json\/wp\/v2\/types\/post"}],"author":[{"embeddable":true,"href":"https:\/\/politicosaldesnudo.com.mx\/index.php\/wp-json\/wp\/v2\/users\/4"}],"replies":[{"embeddable":true,"href":"https:\/\/politicosaldesnudo.com.mx\/index.php\/wp-json\/wp\/v2\/comments?post=75546"}],"version-history":[{"count":0,"href":"https:\/\/politicosaldesnudo.com.mx\/index.php\/wp-json\/wp\/v2\/posts\/75546\/revisions"}],"wp:featuredmedia":[{"embeddable":true,"href":"https:\/\/politicosaldesnudo.com.mx\/index.php\/wp-json\/wp\/v2\/media\/75547"}],"wp:attachment":[{"href":"https:\/\/politicosaldesnudo.com.mx\/index.php\/wp-json\/wp\/v2\/media?parent=75546"}],"wp:term":[{"taxonomy":"category","embeddable":true,"href":"https:\/\/politicosaldesnudo.com.mx\/index.php\/wp-json\/wp\/v2\/categories?post=75546"},{"taxonomy":"post_tag","embeddable":true,"href":"https:\/\/politicosaldesnudo.com.mx\/index.php\/wp-json\/wp\/v2\/tags?post=75546"}],"curies":[{"name":"wp","href":"https:\/\/api.w.org\/{rel}","templated":true}]}}