{"id":75570,"date":"2025-11-26T00:13:02","date_gmt":"2025-11-26T06:13:02","guid":{"rendered":"https:\/\/politicosaldesnudo.com.mx\/?p=75570"},"modified":"2025-11-25T22:37:15","modified_gmt":"2025-11-26T04:37:15","slug":"denuncian-presunta-malversacion-de-165-mdp-de-secretaria-de-desarrollo-rural-en-yucatan","status":"publish","type":"post","link":"https:\/\/politicosaldesnudo.com.mx\/index.php\/2025\/11\/26\/denuncian-presunta-malversacion-de-165-mdp-de-secretaria-de-desarrollo-rural-en-yucatan\/","title":{"rendered":"Denuncian presunta malversaci\u00f3n de 165 mdp de Secretar\u00eda de Desarrollo Rural en Yucat\u00e1n"},"content":{"rendered":"<p>El dirigente de la Uni\u00f3n Ganadera Regional del Oriente de Yucat\u00e1n (Ugroy), Mario L\u00f3pez Meneses, interpuso hoy una denuncia ante el Sistema Estatal Anticorrupci\u00f3n de Yucat\u00e1n por la presunta malversaci\u00f3n de 165 millones de pesos que la Secretar\u00eda de Desarrollo Rural (Seder) destin\u00f3 a dicha organizaci\u00f3n en sexenio del panista Mauricio Vila Dosal.<\/p>\n<p>El actual dirigente de la Ugroy inform\u00f3 de este caso de supuesto manejo irregular de recursos p\u00fablicos durante el periodo 2019\u20132024, ante el Sistema que depende de la Fiscal\u00eda General del Estado (FGE).<\/p>\n<p>\u201cEsta acci\u00f3n se fundamenta en la necesidad urgente de que las instituciones aclaren, con total transparencia y sin demoras, el destino de m\u00e1s de 160 millones de pesos -165- que la Secretar\u00eda de Desarrollo Rural transfiri\u00f3 a dicha organizaci\u00f3n \u2013la Ugroy, que se ubica en el municipio de Tizim\u00edn, al oriente del Estado- mediante diversos programas de apoyo al campo\u201d, se\u00f1al\u00f3 el tambi\u00e9n empresario ganadero.<\/p>\n<p>A\u00f1adi\u00f3 que esta denuncia deriva de informaci\u00f3n documentada proveniente de revisiones t\u00e9cnicas, reportes administrativos y testimonios internos que se\u00f1alan irregularidades de consideraci\u00f3n, este \u00e9stos, posibles desv\u00edos millonarios y uso de recursos p\u00fablicos para fines distintos a los autorizados; proyectos productivos repetidos, con descripciones id\u00e9nticas y sin evidencia material de su ejecuci\u00f3n; listados de beneficiarios con firmas dudosas o sin pruebas que acrediten la entrega de apoyos.<\/p>\n<p>De igual manera, movimientos bancarios internos sin respaldo documental suficiente; microcr\u00e9ditos otorgados sin evidencia de recuperaci\u00f3n, pago o garant\u00edas vigentes y, finalmente, posibles omisiones y fallas de supervisi\u00f3n por parte de funcionarios estatales responsables del seguimiento de los programas.<\/p>\n<p>\u201cUn informe interno reciente ha reconocido varios de estos puntos y, a nuestro entender, confirma la existencia de irregularidades en una fase preliminar de revisi\u00f3n\u201d, destac\u00f3 L\u00f3pez Meneses.<\/p>\n<p>Durante casi seis a\u00f1os, la Ugroy estuvo encabezada por una dirigencia que, en octubre de 2024, dej\u00f3 el cargo en medio de cuestionamientos internos, adeudos millonarios y exigencias p\u00fablicas para transparentar el manejo financiero de la organizaci\u00f3n. Aunque el denunciante no mencion\u00f3 nombres, de 2019 a 2024 la Ugroy fue presidida por el empresario Esteban Abraham Macari, quien fracas\u00f3 en su intento, en las elecciones de junio de 2024, de ser diputado federal por las siglas del PAN.<\/p>\n<p>Seg\u00fan el actual l\u00edder de la Ugroy, el ex dirigente de esta agrupaci\u00f3n ganadera (Abraham Macari) ha negado los se\u00f1alamientos, \u201cpero la investigaci\u00f3n administrativa contin\u00faa abierta y podr\u00eda derivar en responsabilidades penales si los indicios se corroboran\u201d.<\/p>\n<p>L\u00f3pez Meneses manifest\u00f3 que, ante el presunto desv\u00edo de recursos, las autoridades deben aclarar qui\u00e9n autoriz\u00f3 los recursos, c\u00f3mo se ejercieron y en qu\u00e9 se aplicaron los fondos p\u00fablicos entregados a la Ugroy. La Seder, en la gesti\u00f3n del gobernador panista Mauricio Vila, estuvo a cargo de Jorge D\u00edaz,<\/p>\n<p>Demand\u00f3 que las actuales autoridades contin\u00faen la investigaci\u00f3n con independencia, imparcialidad y rigor t\u00e9cnico; transparenten los expedientes y documentos relacionados con el caso; determinen, con base en pruebas, si existi\u00f3 responsabilidad administrativa o penal; y garanticen que este tipo de pr\u00e1cticas no vuelva a repetirse en ninguna organizaci\u00f3n receptora de recursos p\u00fablicos.<\/p>\n","protected":false},"excerpt":{"rendered":"<p>El dirigente de la Uni\u00f3n Ganadera Regional del Oriente de Yucat\u00e1n (Ugroy), Mario L\u00f3pez Meneses, interpuso hoy una denuncia ante<\/p>\n","protected":false},"author":4,"featured_media":75571,"comment_status":"closed","ping_status":"closed","sticky":false,"template":"","format":"standard","meta":{"colormag_page_container_layout":"default_layout","colormag_page_sidebar_layout":"default_layout","_jetpack_memberships_contains_paid_content":false,"footnotes":"","jetpack_publicize_message":"","jetpack_publicize_feature_enabled":true,"jetpack_social_post_already_shared":true,"jetpack_social_options":{"image_generator_settings":{"template":"highway","default_image_id":0,"font":"","enabled":false},"version":2}},"categories":[30],"tags":[],"class_list":["post-75570","post","type-post","status-publish","format-standard","has-post-thumbnail","hentry","category-estados"],"jetpack_publicize_connections":[],"jetpack_featured_media_url":"https:\/\/i0.wp.com\/politicosaldesnudo.com.mx\/wp-content\/uploads\/2025\/11\/YUCTRA.jpg?fit=1200%2C680&ssl=1","jetpack-related-posts":[],"jetpack_sharing_enabled":true,"_links":{"self":[{"href":"https:\/\/politicosaldesnudo.com.mx\/index.php\/wp-json\/wp\/v2\/posts\/75570","targetHints":{"allow":["GET"]}}],"collection":[{"href":"https:\/\/politicosaldesnudo.com.mx\/index.php\/wp-json\/wp\/v2\/posts"}],"about":[{"href":"https:\/\/politicosaldesnudo.com.mx\/index.php\/wp-json\/wp\/v2\/types\/post"}],"author":[{"embeddable":true,"href":"https:\/\/politicosaldesnudo.com.mx\/index.php\/wp-json\/wp\/v2\/users\/4"}],"replies":[{"embeddable":true,"href":"https:\/\/politicosaldesnudo.com.mx\/index.php\/wp-json\/wp\/v2\/comments?post=75570"}],"version-history":[{"count":0,"href":"https:\/\/politicosaldesnudo.com.mx\/index.php\/wp-json\/wp\/v2\/posts\/75570\/revisions"}],"wp:featuredmedia":[{"embeddable":true,"href":"https:\/\/politicosaldesnudo.com.mx\/index.php\/wp-json\/wp\/v2\/media\/75571"}],"wp:attachment":[{"href":"https:\/\/politicosaldesnudo.com.mx\/index.php\/wp-json\/wp\/v2\/media?parent=75570"}],"wp:term":[{"taxonomy":"category","embeddable":true,"href":"https:\/\/politicosaldesnudo.com.mx\/index.php\/wp-json\/wp\/v2\/categories?post=75570"},{"taxonomy":"post_tag","embeddable":true,"href":"https:\/\/politicosaldesnudo.com.mx\/index.php\/wp-json\/wp\/v2\/tags?post=75570"}],"curies":[{"name":"wp","href":"https:\/\/api.w.org\/{rel}","templated":true}]}}