{"id":75606,"date":"2025-11-25T16:11:37","date_gmt":"2025-11-25T22:11:37","guid":{"rendered":"https:\/\/politicosaldesnudo.com.mx\/?p=75606"},"modified":"2025-11-25T23:13:16","modified_gmt":"2025-11-26T05:13:16","slug":"el-patrimonio-que-se-entrega-y-el-que-se-abandona","status":"publish","type":"post","link":"https:\/\/politicosaldesnudo.com.mx\/index.php\/2025\/11\/25\/el-patrimonio-que-se-entrega-y-el-que-se-abandona\/","title":{"rendered":"El patrimonio que se entrega\u2026 y el que se abandona"},"content":{"rendered":"<p>En Veracruz hemos llegado al punto en que la historia ya no se honra:\u00a0<b>se entrega<\/b>, se manipula, se empaca como souvenir pol\u00edtico y se presume en redes sociales como si fuera un trofeo personal. Y mientras tanto, el verdadero recinto que guarda \u2014o que deb\u00eda guardar\u2014 la memoria civil del pa\u00eds,\u00a0<b>se cae a pedazos<\/b>. Literalmente.<\/p>\n<p>Durante d\u00e9cadas, los oficiales mayores del Registro Civil de Veracruz sol\u00edan mostrar, con justificado orgullo, a los visitantes distinguidos al puerto, el libro donde qued\u00f3 asentado el primer registro de nacimiento en M\u00e9xico: el acta de Jer\u00f3nima Ju\u00e1rez, hija del presidente Benito Ju\u00e1rez. No era un gesto banal. Ese documento simboliza el nacimiento de la institucionalidad civil en la Rep\u00fablica, uno de los pilares de las Leyes de Reforma que el propio Ju\u00e1rez promulg\u00f3 durante su estancia en el puerto.<\/p>\n<p>Ese libro \u2014el primero, el fundacional, el que debiera resguardarse bajo estrictas medidas t\u00e9cnicas y legales de seguridad\u2014\u00a0<b>no es propiedad emocional de nadie<\/b>, sino patrimonio hist\u00f3rico de todos. Es un bien documental del Estado mexicano. Su administraci\u00f3n no admite ocurrencias, caprichos ni gestos de gratitud pol\u00edtica.<\/p>\n<p>Por eso resulta inadmisible, por decir lo menos, que la gobernadora Roc\u00edo Nahle haya decidido\u00a0<b>regalar<\/b>\u00a0ese acervo a la presidenta Claudia Sheinbaum como si se tratara de una artesan\u00eda local. M\u00e1s grave a\u00fan: que lo haya hecho en un evento p\u00fablico, posando con orgullo ante la c\u00e1mara, como si la imagen de la entrega fuese un gran logro de gesti\u00f3n y no una\u00a0<b>flagrante violaci\u00f3n al deber de custodia del patrimonio documental<\/b>.<\/p>\n<p>Mientras tanto, frente al viejo Faro de Reforma \u2014s\u00edmbolo del constitucionalismo liberal y testigo de la firma de las Leyes de Reforma\u2014, el edificio agoniza. Paredes manchadas, techos desprendi\u00e9ndose, documentos deterior\u00e1ndose, instalaciones obsoletas. Un escenario que ofende la memoria de Ju\u00e1rez y ridiculiza el discurso oficial de \u201cpreservaci\u00f3n hist\u00f3rica\u201d. Lo que deber\u00eda ser un santuario c\u00edvico hoy parece m\u00e1s un almac\u00e9n descuidado, de esos que apenas sobreviven sin presupuesto, sin vigilancia y sin voluntad pol\u00edtica.<\/p>\n<p>La iron\u00eda es tan grosera que raya en la burla:\u00a0<b>se inaugura una casa museo \u201cdel Benem\u00e9rito de las Am\u00e9ricas\u201d al mismo tiempo que el inmueble donde se materializ\u00f3 una de sus reformas m\u00e1s trascendentales se encuentra en ruina absoluta<\/b>. Una simulaci\u00f3n de homenaje que, en el fondo, encubre la indiferencia institucional ante lo verdaderamente relevante.<\/p>\n<p>Y por si fuera poco, el Instituto Nacional de Antropolog\u00eda e Historia \u2014ese que antes protestaba por cualquier movimiento indebido de una piedra, un archivo o una r\u00e9plica de museo\u2014 hoy guarda un silencio que solo puede calificarse como c\u00f3mplice. \u201cCalla como momia\u201d, dir\u00edan algunos. Y cuando las instituciones que deber\u00edan proteger el patrimonio hist\u00f3rico deciden mirar hacia otro lado, la historia deja de pertenecer a la naci\u00f3n y comienza a ser bot\u00edn del poder.<\/p>\n<p>Lo ocurrido no es un mero error administrativo; es un mensaje pol\u00edtico:\u00a0<b>la historia puede usarse, regalarse y presumirse<\/b>. Y si para ello hay que desmantelar la memoria c\u00edvica del pa\u00eds, que as\u00ed sea.<\/p>\n<p>Pero la ciudadan\u00eda no est\u00e1 obligada a aceptar esa narrativa. La defensa del patrimonio no es un capricho de eruditos: es la defensa de nuestra identidad, de la legalidad y del respeto a las instituciones republicanas. Lo que se exige hoy es simple: devolver el libro a su lugar, rescatar el edificio hist\u00f3rico y recordar que el poder no otorga derecho de propiedad sobre la memoria nacional.<\/p>\n<p>Porque la historia no se obsequia.\u00a0<b>Se custodia. Se respeta. Se protege.<\/b><\/p>\n<p><img data-recalc-dims=\"1\" loading=\"lazy\" decoding=\"async\" class=\"aligncenter size-full wp-image-75448\" src=\"https:\/\/i0.wp.com\/politicosaldesnudo.com.mx\/wp-content\/uploads\/2025\/11\/FIRMA-EDITORIAL-PD-6.jpg?resize=800%2C98&#038;ssl=1\" alt=\"\" width=\"800\" height=\"98\" srcset=\"https:\/\/i0.wp.com\/politicosaldesnudo.com.mx\/wp-content\/uploads\/2025\/11\/FIRMA-EDITORIAL-PD-6.jpg?w=1024&amp;ssl=1 1024w, https:\/\/i0.wp.com\/politicosaldesnudo.com.mx\/wp-content\/uploads\/2025\/11\/FIRMA-EDITORIAL-PD-6.jpg?resize=300%2C37&amp;ssl=1 300w, https:\/\/i0.wp.com\/politicosaldesnudo.com.mx\/wp-content\/uploads\/2025\/11\/FIRMA-EDITORIAL-PD-6.jpg?resize=768%2C94&amp;ssl=1 768w\" sizes=\"auto, (max-width: 800px) 100vw, 800px\" \/><\/p>\n","protected":false},"excerpt":{"rendered":"<p>En Veracruz hemos llegado al punto en que la historia ya no se honra:\u00a0se entrega, se manipula, se empaca como<\/p>\n","protected":false},"author":4,"featured_media":46060,"comment_status":"closed","ping_status":"closed","sticky":false,"template":"","format":"standard","meta":{"colormag_page_container_layout":"default_layout","colormag_page_sidebar_layout":"default_layout","_jetpack_memberships_contains_paid_content":false,"footnotes":"","jetpack_publicize_message":"","jetpack_publicize_feature_enabled":true,"jetpack_social_post_already_shared":true,"jetpack_social_options":{"image_generator_settings":{"template":"highway","default_image_id":0,"font":"","enabled":false},"version":2}},"categories":[26],"tags":[],"class_list":["post-75606","post","type-post","status-publish","format-standard","has-post-thumbnail","hentry","category-columnistas"],"jetpack_publicize_connections":[],"jetpack_featured_media_url":"https:\/\/i0.wp.com\/politicosaldesnudo.com.mx\/wp-content\/uploads\/2024\/09\/CRISTIANI-2.jpg?fit=800%2C445&ssl=1","jetpack-related-posts":[],"jetpack_sharing_enabled":true,"_links":{"self":[{"href":"https:\/\/politicosaldesnudo.com.mx\/index.php\/wp-json\/wp\/v2\/posts\/75606","targetHints":{"allow":["GET"]}}],"collection":[{"href":"https:\/\/politicosaldesnudo.com.mx\/index.php\/wp-json\/wp\/v2\/posts"}],"about":[{"href":"https:\/\/politicosaldesnudo.com.mx\/index.php\/wp-json\/wp\/v2\/types\/post"}],"author":[{"embeddable":true,"href":"https:\/\/politicosaldesnudo.com.mx\/index.php\/wp-json\/wp\/v2\/users\/4"}],"replies":[{"embeddable":true,"href":"https:\/\/politicosaldesnudo.com.mx\/index.php\/wp-json\/wp\/v2\/comments?post=75606"}],"version-history":[{"count":0,"href":"https:\/\/politicosaldesnudo.com.mx\/index.php\/wp-json\/wp\/v2\/posts\/75606\/revisions"}],"wp:featuredmedia":[{"embeddable":true,"href":"https:\/\/politicosaldesnudo.com.mx\/index.php\/wp-json\/wp\/v2\/media\/46060"}],"wp:attachment":[{"href":"https:\/\/politicosaldesnudo.com.mx\/index.php\/wp-json\/wp\/v2\/media?parent=75606"}],"wp:term":[{"taxonomy":"category","embeddable":true,"href":"https:\/\/politicosaldesnudo.com.mx\/index.php\/wp-json\/wp\/v2\/categories?post=75606"},{"taxonomy":"post_tag","embeddable":true,"href":"https:\/\/politicosaldesnudo.com.mx\/index.php\/wp-json\/wp\/v2\/tags?post=75606"}],"curies":[{"name":"wp","href":"https:\/\/api.w.org\/{rel}","templated":true}]}}